{"id":30420,"date":"2023-06-19T17:47:43","date_gmt":"2023-06-19T22:47:43","guid":{"rendered":"https:\/\/darkgoldenrod-ibex-179495.hostingersite.com\/?p=30420"},"modified":"2023-06-19T17:57:29","modified_gmt":"2023-06-19T22:57:29","slug":"analistas-preocupados-por-cuentas-fiscales","status":"publish","type":"post","link":"https:\/\/aclco.co\/en\/analistas-preocupados-por-cuentas-fiscales\/","title":{"rendered":"Analistas, preocupados por las cuentas fiscales para 2024"},"content":{"rendered":"<div data-elementor-type=\"wp-post\" data-elementor-id=\"30420\" class=\"elementor elementor-30420\" data-elementor-post-type=\"post\">\n\t\t\t\t<div class=\"elementor-element elementor-element-4fb1ef3 e-flex e-con-boxed e-con e-parent\" data-id=\"4fb1ef3\" data-element_type=\"container\" data-e-type=\"container\">\n\t\t\t\t\t<div class=\"e-con-inner\">\n\t\t\t\t<div class=\"elementor-element elementor-element-e2d721e elementor-widget elementor-widget-text-editor\" data-id=\"e2d721e\" data-element_type=\"widget\" data-e-type=\"widget\" data-widget_type=\"text-editor.default\">\n\t\t\t\t\t\t\t\t\t<p><span style=\"font-weight: 400;\">Con la actualizaci\u00f3n de proyecciones en el Marco Fiscal de Mediano Plazo que present\u00f3 el Gobierno esta semana, se increment\u00f3 la expectativa de crecimiento de este a\u00f1o a 1,8%, y Hacienda empez\u00f3 a hacer sus cuentas con un d\u00f3lar en $4.640 y un petr\u00f3leo en US$78,6, m\u00e1s bajos que lo que estimaban en febrero.<\/span><\/p><p><span style=\"font-weight: 400;\">As\u00ed mismo, el Gobierno espera una inflaci\u00f3n en 9,2% al cierre del a\u00f1o y que el balance de cuenta corriente sea -4% y no -3,7%, como preve\u00eda originalmente. Un indicador que llam\u00f3 especialmente la atenci\u00f3n fue el d\u00e9ficit fiscal, que para este a\u00f1o se proyecta en -4,3%, y no en 3,8%, como esperaba el <a href=\"https:\/\/darkgoldenrod-ibex-179495.hostingersite.com\/contabilidad\/la-importancia-de-saber-a-quien-contratar\/\" target=\"_blank\" rel=\"noopener\">Plan Financiero<\/a> presentado en diciembre.<\/span><\/p><p><span style=\"font-weight: 400;\">Camilo P\u00e9rez, director de investigaciones econ\u00f3micas de Banco de Bogot\u00e1, indic\u00f3 que para el Marco Fiscal hay tres temas para revisar. \u201cFrente a los supuestos macroecon\u00f3micos, el crecimiento, la inflaci\u00f3n, el precio del petr\u00f3leo&#8230; La visi\u00f3n que tenemos es que son razonables y est\u00e1n alineados con las proyecciones que tenemos los analistas\u201d, dijo.<\/span><\/p><p><span style=\"font-weight: 400;\">Pero tambi\u00e9n destac\u00f3 que, si bien la estimaci\u00f3n de la tasa de cambio es alta, si termina siendo m\u00e1s baja, el Gobierno pagar\u00eda menos en deuda externa, y eso lo ayudar\u00eda y le dar\u00eda algo de margen de maniobra.<\/span><\/p><p><span style=\"font-weight: 400;\">\u201cEn el d\u00e9ficit fiscal la revisi\u00f3n fue al alza, eso s\u00ed no son noticias favorables. El Gobierno ya ven\u00eda sugiriendo un d\u00e9ficit mayor, pero lo que es una mala noticia es el d\u00e9ficit de 2024, en 4,5%, m\u00e1s alto que el de este a\u00f1o\u201d, asegur\u00f3 P\u00e9rez, y cuestion\u00f3 c\u00f3mo esto interrumpe la tendencia de mejora que ven\u00eda en las cifras fiscales desde 2021, e implica tambi\u00e9n una mayor deuda.\u00a0<\/span><\/p><p><span style=\"font-weight: 400;\">Seg\u00fan el Marco Fiscal de Mediano Plazo, la deuda neta bajar\u00eda a 55,8% como proporci\u00f3n del PIB este a\u00f1o, pero en 2024 aumentar\u00eda a 57,1%, para as\u00ed converger al ancla de 55% en un horizonte de diez a\u00f1os.<\/span><span style=\"font-weight: 400;\"><br \/><\/span><span style=\"font-weight: 400;\"><br \/><\/span><span style=\"font-weight: 400;\"> Jos\u00e9 Ignacio L\u00f3pez, director ejecutivo de investigaciones econ\u00f3micas de Corficolombiana, coment\u00f3 tambi\u00e9n que, en cuanto a los estimativos de deuda, le parece que \u201ces una se\u00f1al negativa que el otro a\u00f1o exista un rebote y sea por las amortizaciones de deuda que habr\u00e1. Hacienda debi\u00f3 m\u00e1s activo en canjes\u201d, dijo.<\/span><\/p><p><span style=\"font-weight: 400;\">Para Daniel Velandia, director ejecutivo de investigaciones y economista jefe de Credicorp Capital, \u201clos supuestos econ\u00f3micos son bastante m\u00e1s realistas\u201d.<\/span><\/p><p><span style=\"font-weight: 400;\">Asegur\u00f3 que incluso el estimado para el precio del petr\u00f3leo parece ser algo conservador, y que el d\u00f3lar ser\u00eda relativamente alto.<\/span><\/p><p><span style=\"font-weight: 400;\">Hay un deterioro significativo frente a lo que se esperaba inicialmente, porque el d\u00e9ficit para este a\u00f1o de una manera u otra ya se ven\u00eda anunciando que iba a ser superior al 4%, pero para el otro a\u00f1o hubo un deterioro de casi un punto porcentual en la estimaci\u00f3n, porque el Marco Fiscal anterior hablaba de 2,6% y ahora ser\u00e1 de 4,5%.<\/span><\/p><p><b>Visi\u00f3n del mercado<\/b><\/p><p><span style=\"font-weight: 400;\">Desde Corficolombiana, L\u00f3pez destac\u00f3 que habr\u00e1 una mayor emisi\u00f3n de TES en 2023 por un monto de $7 billones, con respecto a lo estimado en el Plan Financiero y habr\u00eda un prefinanciamiento y que, en 2024, el monto de emisiones aumentar\u00eda en cerca de $2.7 billones.<\/span><\/p><p><span style=\"font-weight: 400;\">\u201cEsto para el mercado ayer fue negativo. Los TES en tasa fija en promedio aumentaron 13 puntos b\u00e1sicos frente al cierre del mi\u00e9rcoles, mientras tesoros americanos cayeron 6 puntos b\u00e1sicos en promedio\u201d, indic\u00f3.<\/span><\/p><p><span style=\"font-weight: 400;\">Igualmente, Camilo P\u00e9rez coment\u00f3 que si bien las calificadoras han estado positivas frente a Colombia, hacia adelante puede haber ahora cuestionamientos sobre esa senda de interrupci\u00f3n del ajuste fiscal y un \u201cd\u00e9ficit mayor\u201d.<\/span><\/p><p><span style=\"font-weight: 400;\">Fuente: <a href=\"https:\/\/www.portafolio.co\/\" target=\"_blank\" rel=\"noopener\"><strong>Portafolio<\/strong><\/a><\/span><\/p>\t\t\t\t\t\t\t\t<\/div>\n\t\t\t\t\t<\/div>\n\t\t\t\t<\/div>\n\t\t\t\t<\/div>","protected":false},"excerpt":{"rendered":"<p>Con la actualizaci\u00f3n de proyecciones en el Marco Fiscal de Mediano Plazo que present\u00f3 el Gobierno esta semana, se increment\u00f3 la expectativa de crecimiento de este a\u00f1o a 1,8%, y Hacienda empez\u00f3 a hacer sus cuentas con un d\u00f3lar en $4.640 y un petr\u00f3leo en US$78,6, m\u00e1s bajos que lo que estimaban en febrero. As\u00ed [&hellip;]<\/p>","protected":false},"author":4,"featured_media":30421,"comment_status":"open","ping_status":"open","sticky":false,"template":"","format":"standard","meta":{"_joinchat":[],"footnotes":""},"categories":[36,27],"tags":[],"class_list":["post-30420","post","type-post","status-publish","format-standard","has-post-thumbnail","hentry","category-contabilidad","category-noticias-acl"],"_links":{"self":[{"href":"https:\/\/aclco.co\/en\/wp-json\/wp\/v2\/posts\/30420","targetHints":{"allow":["GET"]}}],"collection":[{"href":"https:\/\/aclco.co\/en\/wp-json\/wp\/v2\/posts"}],"about":[{"href":"https:\/\/aclco.co\/en\/wp-json\/wp\/v2\/types\/post"}],"author":[{"embeddable":true,"href":"https:\/\/aclco.co\/en\/wp-json\/wp\/v2\/users\/4"}],"replies":[{"embeddable":true,"href":"https:\/\/aclco.co\/en\/wp-json\/wp\/v2\/comments?post=30420"}],"version-history":[{"count":5,"href":"https:\/\/aclco.co\/en\/wp-json\/wp\/v2\/posts\/30420\/revisions"}],"predecessor-version":[{"id":30427,"href":"https:\/\/aclco.co\/en\/wp-json\/wp\/v2\/posts\/30420\/revisions\/30427"}],"wp:featuredmedia":[{"embeddable":true,"href":"https:\/\/aclco.co\/en\/wp-json\/wp\/v2\/media\/30421"}],"wp:attachment":[{"href":"https:\/\/aclco.co\/en\/wp-json\/wp\/v2\/media?parent=30420"}],"wp:term":[{"taxonomy":"category","embeddable":true,"href":"https:\/\/aclco.co\/en\/wp-json\/wp\/v2\/categories?post=30420"},{"taxonomy":"post_tag","embeddable":true,"href":"https:\/\/aclco.co\/en\/wp-json\/wp\/v2\/tags?post=30420"}],"curies":[{"name":"wp","href":"https:\/\/api.w.org\/{rel}","templated":true}]}}