{"id":30440,"date":"2023-06-23T16:44:08","date_gmt":"2023-06-23T21:44:08","guid":{"rendered":"https:\/\/darkgoldenrod-ibex-179495.hostingersite.com\/?p=30440"},"modified":"2023-06-23T16:52:41","modified_gmt":"2023-06-23T21:52:41","slug":"es-posible-facturar-en-otra-divisa","status":"publish","type":"post","link":"https:\/\/aclco.co\/en\/es-posible-facturar-en-otra-divisa\/","title":{"rendered":"\u00bfEs posible facturar en otra divisa sin hacer la conversi\u00f3n a pesos colombianos?"},"content":{"rendered":"<div data-elementor-type=\"wp-post\" data-elementor-id=\"30440\" class=\"elementor elementor-30440\" data-elementor-post-type=\"post\">\n\t\t\t\t<div class=\"elementor-element elementor-element-4fb1ef3 e-flex e-con-boxed e-con e-parent\" data-id=\"4fb1ef3\" data-element_type=\"container\" data-e-type=\"container\">\n\t\t\t\t\t<div class=\"e-con-inner\">\n\t\t\t\t<div class=\"elementor-element elementor-element-e2d721e elementor-widget elementor-widget-text-editor\" data-id=\"e2d721e\" data-element_type=\"widget\" data-e-type=\"widget\" data-widget_type=\"text-editor.default\">\n\t\t\t\t\t\t\t\t\t<p><span style=\"font-weight: 400;\">La Direcci\u00f3n de Impuestos y Aduanas Nacionales (DIAN) public\u00f3 el Concepto 100192467- 1963 del 12 de junio de 2023, por medio del cual resolvi\u00f3 la siguiente inquietud en torno a la <a href=\"https:\/\/darkgoldenrod-ibex-179495.hostingersite.com\/contabilidad\/la-importancia-de-saber-a-quien-contratar\/\" target=\"_blank\" rel=\"noopener\">facturaci\u00f3n electr\u00f3nica<\/a>:<\/span><\/p><p><span style=\"font-weight: 400;\">De acuerdo con la normativa vigente en Colombia, \u00bfes posible facturar en otra divisa sin hacer la conversi\u00f3n a pesos colombianos?<\/span><\/p><p><span style=\"font-weight: 400;\">El par\u00e1grafo 1 del art\u00edculo 1.1.3 del Decreto 1625 de 2016 indica que las operaciones que se realicen en una moneda distinta al d\u00f3lar estadounidense (USD) deben convertirse a esta divisa haciendo uso del tipo de cambio vigente en el d\u00eda de la operaci\u00f3n. Una vez realizado lo anterior, se debe hacer la conversi\u00f3n a pesos colombianos (COP) aplicando la tasa de cambio representativa del mercado (TRM) correspondiente a la fecha.<\/span><\/p><p><span style=\"font-weight: 400;\">Asimismo, la <\/span><span style=\"font-weight: 400;\">Resoluci\u00f3n 042 de 2020<\/span><span style=\"font-weight: 400;\"> y el<\/span> <span style=\"font-weight: 400;\">Oficio 901544 del 13 de mayo de 2020<\/span><span style=\"font-weight: 400;\"> s<\/span><span style=\"font-weight: 400;\">e\u00f1alan que en la facturaci\u00f3n electr\u00f3nica se debe hacer uso del idioma espa\u00f1ol y la moneda en pesos colombianos, sin perjuicio de expresar el valor de la factura tambi\u00e9n en otro idioma y otra moneda. As\u00ed pues, si bien no existe una prohibici\u00f3n expresa para facturar en otras divisas se debe hacer uso de la moneda legal en Colombia, por lo cual, en todos los casos, es necesario realizar la conversi\u00f3n a pesos colombianos.<\/span><\/p><p><b>FUENTE:\u00a0 <a href=\"https:\/\/incp.org.co\/\" target=\"_blank\" rel=\"noopener\">INCP-Instituto Colombiano de Contadores P\u00fablicos<\/a><\/b><\/p>\t\t\t\t\t\t\t\t<\/div>\n\t\t\t\t\t<\/div>\n\t\t\t\t<\/div>\n\t\t\t\t<\/div>","protected":false},"excerpt":{"rendered":"<p>La Direcci\u00f3n de Impuestos y Aduanas Nacionales (DIAN) public\u00f3 el Concepto 100192467- 1963 del 12 de junio de 2023, por medio del cual resolvi\u00f3 la siguiente inquietud en torno a la facturaci\u00f3n electr\u00f3nica: De acuerdo con la normativa vigente en Colombia, \u00bfes posible facturar en otra divisa sin hacer la conversi\u00f3n a pesos colombianos? El [&hellip;]<\/p>","protected":false},"author":4,"featured_media":30441,"comment_status":"open","ping_status":"open","sticky":false,"template":"","format":"standard","meta":{"_joinchat":[],"footnotes":""},"categories":[36,27,29],"tags":[],"class_list":["post-30440","post","type-post","status-publish","format-standard","has-post-thumbnail","hentry","category-contabilidad","category-noticias-acl","category-tributario"],"_links":{"self":[{"href":"https:\/\/aclco.co\/en\/wp-json\/wp\/v2\/posts\/30440","targetHints":{"allow":["GET"]}}],"collection":[{"href":"https:\/\/aclco.co\/en\/wp-json\/wp\/v2\/posts"}],"about":[{"href":"https:\/\/aclco.co\/en\/wp-json\/wp\/v2\/types\/post"}],"author":[{"embeddable":true,"href":"https:\/\/aclco.co\/en\/wp-json\/wp\/v2\/users\/4"}],"replies":[{"embeddable":true,"href":"https:\/\/aclco.co\/en\/wp-json\/wp\/v2\/comments?post=30440"}],"version-history":[{"count":5,"href":"https:\/\/aclco.co\/en\/wp-json\/wp\/v2\/posts\/30440\/revisions"}],"predecessor-version":[{"id":30447,"href":"https:\/\/aclco.co\/en\/wp-json\/wp\/v2\/posts\/30440\/revisions\/30447"}],"wp:featuredmedia":[{"embeddable":true,"href":"https:\/\/aclco.co\/en\/wp-json\/wp\/v2\/media\/30441"}],"wp:attachment":[{"href":"https:\/\/aclco.co\/en\/wp-json\/wp\/v2\/media?parent=30440"}],"wp:term":[{"taxonomy":"category","embeddable":true,"href":"https:\/\/aclco.co\/en\/wp-json\/wp\/v2\/categories?post=30440"},{"taxonomy":"post_tag","embeddable":true,"href":"https:\/\/aclco.co\/en\/wp-json\/wp\/v2\/tags?post=30440"}],"curies":[{"name":"wp","href":"https:\/\/api.w.org\/{rel}","templated":true}]}}