{"id":30457,"date":"2023-06-26T16:07:00","date_gmt":"2023-06-26T21:07:00","guid":{"rendered":"https:\/\/darkgoldenrod-ibex-179495.hostingersite.com\/?p=30457"},"modified":"2023-06-26T16:21:06","modified_gmt":"2023-06-26T21:21:06","slug":"peros-de-asofondos-al-proyecto-de-reforma","status":"publish","type":"post","link":"https:\/\/aclco.co\/en\/peros-de-asofondos-al-proyecto-de-reforma\/","title":{"rendered":"Los &#8216;peros&#8217; de Asofondos al proyecto de reforma pensional de Petro"},"content":{"rendered":"<div data-elementor-type=\"wp-post\" data-elementor-id=\"30457\" class=\"elementor elementor-30457\" data-elementor-post-type=\"post\">\n\t\t\t\t<div class=\"elementor-element elementor-element-4fb1ef3 e-flex e-con-boxed e-con e-parent\" data-id=\"4fb1ef3\" data-element_type=\"container\" data-e-type=\"container\">\n\t\t\t\t\t<div class=\"e-con-inner\">\n\t\t\t\t<div class=\"elementor-element elementor-element-e2d721e elementor-widget elementor-widget-text-editor\" data-id=\"e2d721e\" data-element_type=\"widget\" data-e-type=\"widget\" data-widget_type=\"text-editor.default\">\n\t\t\t\t\t\t\t\t\t<p>A pesar de un turbulento fin de legislatura, cuyo desenlace es recordado por el hundimiento del proyecto de <b>reforma laboral<\/b>\u00a0del\u00a0<b>presidente Gustavo Petro<\/b>, una de las proposiciones de reestructuraci\u00f3n que hicieron parte del paquete de articulados presentados por el jefe de Estado que logro pasar con vida para la pr\u00f3xima legislatura es la<b>\u00a0reforma pensional<\/b>.<\/p><p>Este proyecto de ley no se ha salvado de la pol\u00e9mica, pues frente a esta propuesta han existido opiniones divididas respecto a su funcionalidad o su viabilidad, siendo defendida por el mismo Gobierno y cuestionado por sectores de oposici\u00f3n y de varias entidades de pensi\u00f3n de ahorro individual, mejor conocidos como los fondos privados.<\/p><p><b>Santiago Montenegro, presidente de Asofondos<\/b>, opina que, en efecto, la reforma que apoya el presidente tiene aspectos que se pueden destacar, pero hay otros que pueden ser muy delicados para el sistema.<\/p><div id=\"p584986-m234-4-235\" class=\"highlighted\"><h4 id=\"m239-238-240\" class=\"tiemposBold3\"><strong>\u00bfC\u00faales son los problemas?<\/strong><\/h4><\/div><p id=\"p584986-m246-5-247\" class=\"parrafo\">Desde Asofondos se explica que son varios los puntos de la reforma que resultan cr\u00edticos y que, con urgencia,<b>\u00a0tienen que ser modificados en los debates que tendr\u00e1 el <a href=\"https:\/\/darkgoldenrod-ibex-179495.hostingersite.com\/uncategorized\/en-que-va-el-proyecto-e-implementacion-de-la-niif-17\/\" target=\"_blank\" rel=\"noopener\">proyecto<\/a> de ley en la pr\u00f3xima legislatura.<\/b><\/p><p><b>1.<\/b>\u00a0 Se podr\u00eda perder la propiedad de los ahorros individuales debido a la proposici\u00f3n de dividir en dos al pilar contributivo y trasladar a las personas que ganen hasta los tres salarios m\u00ednimos al fondo de prima media (Colpensiones). Seg\u00fan cifras de la organizaci\u00f3n,\u00a0<b>el 90 % de los trabajadores, se quedar\u00edan si la propiedad de su flujo de ahorro de pensi\u00f3n.<\/b><br \/><br \/><b>2.<\/b>\u00a0Este nuevo r\u00e9gimen obligar\u00eda a que los trabajadores que devengan hasta tres salarios m\u00ednimos a cotizar en Colpensiones. \u00ab<i>La libertad de elecci\u00f3n es muy valorada por los colombianos, pues actualmente se permite que todos elijamos qu\u00e9 entidad administre nuestro ahorro y ofrezca las mejores rentabilidades\u00bb,\u00a0<\/i>dijo Montenegro, citado por &#8216;Valora Analitik&#8217;.<\/p><p><b>3.<\/b>\u00a0En caso de aprobarse el proyecto de ley,\u00a0<b>los trabajadores no tendr\u00e1n la posibilidad de trasladar sus ahorros a sus hijos mayores de edad u otros familiares de hasta quinto grado de consanguinidad a modo de herencia.<\/b><br \/><br \/><b>4.<\/b>\u00a0Seg\u00fan Asofondos, se acabar\u00eda la posibilidad de que los cotizantes perder\u00edan la posibilidad de pensionarse antes de cumplir la edad requerida de pensi\u00f3n, algo que el sistema vigente, reglamentado en la\u00a0<b>Ley 100<\/b>, permite en caso de que se completen las semanas requeridas para jubilarse.<\/p><p><b>5.<\/b>\u00a0El\u00a0<b>ahorro previsional<\/b>\u00a0y el\u00a0<b>ahorro macroecon\u00f3mico<\/b>, seg\u00fan la entidad, tambi\u00e9n se ver\u00eda afectada en caso de que la reforma sea aprobada. \u00ab<i>Estimamos que solo una quinta parte de las contribuciones ser\u00e1n ahorradas y el resto se ir\u00e1 al fondo com\u00fan a pagar las pensiones de quienes ya est\u00e1n pensionados en Colpensiones<\/i>\u00ab, agreg\u00f3 Montenegro.<br \/><br \/><b>6.<\/b>\u00a0Dado a varios cambios en el\u00a0<b>\u00e1mbito demogr\u00e1fico\u00a0<\/b>del pa\u00eds, la iniciativa de crear un fondo pensional com\u00fan, seg\u00fan menciona Asofondos, no ser\u00eda sostenible: \u00ab<i>Mientras que los pa\u00edses en el mundo fortalecen el ahorro, en Colombia nos movemos en la direcci\u00f3n contraria. El ahorro acumulado, hoy en unos $372 billones, equivalente a un 25 % del PIB, caer\u00e1 a 10 % hacia 2050<\/i>\u00ab.<\/p><div id=\"p584986-m278-7-279\" class=\"highlighted\"><h4 id=\"m283-282-284\" class=\"tiemposBold3\"><strong>Lo que propone<\/strong><\/h4><\/div><p id=\"p584986-m290-8-291\" class=\"parrafo\">Desde Asofondos se menciona que, a pesar de que el proyecto de ley se queda corto para atender las deficiencias que tiene el sistema pensional vigente,\u00a0<b>es necesario que se busque atender varios puntos importantes.<\/b><br \/><br \/>Un ejemplo es considerar la transici\u00f3n demogr\u00e1fica y el crecimiento de la vejez en la poblaci\u00f3n, a la vez que hacer un ajuste al pilar contributivo para que las personas que no alcancen a pensionarse puedan recibir un subsidio solidario.<br \/><br \/>\u00ab<i>Pero, como qued\u00f3 el proyecto, un trabajador que cotiz\u00f3 sobre un salario m\u00ednimo recibir\u00e1 solo unos $90.000 mensuales, mientras que con una AFP recibir\u00eda $202.000<\/i>\u00ab, se menciona desde Asofondos.<br \/><br \/>Otra recomendaci\u00f3n es\u00a0<b>apuntar a eliminar subsidios a los trabajadores que tengan ingresos altos<\/b>\u00a0y, por \u00faltimo,\u00a0<b>garantizar la libertad de elecci\u00f3n de los trabajadores sobre el fondo de pensi\u00f3n que prefieran.<\/b><br \/><br \/>\u00ab<i>Creemos que los colombianos deben poder elegir qui\u00e9n le administra su ahorro, y que cada afiliado debe tener siempre una cuenta con este ahorro a su nombre. Esto, independientemente de c\u00f3mo se liquide la pensi\u00f3n cuando llegue a la edad de ley<\/i>\u00ab, mencion\u00f3 Montenegro.<\/p><p><strong>Fuente: <a href=\"https:\/\/www.portafolio.co\/\" target=\"_blank\" rel=\"noopener\">Portafolio<\/a><\/strong><\/p><p>\u00a0<\/p>\t\t\t\t\t\t\t\t<\/div>\n\t\t\t\t\t<\/div>\n\t\t\t\t<\/div>\n\t\t\t\t<\/div>","protected":false},"excerpt":{"rendered":"<p>A pesar de un turbulento fin de legislatura, cuyo desenlace es recordado por el hundimiento del proyecto de reforma laboral&nbsp;del&nbsp;presidente Gustavo Petro, una de las proposiciones de reestructuraci\u00f3n que hicieron parte del paquete de articulados presentados por el jefe de Estado que logro pasar con vida para la pr\u00f3xima legislatura es la&nbsp;reforma pensional. Este proyecto [&hellip;]<\/p>","protected":false},"author":4,"featured_media":30458,"comment_status":"open","ping_status":"open","sticky":false,"template":"","format":"standard","meta":{"_joinchat":[],"footnotes":""},"categories":[27,34],"tags":[],"class_list":["post-30457","post","type-post","status-publish","format-standard","has-post-thumbnail","hentry","category-noticias-acl","category-laboral"],"_links":{"self":[{"href":"https:\/\/aclco.co\/en\/wp-json\/wp\/v2\/posts\/30457","targetHints":{"allow":["GET"]}}],"collection":[{"href":"https:\/\/aclco.co\/en\/wp-json\/wp\/v2\/posts"}],"about":[{"href":"https:\/\/aclco.co\/en\/wp-json\/wp\/v2\/types\/post"}],"author":[{"embeddable":true,"href":"https:\/\/aclco.co\/en\/wp-json\/wp\/v2\/users\/4"}],"replies":[{"embeddable":true,"href":"https:\/\/aclco.co\/en\/wp-json\/wp\/v2\/comments?post=30457"}],"version-history":[{"count":5,"href":"https:\/\/aclco.co\/en\/wp-json\/wp\/v2\/posts\/30457\/revisions"}],"predecessor-version":[{"id":30464,"href":"https:\/\/aclco.co\/en\/wp-json\/wp\/v2\/posts\/30457\/revisions\/30464"}],"wp:featuredmedia":[{"embeddable":true,"href":"https:\/\/aclco.co\/en\/wp-json\/wp\/v2\/media\/30458"}],"wp:attachment":[{"href":"https:\/\/aclco.co\/en\/wp-json\/wp\/v2\/media?parent=30457"}],"wp:term":[{"taxonomy":"category","embeddable":true,"href":"https:\/\/aclco.co\/en\/wp-json\/wp\/v2\/categories?post=30457"},{"taxonomy":"post_tag","embeddable":true,"href":"https:\/\/aclco.co\/en\/wp-json\/wp\/v2\/tags?post=30457"}],"curies":[{"name":"wp","href":"https:\/\/api.w.org\/{rel}","templated":true}]}}