{"id":30524,"date":"2023-07-06T15:48:17","date_gmt":"2023-07-06T20:48:17","guid":{"rendered":"https:\/\/darkgoldenrod-ibex-179495.hostingersite.com\/?p=30524"},"modified":"2023-07-06T16:03:35","modified_gmt":"2023-07-06T21:03:35","slug":"el-nino-podria-traer-perdidas-de-37-billones","status":"publish","type":"post","link":"https:\/\/aclco.co\/en\/el-nino-podria-traer-perdidas-de-37-billones\/","title":{"rendered":"El Ni\u00f1o podr\u00eda traer p\u00e9rdidas de $3,7 billones por reducci\u00f3n en productividad laboral"},"content":{"rendered":"<div data-elementor-type=\"wp-post\" data-elementor-id=\"30524\" class=\"elementor elementor-30524\" data-elementor-post-type=\"post\">\n\t\t\t\t<div class=\"elementor-element elementor-element-4fb1ef3 e-flex e-con-boxed e-con e-parent\" data-id=\"4fb1ef3\" data-element_type=\"container\" data-e-type=\"container\">\n\t\t\t\t\t<div class=\"e-con-inner\">\n\t\t\t\t<div class=\"elementor-element elementor-element-e2d721e elementor-widget elementor-widget-text-editor\" data-id=\"e2d721e\" data-element_type=\"widget\" data-e-type=\"widget\" data-widget_type=\"text-editor.default\">\n\t\t\t\t\t\t\t\t\t<div class=\"news finanzasSect\"><div class=\"html-content\"><p>El fen\u00f3meno de El Ni\u00f1o, ya declarado a nivel global, podr\u00eda tener impacto en la productividad laboral, y por ende, p\u00e9rdidas econ\u00f3micas. Esto porque el evento clim\u00e1tico puede traer estr\u00e9s cal\u00f3rico, fatiga mental o f\u00edsica en los trabajadores, escasez de mano de obra, racionamiento de agua y energ\u00eda, y el incremento de costos asociados. En Colombia, esto podr\u00eda significar p\u00e9rdidas de $3,7 billones.<\/p><p>A nivel internacional ya se ha corroborado el impacto que el evento clim\u00e1tico puede tener en t\u00e9rminos de productividad y costos laborales. El <a href=\"https:\/\/darkgoldenrod-ibex-179495.hostingersite.com\/banco-de-bogota-va-por-el-millon-de-arboles\/\" target=\"_blank\" rel=\"noopener\">Banco<\/a> Mundial adelant\u00f3 un estudio en 2019 en el que se encontr\u00f3 que los periodos de sequ\u00eda producen una disminuci\u00f3n de 0,6% en las horas laborales de los trabajadores formales.<\/p><div class=\"news economiaSect\"><div class=\"html-content\"><p>La peor parte la llevan los trabajadores informales, cuyas horas trabajadas se reducen en 4,5 %, lo que genera una p\u00e9rdida de 6,4% en sus ingresos laborales mensuales.<\/p><p>Teniendo este estudio como referencia, el Consejo Colombiano de Seguridad (CCS) estim\u00f3 el impacto de El Ni\u00f1o generar\u00eda en el mercado laboral de las principales ciudades y \u00e1reas metropolitanas durante los pr\u00f3ximos 10 meses. Para realizar el c\u00e1lculo, se tom\u00f3 el salario promedio mensual reportado por el Observatorio Fiscal de la Universidad Javeriana, estimado en $2.098.239 para el sector formal y $901.246 para el sector informal.<\/p><p>De acuerdo a los resultados que se obtuvieron, la poblaci\u00f3n ocupada informal dejar\u00eda de percibir $2,88 billones, mientras que las p\u00e9rdidas para el sector formal alcanzar\u00edan $838.000 millones; es decir, un total de m\u00e1s de $3,7 billones.\u00a0Esta cifra equivale a aproximadamente 0,25 % del PIB nacional y casi 20 % de lo que pretende recaudar la m\u00e1s reciente reforma tributaria en 2023. Desagregando estas p\u00e9rdidas por ciudades, Bogot\u00e1 aportar\u00eda $1,08 billones, seguida por Medell\u00edn ($592.000 millones), Cali ($386.000 millones) y Barranquilla ($343.000 millones).<\/p><p>En el caso del sector informal, el costo lo asume el propio trabajador, dejando de percibir esos ingresos, o trabajando m\u00e1s horas al d\u00eda para reponer dichas p\u00e9rdidas. Por el contrario, para el sector formal, este costo lo asume el empleador, al disminuir las horas trabajadas de sus colaboradores, o teniendo que asumir el costo de horas extras.<\/p><p>Adriana Solano Luque, presidenta ejecutiva del Consejo Colombiano de Seguridad, explic\u00f3 que \u00abla reducci\u00f3n de 6,4 % en los ingresos laborales de los trabajadores informales durante las sequ\u00edas es motivo de preocupaci\u00f3n ya que dificulta a\u00fan m\u00e1s los esfuerzos para reducir la pobreza, especialmente en el contexto actual\u00bb.\u00a0Solano tambi\u00e9n hizo la salvedad de que el impacto puede ser mucho mayor ya que el an\u00e1lisis no contempl\u00f3 ciudades intermedias, peque\u00f1os municipios, cascos urbanos y \u00e1reas rurales donde se concentra un gran porcentaje de los trabajadores informales, ligados particularmente a las actividades agropecuarias.<\/p><p><strong>\u00bfPor qu\u00e9 El Ni\u00f1o deteriora la productividad?<\/strong><\/p><p>De acuerdo con la Organizaci\u00f3n Internacional del Trabajo (OIT), cuando la temperatura supera los 33 grados cent\u00edgrados, con una intensidad de trabajo moderada, los trabajadores pierden hasta 50% de su capacidad laboral.\u00a0Incluso, pueden fallecer si la temperatura supera los 40,6 grados cent\u00edgrados.<\/p><p>Se generan efectos negativos para la salud ya que la presencia prolongada en ambientes muy calurosos puede resultar en un aumento excesivo de la temperatura corporal y desencadenar emergencias. En el sector formal, por ejemplo, los trabajadores que laboran en espacios cerrados como f\u00e1bricas y oficinas enfrentan riesgos si los niveles de temperatura no se controlan adecuadamente.<\/p><p>Esto, trasladado a las empresas, se puede traducir en una escasez de mano de obra en \u00e1reas mal acondicionadas donde las personas no est\u00e1n dispuestas a trabajar por el salario actual. Aunque los trabajadores en ambientes climatizados estar\u00e1n mucho m\u00e1s c\u00f3modos y ser\u00e1n m\u00e1s productivos, las organizaciones deber\u00e1n costear el incremento en el consumo de energ\u00eda, recurso que se limita en temporadas secas debido al descenso en el nivel de los embalses.<\/p><\/div><\/div><\/div><\/div><div class=\"mt-5\"><strong>Fuente: <a href=\"https:\/\/www.larepublica.co\/\" target=\"_blank\" rel=\"noopener\">La Rep\u00fablica<\/a><\/strong><\/div>\t\t\t\t\t\t\t\t<\/div>\n\t\t\t\t\t<\/div>\n\t\t\t\t<\/div>\n\t\t\t\t<\/div>","protected":false},"excerpt":{"rendered":"<p>El fen\u00f3meno de El Ni\u00f1o, ya declarado a nivel global, podr\u00eda tener impacto en la productividad laboral, y por ende, p\u00e9rdidas econ\u00f3micas. Esto porque el evento clim\u00e1tico puede traer estr\u00e9s cal\u00f3rico, fatiga mental o f\u00edsica en los trabajadores, escasez de mano de obra, racionamiento de agua y energ\u00eda, y el incremento de costos asociados. En [&hellip;]<\/p>","protected":false},"author":4,"featured_media":30525,"comment_status":"open","ping_status":"open","sticky":false,"template":"","format":"standard","meta":{"_joinchat":[],"footnotes":""},"categories":[27,36,35,34],"tags":[],"class_list":["post-30524","post","type-post","status-publish","format-standard","has-post-thumbnail","hentry","category-noticias-acl","category-contabilidad","category-economia-finanzas","category-laboral"],"_links":{"self":[{"href":"https:\/\/aclco.co\/en\/wp-json\/wp\/v2\/posts\/30524","targetHints":{"allow":["GET"]}}],"collection":[{"href":"https:\/\/aclco.co\/en\/wp-json\/wp\/v2\/posts"}],"about":[{"href":"https:\/\/aclco.co\/en\/wp-json\/wp\/v2\/types\/post"}],"author":[{"embeddable":true,"href":"https:\/\/aclco.co\/en\/wp-json\/wp\/v2\/users\/4"}],"replies":[{"embeddable":true,"href":"https:\/\/aclco.co\/en\/wp-json\/wp\/v2\/comments?post=30524"}],"version-history":[{"count":5,"href":"https:\/\/aclco.co\/en\/wp-json\/wp\/v2\/posts\/30524\/revisions"}],"predecessor-version":[{"id":30530,"href":"https:\/\/aclco.co\/en\/wp-json\/wp\/v2\/posts\/30524\/revisions\/30530"}],"wp:featuredmedia":[{"embeddable":true,"href":"https:\/\/aclco.co\/en\/wp-json\/wp\/v2\/media\/30525"}],"wp:attachment":[{"href":"https:\/\/aclco.co\/en\/wp-json\/wp\/v2\/media?parent=30524"}],"wp:term":[{"taxonomy":"category","embeddable":true,"href":"https:\/\/aclco.co\/en\/wp-json\/wp\/v2\/categories?post=30524"},{"taxonomy":"post_tag","embeddable":true,"href":"https:\/\/aclco.co\/en\/wp-json\/wp\/v2\/tags?post=30524"}],"curies":[{"name":"wp","href":"https:\/\/api.w.org\/{rel}","templated":true}]}}