{"id":30539,"date":"2023-07-10T16:46:07","date_gmt":"2023-07-10T21:46:07","guid":{"rendered":"https:\/\/darkgoldenrod-ibex-179495.hostingersite.com\/?p=30539"},"modified":"2023-07-10T18:14:44","modified_gmt":"2023-07-10T23:14:44","slug":"tarifas-de-taxis-subiran-por-alza-en-precio-de-gasolina","status":"publish","type":"post","link":"https:\/\/aclco.co\/en\/tarifas-de-taxis-subiran-por-alza-en-precio-de-gasolina\/","title":{"rendered":"MinTransporte advierte que las tarifas de taxis subir\u00e1n por alza en precio de gasolina"},"content":{"rendered":"<div data-elementor-type=\"wp-post\" data-elementor-id=\"30539\" class=\"elementor elementor-30539\" data-elementor-post-type=\"post\">\n\t\t\t\t<div class=\"elementor-element elementor-element-4fb1ef3 e-flex e-con-boxed e-con e-parent\" data-id=\"4fb1ef3\" data-element_type=\"container\" data-e-type=\"container\">\n\t\t\t\t\t<div class=\"e-con-inner\">\n\t\t\t\t<div class=\"elementor-element elementor-element-e2d721e elementor-widget elementor-widget-text-editor\" data-id=\"e2d721e\" data-element_type=\"widget\" data-e-type=\"widget\" data-widget_type=\"text-editor.default\">\n\t\t\t\t\t\t\t\t\t<div class=\"news finanzasSect\"><div class=\"html-content\"><div class=\"news economiaSect\"><div class=\"html-content\"><p>Luego de dos meses consecutivos de alzas en el precio del gal\u00f3n de la gasolina para <a href=\"https:\/\/darkgoldenrod-ibex-179495.hostingersite.com\/startup-estrena-herramienta-crediticia\/\" target=\"_blank\" rel=\"noopener\">Colombia<\/a>,\u00a0<strong><u>cerrando en $12.964 por gal\u00f3n<\/u><\/strong>, gremios del sector transporte han advertido que puede que esta tendencia alcista del combustible refiera en alza de tarifas de transporte como los taxis.<\/p><p>William Camargo, Ministro de Transporte, durante un encuentro regional de taxis, asegur\u00f3 que las tarifas del gremio de transporte deber\u00e1n ser ajustadas con las alzas del precio del combustible.<\/p><p>\u00abLa actualizaci\u00f3n de la tarifa es natural porque el costo del combustible ha subido entre el 16% y 18% de los que no se han actualizado las tarifas\u00bb, dice el jefe de Cartera.<\/p><p>Seg\u00fan explica Camargo,\u00a0el alza podr\u00e1 verse reflejada en unas pr\u00f3ximas tres a cuatro semanas, en donde tambi\u00e9n explic\u00f3 que el alza tambi\u00e9n responde a la baja demanda que est\u00e1 teniendo el gremio.<\/p><p>Hace unos d\u00edas, el directivo sostuvo, durante el encuentro regional de taxistas, el pacto para el cumplimiento de 17 compromisos para atender las necesidades laborales del gremio. Este, adem\u00e1s, estuvo relacionada con una agenda de movilidad sostenible.<\/p><p>Entre los compromisos se encuentra el dise\u00f1o de una estrategia para el manejo y control de la informalidad, y el no aumento de las tarifas.<\/p><\/div><\/div><\/div><\/div><div class=\"mt-5\"><strong>Fuente: <a href=\"https:\/\/www.larepublica.co\/\" target=\"_blank\" rel=\"noopener\">La Rep\u00fablica<\/a><\/strong><\/div>\t\t\t\t\t\t\t\t<\/div>\n\t\t\t\t\t<\/div>\n\t\t\t\t<\/div>\n\t\t\t\t<\/div>","protected":false},"excerpt":{"rendered":"<p>Luego de dos meses consecutivos de alzas en el precio del gal\u00f3n de la gasolina para Colombia,&nbsp;cerrando en $12.964 por gal\u00f3n, gremios del sector transporte han advertido que puede que esta tendencia alcista del combustible refiera en alza de tarifas de transporte como los taxis. William Camargo, Ministro de Transporte, durante un encuentro regional de [&hellip;]<\/p>","protected":false},"author":4,"featured_media":30540,"comment_status":"open","ping_status":"open","sticky":false,"template":"","format":"standard","meta":{"_joinchat":[],"footnotes":""},"categories":[27,36,35],"tags":[],"class_list":["post-30539","post","type-post","status-publish","format-standard","has-post-thumbnail","hentry","category-noticias-acl","category-contabilidad","category-economia-finanzas"],"_links":{"self":[{"href":"https:\/\/aclco.co\/en\/wp-json\/wp\/v2\/posts\/30539","targetHints":{"allow":["GET"]}}],"collection":[{"href":"https:\/\/aclco.co\/en\/wp-json\/wp\/v2\/posts"}],"about":[{"href":"https:\/\/aclco.co\/en\/wp-json\/wp\/v2\/types\/post"}],"author":[{"embeddable":true,"href":"https:\/\/aclco.co\/en\/wp-json\/wp\/v2\/users\/4"}],"replies":[{"embeddable":true,"href":"https:\/\/aclco.co\/en\/wp-json\/wp\/v2\/comments?post=30539"}],"version-history":[{"count":8,"href":"https:\/\/aclco.co\/en\/wp-json\/wp\/v2\/posts\/30539\/revisions"}],"predecessor-version":[{"id":30548,"href":"https:\/\/aclco.co\/en\/wp-json\/wp\/v2\/posts\/30539\/revisions\/30548"}],"wp:featuredmedia":[{"embeddable":true,"href":"https:\/\/aclco.co\/en\/wp-json\/wp\/v2\/media\/30540"}],"wp:attachment":[{"href":"https:\/\/aclco.co\/en\/wp-json\/wp\/v2\/media?parent=30539"}],"wp:term":[{"taxonomy":"category","embeddable":true,"href":"https:\/\/aclco.co\/en\/wp-json\/wp\/v2\/categories?post=30539"},{"taxonomy":"post_tag","embeddable":true,"href":"https:\/\/aclco.co\/en\/wp-json\/wp\/v2\/tags?post=30539"}],"curies":[{"name":"wp","href":"https:\/\/api.w.org\/{rel}","templated":true}]}}