{"id":30549,"date":"2023-07-11T09:50:39","date_gmt":"2023-07-11T14:50:39","guid":{"rendered":"https:\/\/darkgoldenrod-ibex-179495.hostingersite.com\/?p=30549"},"modified":"2023-07-11T10:09:49","modified_gmt":"2023-07-11T15:09:49","slug":"la-reduccion-en-la-jornada-laboral-subira-un-417","status":"publish","type":"post","link":"https:\/\/aclco.co\/en\/la-reduccion-en-la-jornada-laboral-subira-un-417\/","title":{"rendered":"La reducci\u00f3n en la jornada laboral subir\u00e1 un 4,17% los costos del sector de los bares"},"content":{"rendered":"<div data-elementor-type=\"wp-post\" data-elementor-id=\"30549\" class=\"elementor elementor-30549\" data-elementor-post-type=\"post\">\n\t\t\t\t<div class=\"elementor-element elementor-element-4fb1ef3 e-flex e-con-boxed e-con e-parent\" data-id=\"4fb1ef3\" data-element_type=\"container\" data-e-type=\"container\">\n\t\t\t\t\t<div class=\"e-con-inner\">\n\t\t\t\t<div class=\"elementor-element elementor-element-e2d721e elementor-widget elementor-widget-text-editor\" data-id=\"e2d721e\" data-element_type=\"widget\" data-e-type=\"widget\" data-widget_type=\"text-editor.default\">\n\t\t\t\t\t\t\t\t\t<div class=\"news finanzasSect\"><div class=\"html-content\"><div class=\"news economiaSect\"><div class=\"html-content\"><h5><strong>Asobares prev\u00e9 que la reducci\u00f3n de la <a href=\"https:\/\/darkgoldenrod-ibex-179495.hostingersite.com\/el-nino-podria-traer-perdidas-de-37-billones\/\" target=\"_blank\" rel=\"noopener\">jornada laboral<\/a>, seg\u00fan lo estipulado en la ley, genere en el sector un incremento de 4,17% de costos totales laborales por mes.<\/strong><\/h5><p>Reducir la jornada laboral de 48 horas a 42 horas parece ser un dolor de cabeza para los bares, o por lo menos, as\u00ed lo expres\u00f3\u00a0Asobares, que asegur\u00f3 que la ley 2101, que entrar\u00e1 en vigor el pr\u00f3ximo 15 de julio, representar\u00eda un aumento de costos para el sector e incluso afectar\u00eda la cantidad de personas formalizadas.<\/p><p>La noticia llega en un momento en el que, seg\u00fan las cifras del gremio, 77,97% de los establecimientos han reportado reducciones en sus utilidades, debido a la alta inflaci\u00f3n, que en el caso de las bebidas alcoh\u00f3licas lleg\u00f3 a 11,59% en mayo. Ahora que los altos n\u00fameros han empezado a dar tregua, se enfrentar\u00e1n al inicio de la reducci\u00f3n de una hora en la jornada laboral.<\/p><p>\u201cConsiderando el ingreso medio de los trabajadores del sector de bares y restaurantes se estima un incremento total de 142,86% de su costo marginal con la reducci\u00f3n de la jornada. Este porcentaje se traduce en un incremento de 4,17% de los costos totales laborales por mes\u201d, dijo Camilo Ospina Guzm\u00e1n, presidente de la junta directiva de Asobares.<\/p><p>Ante la reducci\u00f3n de esta jornada, LR contact\u00f3 con bares de las principales ciudades de Colombia, quienes compartieron la preocupaci\u00f3n del gremio. Juan Pablo Valenzuela, propietario de Oye Bonita en Medell\u00edn y l\u00edder de Asobares Antioquia, dijo que la medida\u00a0\u201cencarece la n\u00f3mina formalizada y promueve la informalidad\u201d.<\/p><p>Por su lado, Felipe Mart\u00ednez, quien es socio y DJ de Exc\u00e9ntrica Club en Bogot\u00e1, dijo que la ley los ha obligado a realizar ajustes en la planificaci\u00f3n y gesti\u00f3n del personal, sin embargo,\u00a0se han adaptado a esta situaci\u00f3n por medio de la optimizaci\u00f3n de recursos y una mayor eficiencia en la asignaci\u00f3n de tareas.<\/p><p>Adem\u00e1s, si bien la reducci\u00f3n de las horas laborales representar\u00e1 un reto para varios establecimientos, aquellos que tienen a sus empleados bajo la modalidad de turnos no se ver\u00edan tan afectados. Manuel Pineda, empresario en Cali y l\u00edder de Asobares Valle, dijo que no ven a la aplicaci\u00f3n de esta ley como una prioridad en los costos. \u201cTenemos una afectaci\u00f3n mucho m\u00e1s grande en la inflaci\u00f3n y en el incremento de impuestos. La mayor\u00eda de nuestro personal est\u00e1 contratado por turnos y no por n\u00f3mina fija, por lo cual el incremento en un recargo de unas horas no ser\u00eda representativo frente a los dem\u00e1s problemas que tenemos\u201d, dijo el empresario.<\/p><p>El sector tambi\u00e9n ha estado en la incertidumbre por la posibilidad de que haya un aumento de la jornada nocturna, el recargo nocturno y el dominincal. Seg\u00fan explicaron los representantes del gremio, el aumento de 25% para el recargo nocturno y el dominical en el contexto econ\u00f3mico actual ser\u00eda perjudicial para el sector.<\/p><p>Esto significar\u00eda que los bares y discotecas tendr\u00e1n que pagar cinco horas adicionales por 1,75 su valor entre semana y 2,5 veces su valor los fines de semana. \u201cAfectar\u00eda la cantidad de personas formalizadas ante la inviablilidad de los micronegocios de mantener este nivel de costo, a los precios que venden\u201d, concluy\u00f3 Ospina.<\/p><p><strong>Inflaci\u00f3n, otro problema para el sector<\/strong><\/p><p>La inflaci\u00f3n no ha sido ajena a los empresarios de los bares, pues estos tambi\u00e9n han sufrido fuertes aumentos en los precios, en medio de la escalada inflacionaria que se dio especialmente en el primer semestre. Estos insumos son necesarios para realizar las bebidas en dichos recintos. Juan M\u00e9ndez, due\u00f1o de Salvador en Bogot\u00e1, dijo que con los incrementos es dif\u00edcil asumir la situaci\u00f3n, porque est\u00e1n haciendo esfuerzos extra, pero solo para cubrir los costos y no para buscar ganancias. De igual forma, Gerhard Hodwalker, director administrativo de Nautilo en Barranquilla, expresa que las alzas han llegado hasta 30%.<\/p><\/div><\/div><\/div><\/div><div class=\"mt-5\"><strong>Fuente: <a href=\"https:\/\/www.larepublica.co\/\" target=\"_blank\" rel=\"noopener\">La Rep\u00fablica<\/a><\/strong><\/div>\t\t\t\t\t\t\t\t<\/div>\n\t\t\t\t\t<\/div>\n\t\t\t\t<\/div>\n\t\t\t\t<\/div>","protected":false},"excerpt":{"rendered":"<p>Asobares prev\u00e9 que la reducci\u00f3n de la jornada laboral, seg\u00fan lo estipulado en la ley, genere en el sector un incremento de 4,17% de costos totales laborales por mes. Reducir la jornada laboral de 48 horas a 42 horas parece ser un dolor de cabeza para los bares, o por lo menos, as\u00ed lo expres\u00f3&nbsp;Asobares, [&hellip;]<\/p>","protected":false},"author":4,"featured_media":30550,"comment_status":"open","ping_status":"open","sticky":false,"template":"","format":"standard","meta":{"_joinchat":[],"footnotes":""},"categories":[27,36,35,34],"tags":[],"class_list":["post-30549","post","type-post","status-publish","format-standard","has-post-thumbnail","hentry","category-noticias-acl","category-contabilidad","category-economia-finanzas","category-laboral"],"_links":{"self":[{"href":"https:\/\/aclco.co\/en\/wp-json\/wp\/v2\/posts\/30549","targetHints":{"allow":["GET"]}}],"collection":[{"href":"https:\/\/aclco.co\/en\/wp-json\/wp\/v2\/posts"}],"about":[{"href":"https:\/\/aclco.co\/en\/wp-json\/wp\/v2\/types\/post"}],"author":[{"embeddable":true,"href":"https:\/\/aclco.co\/en\/wp-json\/wp\/v2\/users\/4"}],"replies":[{"embeddable":true,"href":"https:\/\/aclco.co\/en\/wp-json\/wp\/v2\/comments?post=30549"}],"version-history":[{"count":5,"href":"https:\/\/aclco.co\/en\/wp-json\/wp\/v2\/posts\/30549\/revisions"}],"predecessor-version":[{"id":30556,"href":"https:\/\/aclco.co\/en\/wp-json\/wp\/v2\/posts\/30549\/revisions\/30556"}],"wp:featuredmedia":[{"embeddable":true,"href":"https:\/\/aclco.co\/en\/wp-json\/wp\/v2\/media\/30550"}],"wp:attachment":[{"href":"https:\/\/aclco.co\/en\/wp-json\/wp\/v2\/media?parent=30549"}],"wp:term":[{"taxonomy":"category","embeddable":true,"href":"https:\/\/aclco.co\/en\/wp-json\/wp\/v2\/categories?post=30549"},{"taxonomy":"post_tag","embeddable":true,"href":"https:\/\/aclco.co\/en\/wp-json\/wp\/v2\/tags?post=30549"}],"curies":[{"name":"wp","href":"https:\/\/api.w.org\/{rel}","templated":true}]}}