{"id":30558,"date":"2023-07-12T11:07:36","date_gmt":"2023-07-12T16:07:36","guid":{"rendered":"https:\/\/darkgoldenrod-ibex-179495.hostingersite.com\/?p=30558"},"modified":"2023-07-12T11:11:20","modified_gmt":"2023-07-12T16:11:20","slug":"minhacienda-preve-que-la-inflacion-cierre-95-y-el","status":"publish","type":"post","link":"https:\/\/aclco.co\/en\/minhacienda-preve-que-la-inflacion-cierre-95-y-el\/","title":{"rendered":"MinHacienda prev\u00e9 que la inflaci\u00f3n cierre 2023 en 9,5% y la tasa de inter\u00e9s baje a 11%"},"content":{"rendered":"<div data-elementor-type=\"wp-post\" data-elementor-id=\"30558\" class=\"elementor elementor-30558\" data-elementor-post-type=\"post\">\n\t\t\t\t<div class=\"elementor-element elementor-element-4fb1ef3 e-flex e-con-boxed e-con e-parent\" data-id=\"4fb1ef3\" data-element_type=\"container\" data-e-type=\"container\">\n\t\t\t\t\t<div class=\"e-con-inner\">\n\t\t\t\t<div class=\"elementor-element elementor-element-e2d721e elementor-widget elementor-widget-text-editor\" data-id=\"e2d721e\" data-element_type=\"widget\" data-e-type=\"widget\" data-widget_type=\"text-editor.default\">\n\t\t\t\t\t\t\t\t\t<div class=\"news finanzasSect\"><div class=\"html-content\"><div class=\"news economiaSect\"><div class=\"html-content\"><h5>El jefe de la cartera, Ricardo Bonilla, dijo que la inflaci\u00f3n no se reduce al ritmo que se quisiera por el alza en el gal\u00f3n de gasolina.<\/h5><p>Tras las cifras de inflaci\u00f3n que entreg\u00f3 ayer el Dane, el ministro de Hacienda, Ricardo Bonilla, destac\u00f3 la senda bajista del indicador que ya completa tres meses consecutivos, incluyendo el dato de 12,13% anual en junio.<\/p><p>Sin embargo, dijo que el indicador no se est\u00e1 reduciendo a la velocidad que se quisiera, especialmente por al alza en los precios de la <a href=\"https:\/\/darkgoldenrod-ibex-179495.hostingersite.com\/tarifas-de-taxis-subiran-por-alza-en-precio-de-gasolina\/\" target=\"_blank\" rel=\"noopener\">gasolina<\/a>. En junio y julio el aumento fue de $600 por gal\u00f3n.<\/p><p>\u00abNo va reduci\u00e9ndose a la velocidad que quisi\u00e9ramos, porque est\u00e1n bajando los alimentos y otros factores, pero sigue subiendo la gasolina.\u00a0Desafortunadamente tenemos que ajustar los precios de la gasolina y eso significa que no logramos bajar la inflaci\u00f3n al ritmo que quisi\u00e9ramos\u00bb, indic\u00f3 el jefe de la cartera.<\/p><p>Pero agreg\u00f3 que, monitoreando el comportamiento del indicador, se espera que la inflaci\u00f3n cierre el a\u00f1o en 9,5%.<\/p><p>\u00abMonitoreando los dos comportamientos, esperamos llegar en diciembre a una inflaci\u00f3n de 9,5%, quiere decir, bajar a un d\u00edgito, lo cual tambi\u00e9n significa que luego de la buena noticia de que la tasa de intervenci\u00f3n qued\u00f3 estable en el mes de junio, en el mes de octubre el Banco de la Rep\u00fablica comience a bajar tasas,\u00a0eso significa terminar el a\u00f1o con 9,5% de inflaci\u00f3n y probablemente una tasa de 11%\u00bb, explic\u00f3 Bonilla.<\/p><\/div><\/div><\/div><\/div><div class=\"mt-5\"><strong>Fuente: <a href=\"https:\/\/www.larepublica.co\/\" target=\"_blank\" rel=\"noopener\">La Rep\u00fablica<\/a><\/strong><\/div>\t\t\t\t\t\t\t\t<\/div>\n\t\t\t\t\t<\/div>\n\t\t\t\t<\/div>\n\t\t\t\t<\/div>","protected":false},"excerpt":{"rendered":"<p>El jefe de la cartera, Ricardo Bonilla, dijo que la inflaci\u00f3n no se reduce al ritmo que se quisiera por el alza en el gal\u00f3n de gasolina. Tras las cifras de inflaci\u00f3n que entreg\u00f3 ayer el Dane, el ministro de Hacienda, Ricardo Bonilla, destac\u00f3 la senda bajista del indicador que ya completa tres meses consecutivos, [&hellip;]<\/p>","protected":false},"author":4,"featured_media":30559,"comment_status":"open","ping_status":"open","sticky":false,"template":"","format":"standard","meta":{"_joinchat":[],"footnotes":""},"categories":[27,36,35],"tags":[],"class_list":["post-30558","post","type-post","status-publish","format-standard","has-post-thumbnail","hentry","category-noticias-acl","category-contabilidad","category-economia-finanzas"],"_links":{"self":[{"href":"https:\/\/aclco.co\/en\/wp-json\/wp\/v2\/posts\/30558","targetHints":{"allow":["GET"]}}],"collection":[{"href":"https:\/\/aclco.co\/en\/wp-json\/wp\/v2\/posts"}],"about":[{"href":"https:\/\/aclco.co\/en\/wp-json\/wp\/v2\/types\/post"}],"author":[{"embeddable":true,"href":"https:\/\/aclco.co\/en\/wp-json\/wp\/v2\/users\/4"}],"replies":[{"embeddable":true,"href":"https:\/\/aclco.co\/en\/wp-json\/wp\/v2\/comments?post=30558"}],"version-history":[{"count":5,"href":"https:\/\/aclco.co\/en\/wp-json\/wp\/v2\/posts\/30558\/revisions"}],"predecessor-version":[{"id":30565,"href":"https:\/\/aclco.co\/en\/wp-json\/wp\/v2\/posts\/30558\/revisions\/30565"}],"wp:featuredmedia":[{"embeddable":true,"href":"https:\/\/aclco.co\/en\/wp-json\/wp\/v2\/media\/30559"}],"wp:attachment":[{"href":"https:\/\/aclco.co\/en\/wp-json\/wp\/v2\/media?parent=30558"}],"wp:term":[{"taxonomy":"category","embeddable":true,"href":"https:\/\/aclco.co\/en\/wp-json\/wp\/v2\/categories?post=30558"},{"taxonomy":"post_tag","embeddable":true,"href":"https:\/\/aclco.co\/en\/wp-json\/wp\/v2\/tags?post=30558"}],"curies":[{"name":"wp","href":"https:\/\/api.w.org\/{rel}","templated":true}]}}