{"id":30626,"date":"2023-07-26T15:45:16","date_gmt":"2023-07-26T20:45:16","guid":{"rendered":"https:\/\/darkgoldenrod-ibex-179495.hostingersite.com\/?p=30626"},"modified":"2023-07-26T15:58:43","modified_gmt":"2023-07-26T20:58:43","slug":"credicorp-capital-proyecta-que-el-pib-crezca-16-en-2023","status":"publish","type":"post","link":"https:\/\/aclco.co\/en\/credicorp-capital-proyecta-que-el-pib-crezca-16-en-2023\/","title":{"rendered":"Credicorp Capital proyecta que el PIB crezca 1,6% en 2023 y la inflaci\u00f3n cierre en 8,4%"},"content":{"rendered":"<div data-elementor-type=\"wp-post\" data-elementor-id=\"30626\" class=\"elementor elementor-30626\" data-elementor-post-type=\"post\">\n\t\t\t\t<div class=\"elementor-element elementor-element-4fb1ef3 e-flex e-con-boxed e-con e-parent\" data-id=\"4fb1ef3\" data-element_type=\"container\" data-e-type=\"container\">\n\t\t\t\t\t<div class=\"e-con-inner\">\n\t\t\t\t<div class=\"elementor-element elementor-element-e2d721e elementor-widget elementor-widget-text-editor\" data-id=\"e2d721e\" data-element_type=\"widget\" data-e-type=\"widget\" data-widget_type=\"text-editor.default\">\n\t\t\t\t\t\t\t\t\t<h4>Dado que han bajado las expectativas de <a href=\"https:\/\/darkgoldenrod-ibex-179495.hostingersite.com\/minhacienda-preve-que-la-inflacion-cierre-95-y-el\/\" target=\"_blank\" rel=\"noopener\">inflaci\u00f3n<\/a> a 12 meses, Credicorp cree que se est\u00e1n dando condiciones para una relajaci\u00f3n monetaria.<\/h4><p>Varias entidades han venido actualizando sus proyecciones macroecon\u00f3micas para Colombia en 2023. Entre ellas, Credicorp Capital, aunque a\u00fan espera una desaceleraci\u00f3n econ\u00f3mica,\u00a0revis\u00f3 al alza su pron\u00f3stico de crecimiento del Producto Interno Bruto (PIB), pasando de 1,3% a 1,6%. Para 2024, la proyecci\u00f3n es de 2,2%.<\/p><p>\u00abDicho esto, seguimos previendo un ajuste relevante tanto del consumo como de la inversi\u00f3n privadas en medio de condiciones financieras ajustadas, precios elevados, impuestos m\u00e1s altos y una mayor incertidumbre pol\u00edtica. En concreto, prevemos que la inversi\u00f3n total se contraer\u00e1 y el consumo privado apenas crecer\u00e1 en 2023 tras un ritmo de expansi\u00f3n insostenible en a\u00f1os anteriores\u00bb, se\u00f1al\u00f3 la firma en un documento.<\/p><p>Se espera que el gasto p\u00fablico apoye el crecimiento econ\u00f3mico, pues la inversi\u00f3n p\u00fablica ser\u00eda m\u00e1s fuerte a nivel subnacional por ser el \u00faltimo a\u00f1o de gobernadores y alcaldes, mientras que el Gobierno Nacional planea subir los gastos primarios en 2% del PIB frente a 2022.<\/p><p>Para Credicorp, las exportaciones netas contribuir\u00edan de forma positiva al crecimiento debido al ajuste esperado en la demanda interna (-0,1%).<\/p><p>Los riesgos en las proyecciones tienen que ver con la incertidumbre en el entorno global y su potencial efecto sobre el comercio y el precio de las materias primas, as\u00ed como por los efectos potenciales de las reformas\u00a0que impulsa este Gobierno.<\/p><p>\u00abRecordemos que la administraci\u00f3n Petro ha propuesto cambios que podr\u00edan afectar las reglas del juego de sectores estrat\u00e9gicos (ej., transici\u00f3n energ\u00e9tica, intervenci\u00f3n en servicios p\u00fablicos, congelamiento de tarifas de peajes, reforma de salud), as\u00ed como generar un aumento generalizado de los costos de producci\u00f3n (ej., aranceles de importaci\u00f3n y reforma laboral, aunque esta \u00faltima se hundi\u00f3 en el Congreso). As\u00ed, creemos que las empresas mantendr\u00e1n una postura de esperar y ver, aguardando m\u00e1s claridad y condiciones financieras m\u00e1s flexibles, lo que generar\u00e1 presiones de corto plazo sobre el empleo y la inversi\u00f3n\u00bb.<\/p><h3>La inflaci\u00f3n bajar\u00eda a un d\u00edgito<\/h3><p>En cuanto a la inflaci\u00f3n, Credicorp estima que el indicador cerrar\u00e1 este a\u00f1o en 8,4% y el pr\u00f3ximo en 4%.\u00a0Lo anterior, teniendo en cuenta que el IPC empez\u00f3 a desacelerarse de forma gradual, alcanzando una variaci\u00f3n anual de 12,13% en junio.<\/p><p>\u00abEl grupo de alimentos ha sido el principal factor detr\u00e1s de la reducci\u00f3n, mientras que la inflaci\u00f3n de bienes se ha moderado en los \u00faltimos dos meses, lo que estar\u00eda reflejando el ajuste en curso en la demanda de los hogares por bienes y el comportamiento favorable del peso en lo corrido del a\u00f1o\u00bb.<\/p><p>Por el contrario, se\u00f1ala la firma que la inflaci\u00f3n regulada ha tenido una tendencia alcista en medio de los aumentos en el precio de la gasolina que ha hecho el Gobierno.<\/p><p>\u00abEsperamos que el proceso de desinflaci\u00f3n gradual contin\u00fae por: la normalizaci\u00f3n de precios de alimentos, la reducci\u00f3n esperada en la demanda interna y la reciente apreciaci\u00f3n del peso. Sin embargo, los riesgos siguen siendo significativos por: la incertidumbre respecto a la senda futura del precio de los combustibles, el tipo de cambio, el fen\u00f3meno de El Ni\u00f1o en el segundo semestre de 2023 y los potenciales efectos de la pol\u00edtica gubernamental de aranceles inteligentes\u00bb.<\/p><h3>Tasa de inter\u00e9s empezar\u00eda a bajar<\/h3><p>Dado que han bajado las expectativas de inflaci\u00f3n a 12 meses, Credicorp cree que se est\u00e1n dando condiciones para que en el segundo semestre de 2023 inicie un ciclo de relajaci\u00f3n monetaria.\u00a0Esperan que la tasa de inter\u00e9s del Banco de la Rep\u00fablica llegue a 10,75% en diciembre.<\/p><p>\u00abDicho esto, tambi\u00e9n reconocemos que es poco probable, al menos por ahora, que el BanRep ejecute recortes de tasas m\u00e1s dr\u00e1sticos este a\u00f1o en medio de los riesgos alcistas para la inflaci\u00f3n mencionados anteriormente. Por lo tanto, podr\u00edamos ver un ciclo de relajaci\u00f3n m\u00e1s pronunciado en el primer semestre de 2024, llevando la tasa de pol\u00edtica a 7% en dic-24\u00bb.<\/p><p><strong>Fuente: <a href=\"https:\/\/www.larepublica.co\/\" target=\"_blank\" rel=\"noopener\">La Rep\u00fablica<\/a><\/strong><\/p>\t\t\t\t\t\t\t\t<\/div>\n\t\t\t\t\t<\/div>\n\t\t\t\t<\/div>\n\t\t\t\t<\/div>","protected":false},"excerpt":{"rendered":"<p>Dado que han bajado las expectativas de inflaci\u00f3n a 12 meses, Credicorp cree que se est\u00e1n dando condiciones para una relajaci\u00f3n monetaria. Varias entidades han venido actualizando sus proyecciones macroecon\u00f3micas para Colombia en 2023. Entre ellas, Credicorp Capital, aunque a\u00fan espera una desaceleraci\u00f3n econ\u00f3mica,&nbsp;revis\u00f3 al alza su pron\u00f3stico de crecimiento del Producto Interno Bruto (PIB), [&hellip;]<\/p>","protected":false},"author":4,"featured_media":30627,"comment_status":"open","ping_status":"open","sticky":false,"template":"","format":"standard","meta":{"_joinchat":[],"footnotes":""},"categories":[27,36,35],"tags":[],"class_list":["post-30626","post","type-post","status-publish","format-standard","has-post-thumbnail","hentry","category-noticias-acl","category-contabilidad","category-economia-finanzas"],"_links":{"self":[{"href":"https:\/\/aclco.co\/en\/wp-json\/wp\/v2\/posts\/30626","targetHints":{"allow":["GET"]}}],"collection":[{"href":"https:\/\/aclco.co\/en\/wp-json\/wp\/v2\/posts"}],"about":[{"href":"https:\/\/aclco.co\/en\/wp-json\/wp\/v2\/types\/post"}],"author":[{"embeddable":true,"href":"https:\/\/aclco.co\/en\/wp-json\/wp\/v2\/users\/4"}],"replies":[{"embeddable":true,"href":"https:\/\/aclco.co\/en\/wp-json\/wp\/v2\/comments?post=30626"}],"version-history":[{"count":9,"href":"https:\/\/aclco.co\/en\/wp-json\/wp\/v2\/posts\/30626\/revisions"}],"predecessor-version":[{"id":30637,"href":"https:\/\/aclco.co\/en\/wp-json\/wp\/v2\/posts\/30626\/revisions\/30637"}],"wp:featuredmedia":[{"embeddable":true,"href":"https:\/\/aclco.co\/en\/wp-json\/wp\/v2\/media\/30627"}],"wp:attachment":[{"href":"https:\/\/aclco.co\/en\/wp-json\/wp\/v2\/media?parent=30626"}],"wp:term":[{"taxonomy":"category","embeddable":true,"href":"https:\/\/aclco.co\/en\/wp-json\/wp\/v2\/categories?post=30626"},{"taxonomy":"post_tag","embeddable":true,"href":"https:\/\/aclco.co\/en\/wp-json\/wp\/v2\/tags?post=30626"}],"curies":[{"name":"wp","href":"https:\/\/api.w.org\/{rel}","templated":true}]}}