{"id":30656,"date":"2023-08-02T13:16:09","date_gmt":"2023-08-02T18:16:09","guid":{"rendered":"https:\/\/darkgoldenrod-ibex-179495.hostingersite.com\/?p=30656"},"modified":"2023-08-02T16:07:05","modified_gmt":"2023-08-02T21:07:05","slug":"exencion-del-iva-y-renta-ciudadana-esto-dicen-decretos","status":"publish","type":"post","link":"https:\/\/aclco.co\/en\/exencion-del-iva-y-renta-ciudadana-esto-dicen-decretos\/","title":{"rendered":"Exenci\u00f3n del IVA y renta ciudadana, esto dicen decretos de emergencia de La Guajira"},"content":{"rendered":"<div data-elementor-type=\"wp-post\" data-elementor-id=\"30656\" class=\"elementor elementor-30656\" data-elementor-post-type=\"post\">\n\t\t\t\t<div class=\"elementor-element elementor-element-4fb1ef3 e-flex e-con-boxed e-con e-parent\" data-id=\"4fb1ef3\" data-element_type=\"container\" data-e-type=\"container\">\n\t\t\t\t\t<div class=\"e-con-inner\">\n\t\t\t\t<div class=\"elementor-element elementor-element-e2d721e elementor-widget elementor-widget-text-editor\" data-id=\"e2d721e\" data-element_type=\"widget\" data-e-type=\"widget\" data-widget_type=\"text-editor.default\">\n\t\t\t\t\t\t\t\t\t<p>El pasado 2 de julio el Gobierno Nacional declar\u00f3 emergencia econ\u00f3mica y social en La Guajira, en parte por el impacto que puede significar el <a href=\"https:\/\/darkgoldenrod-ibex-179495.hostingersite.com\/el-nino-podria-traer-perdidas-de-37-billones\/\" target=\"_blank\" rel=\"noopener\">fen\u00f3meno de El Ni\u00f1o<\/a> en este departamento. El objetivo con esto, entonces, es el de atender problem\u00e1ticas como el acceso a agua potable y saneamiento b\u00e1sico, garantizar el servicio de energ\u00eda, entre otros.<\/p><p>Para usuarios comerciales e industriales, el cargo ser\u00e1 de $5.000. Con esto, en el documento se asegura que se podr\u00edan recaudar m\u00e1s de $51.000 millones.<\/p><p>Hay que resaltar el art\u00edculo 7 del mismo decreto en el que se da un alivio de suspensi\u00f3n de contratos de suministro de energ\u00eda media anual a largo plazo para generadores de Fuentes no Convencionales de Energ\u00eda Renovable.<\/p><p>Con esto se suspende temporalmente la obligaci\u00f3n de suministro de energ\u00eda de estas fuentes hasta que entre en operaci\u00f3n el proyecto de generaci\u00f3n objeto del contrato y como plazo m\u00e1ximo hasta el 22 de julio de 2025. Seg\u00fan explic\u00f3 Julio C\u00e9sar Vera, presidente de la Fundaci\u00f3n Xua Energy, con este art\u00edculo se podr\u00eda impactar el valor de las tarifas para los usuarios, pero impulsa la reactivaci\u00f3n de proyectos de energ\u00edas limpias.<\/p><p>\u201cSe va a tener que buscar otras fuentes para suministrar esta energ\u00eda, que podr\u00eda ser m\u00e1s costosa dada la coyuntura actual. Es decir, se va a tener que reemplazar esas fuentes que iban a suministrar esos proyectos. Es posible que se use energ\u00eda t\u00e9rmica, lo que encarecer\u00e1 tarifas\u201d.<\/p><h3>Renta ciudadana<\/h3><p>Con los otros decretos, como el 1272, se crean ayudas econ\u00f3micas para las familias del departamento. El 1272 establece la creaci\u00f3n de una transferencia monetaria no condicionada, a cargo del Departamento Administrativo para la Prosperidad Social, para atender a los ni\u00f1os y ni\u00f1as en primera infancia, y madres<br \/>gestantes, de las comunidades Wayuu en La Guajira.\u00a0El valor de la transferencia ser\u00e1 de $500.000, el cual entregar\u00e1 a cada una de las familias identificadas como potenciales beneficiarios.<\/p><h3>Reforma a la salud<\/h3><p>El decreto 1270 establece la implementaci\u00f3n de la reforma a la salud en la zona con un enfoque territorial. Seg\u00fan el documento, el objetivo es definir un modelo de salud propio e intercultural en el territorio. Ser\u00e1 \u00bb un modelo de salud que integra como principios la interculturalidad, la igualdad, la no discriminaci\u00f3n y la dignidad; bajo un ordenamiento territorial, y diferencial; que tenga en cuenta condiciones geogr\u00e1ficas,<br \/>epidemiol\u00f3gicas, organizativas y culturales.<\/p><h3>Reactivaci\u00f3n del turismo y exenci\u00f3n del IVA<\/h3><p>En el marco de la emergencia se le dar\u00e1 especial atenci\u00f3n al turismo como una fuente de desarrollo econ\u00f3mico para el departamento. Para esto, en el decreto 1267 se establecen algunas medidas como la exenci\u00f3n del IVA para prestadores de servicio de turismo definidos en el decreto 1074 de 2015.\u00a0Tambi\u00e9n habr\u00e1 una exclusi\u00f3n temporal del impuesto nacional al consumo en el Departamento de la Guajira y una suspensi\u00f3n temporal de la obligaci\u00f3n de pago de la contribuci\u00f3n parafiscal para el turismo.<\/p><h3>Asignaci\u00f3n de servicios para el uso del espectro radioel\u00e9ctrico<\/h3><p>Con el decreto 1271, el ministerio de Tecnolog\u00edas de la Informaci\u00f3n y las Comunicaciones, mediante resoluci\u00f3n debidamente motivada, podr\u00e1 asignar o modificar, obligaciones de establecer en los actos administrativos de car\u00e1cter particular derivados de los procesos de subasta, o contenidas en los permisos y renovaciones otorgados por el Ministerio para el uso del espectro radioel\u00e9ctrico en bandas identificadas para las Telecomunicaciones M\u00f3viles Internacionales (lMT, por sus siglas en ingl\u00e9s).<\/p><h3>Acceso a agua potable y Educaci\u00f3n Superior<\/h3><p>En el marco de la emergencia, con el decreto 1274, se crear\u00e1 una instituci\u00f3n de educaci\u00f3n superior ind\u00edgena propia del pueblo Way\u00fau. Y con el 1250 se garantizar\u00e1 el acceso a agua potable y saneamiento b\u00e1sico, una de las problem\u00e1ticas que hist\u00f3ricamente ha enfrentado el departamento.<\/p><h3>Prohibici\u00f3n de actividades econ\u00f3micas relacionadas al carb\u00f3n<\/h3><p>El Ministerio de Ambiente, con el decreto 1277 , limita las actividades mineras; esto para \u00abproteger las fuentes h\u00eddricas de ese territorio\u00bb. En \u00faltimas, esto implica que quedar\u00eda prohibido adicionar o prorrogar contratos de concesi\u00f3n minera o autorizar expansiones, ampliaciones o nuevos frentes de explotaci\u00f3n de los proyectos de miner\u00eda de carb\u00f3n existentes.<\/p><p><strong>Fuente: <a href=\"https:\/\/www.larepublica.co\/\" target=\"_blank\" rel=\"noopener\">La Rep\u00fablica<\/a><\/strong><\/p>\t\t\t\t\t\t\t\t<\/div>\n\t\t\t\t\t<\/div>\n\t\t\t\t<\/div>\n\t\t\t\t<\/div>","protected":false},"excerpt":{"rendered":"<p>El pasado 2 de julio el Gobierno Nacional declar\u00f3 emergencia econ\u00f3mica y social en La Guajira, en parte por el impacto que puede significar el fen\u00f3meno de El Ni\u00f1o en este departamento. El objetivo con esto, entonces, es el de atender problem\u00e1ticas como el acceso a agua potable y saneamiento b\u00e1sico, garantizar el servicio de [&hellip;]<\/p>","protected":false},"author":4,"featured_media":30657,"comment_status":"open","ping_status":"open","sticky":false,"template":"","format":"standard","meta":{"_joinchat":[],"footnotes":""},"categories":[27,36,29],"tags":[],"class_list":["post-30656","post","type-post","status-publish","format-standard","has-post-thumbnail","hentry","category-noticias-acl","category-contabilidad","category-tributario"],"_links":{"self":[{"href":"https:\/\/aclco.co\/en\/wp-json\/wp\/v2\/posts\/30656","targetHints":{"allow":["GET"]}}],"collection":[{"href":"https:\/\/aclco.co\/en\/wp-json\/wp\/v2\/posts"}],"about":[{"href":"https:\/\/aclco.co\/en\/wp-json\/wp\/v2\/types\/post"}],"author":[{"embeddable":true,"href":"https:\/\/aclco.co\/en\/wp-json\/wp\/v2\/users\/4"}],"replies":[{"embeddable":true,"href":"https:\/\/aclco.co\/en\/wp-json\/wp\/v2\/comments?post=30656"}],"version-history":[{"count":5,"href":"https:\/\/aclco.co\/en\/wp-json\/wp\/v2\/posts\/30656\/revisions"}],"predecessor-version":[{"id":30663,"href":"https:\/\/aclco.co\/en\/wp-json\/wp\/v2\/posts\/30656\/revisions\/30663"}],"wp:featuredmedia":[{"embeddable":true,"href":"https:\/\/aclco.co\/en\/wp-json\/wp\/v2\/media\/30657"}],"wp:attachment":[{"href":"https:\/\/aclco.co\/en\/wp-json\/wp\/v2\/media?parent=30656"}],"wp:term":[{"taxonomy":"category","embeddable":true,"href":"https:\/\/aclco.co\/en\/wp-json\/wp\/v2\/categories?post=30656"},{"taxonomy":"post_tag","embeddable":true,"href":"https:\/\/aclco.co\/en\/wp-json\/wp\/v2\/tags?post=30656"}],"curies":[{"name":"wp","href":"https:\/\/api.w.org\/{rel}","templated":true}]}}