{"id":30943,"date":"2023-09-25T16:27:37","date_gmt":"2023-09-25T21:27:37","guid":{"rendered":"https:\/\/darkgoldenrod-ibex-179495.hostingersite.com\/?p=30943"},"modified":"2023-09-25T16:48:07","modified_gmt":"2023-09-25T21:48:07","slug":"consejos-de-tres-exministros-de-hacienda-para-salir","status":"publish","type":"post","link":"https:\/\/aclco.co\/en\/consejos-de-tres-exministros-de-hacienda-para-salir\/","title":{"rendered":"Consejos de tres exministros de Hacienda para salir de la crisis y reactivar la econom\u00eda"},"content":{"rendered":"<div data-elementor-type=\"wp-post\" data-elementor-id=\"30943\" class=\"elementor elementor-30943\" data-elementor-post-type=\"post\">\n\t\t\t\t<div class=\"elementor-element elementor-element-4fb1ef3 e-flex e-con-boxed e-con e-parent\" data-id=\"4fb1ef3\" data-element_type=\"container\" data-e-type=\"container\">\n\t\t\t\t\t<div class=\"e-con-inner\">\n\t\t\t\t<div class=\"elementor-element elementor-element-e2d721e elementor-widget elementor-widget-text-editor\" data-id=\"e2d721e\" data-element_type=\"widget\" data-e-type=\"widget\" data-widget_type=\"text-editor.default\">\n\t\t\t\t\t\t\t\t\t<h5>Los exministros Jos\u00e9 Antonio Ocampo, Alberto Carrasquilla y Mauricio C\u00e1rdenas dieron su lectura y claves para la econom\u00eda del pa\u00eds.<\/h5><div class=\"mt-5\"><p>La econom\u00eda colombiana enfrenta la desaceleraci\u00f3n despu\u00e9s de dos a\u00f1os consecutivos con crecimientos hist\u00f3ricos\u00a0del PIB. Los pron\u00f3sticos para este a\u00f1o no superan 2% de crecimiento. Tres exministros de Hacienda hablaron con La Rep\u00fablica sobre el entorno del que venimos, en qu\u00e9 estamos y hacia ad\u00f3nde vamos en t\u00e9rminos econ\u00f3micos y dieron sus claves en medio de un panorama desfavorable.<\/p><p>Jos\u00e9 Antonio Ocampo, ministro en los primeros ocho meses del actual Gobierno y durante el mandato de Ernesto Samper, se\u00f1al\u00f3 precisamente\u00a0ese, el de la desaceleraci\u00f3n, como el problema m\u00e1s importante de la econom\u00eda hoy.<\/p><p>\u201cEn el segundo trimestre, pr\u00e1cticamente no hubo crecimiento y los datos de julio y agosto no son positivos\u201d, advirti\u00f3. A su juicio, el r\u00e1pido crecimiento de la econom\u00eda en 2021 y 2022 estaba marcado por los desequilibrios en el campo fiscal, en la balanza de pagos y alta inflaci\u00f3n. \u201cLa correcci\u00f3n de esos desequilibrios ya est\u00e1 en curso. Tanto el d\u00e9ficit fiscal, como el d\u00e9ficit de cuenta corriente en la balanza de pagos se est\u00e1n reduciendo, y la inflaci\u00f3n, lentamente, pero tambi\u00e9n se ha reducido\u201d.<\/p><p>Entre las soluciones que ve Ocampo est\u00e1 bajar la tasa de inter\u00e9s. \u201cMi percepci\u00f3n es que lo que hay que hacer es\u00a0comenzar a bajar las tasas de inter\u00e9s del <a href=\"https:\/\/darkgoldenrod-ibex-179495.hostingersite.com\/banco-de-bogota-va-por-el-millon-de-arboles\/\" target=\"_blank\" rel=\"noopener\">Banco<\/a> de la Rep\u00fablica y ver qu\u00e9 otros instrumentos hay para bajar tasas. Lo m\u00e1s importante es, posiblemente, una participaci\u00f3n m\u00e1s activa del sector privado en el mercado de bonos\u201d.<\/p><p>Para C\u00e1rdenas, el debate no es solo en cuanto a las tasas de inter\u00e9s, sino que es clave la confianza inversionista. \u201cEl Gobierno tiene que dar m\u00e1s claridad en sus mensajes, porque la inversi\u00f3n privada se siente atacada y se siente responsabilizada\u00a0de muchos de los problemas de Colombia, cuando en realidad va a ser parte de la soluci\u00f3n.<\/p><p>Agreg\u00f3 que \u201cyo dir\u00eda que\u00a0el Gobierno tiene que entender este nuevo entorno para ser consciente de que necesita trabajar con el sector privado como aliado\u00a0y no atacando al sector privado y sac\u00e1ndolo de sectores donde ha jugado un papel importante como la infraestructura, la vivienda y la salud\u201d.<\/p><p>Alberto Carrasquilla, exministro en el gobierno de Iv\u00e1n Duque y en el de \u00c1lvaro Uribe, considera que \u201cvenimos de un periodo de rebote respecto al covid\u201d, con dos a\u00f1os destacados de crecimiento para la regi\u00f3n latinoamericana.<\/p><p>\u201c\u00bfD\u00f3nde estamos? En la renormalizaci\u00f3n, tanto de la econom\u00eda internacional como en nuestro caso.\u00a0Tenemos un mundo que va a crecer m\u00e1s lento hacia adelante, y justamente hacia all\u00e1 vamos, a un mundo en el cual la inflaci\u00f3n se va a demorar un poquito en reducirse y el crecimiento va a estar por debajo de lo que estuvimos acostumbrados\u201d, dijo.<\/p><p>Aunque espera que la inflaci\u00f3n siga cayendo,\u00a0considera lejano el tiempo para llegar a la meta del Banco de la Rep\u00fablica de 3%.<\/p><p>Carrasquilla\u00a0agreg\u00f3 que se ha creado una barrera entre los sectores informales y formales de la econom\u00eda. Para \u00e9l,\u00a0se debe poner un incentivo adicional, es decir, una nueva fuente de financiamiento para las empresas\u00a0que est\u00e1n en el l\u00edmite de la informalidad y la formalidad.<\/p><h3>Los ministros esperan que s\u00ed se cumpla la regla fiscal<\/h3><p>\u00abVeo que el ministro Ricardo Bonilla lo ha dicho reiteradamente. Cualquier sugerencia de cambiar la regla fiscal es fatal. Yo espero que se cumpla la regla fiscal\u00bb, dijo Ocampo.<\/p><p>Carrasquilla concord\u00f3 que no hay raz\u00f3n para pensar que la regla fiscal no se va a cumplir.\u00a0\u00abLa institucionalidad dice que si no se cumple hay que explicar por qu\u00e9 (&#8230;) Lo que m\u00e1s me preocupar\u00eda es que no se respete la institucionalidad, pero no tengo tampoco ninguna raz\u00f3n para pensar que alguien haga esto\u00bb.<\/p><p>C\u00e1rdenas tiene m\u00e1s preocupaci\u00f3n.\u00a0Asegur\u00f3 que Bonilla s\u00ed tiene la intenci\u00f3n de cumplir la regla fiscal, pero el problema radica en las presiones pol\u00edticas fuera del Ministerio de Hacienda. \u00abYa hay una audiencia para debatir la regla fiscal este lunes\u00bb, puntualiz\u00f3.<\/p><p>C\u00e1rdenas destac\u00f3 que una econom\u00eda que se desacelera profundamente no solo causa el aumento de las tasas de inter\u00e9s y problemas de confianza, \u00abunas elecciones que salen mal y un Gobierno que pierde favorabilidad presiona el gasto p\u00fablico\u00bb, dijo.<\/p><p>Y en ese campo de gasto Ocampo y C\u00e1rdenas coincidieron en que el subsidio para los taxistas no deber\u00eda realizarse. Ocampo calific\u00f3 como \u00abrid\u00edculo\u00bb llevar a cabo esto y\u00a0C\u00e1rdenas dijo que es un ejemplo de las intenciones de ganar favorabilidad del Gobierno.<\/p><h3>\u00abLa desaceleraci\u00f3n es el fen\u00f3meno del momento\u00bb<\/h3><p>A nivel local, para Ocampo\u00a0\u00abel problema es la desaceleraci\u00f3n econ\u00f3mica tan fuerte que hemos tenido\u00bb. En junio otra vez baj\u00f3 la actividad econ\u00f3mica y el consumo de los hogares est\u00e1n bajando. \u00abPara m\u00ed ese es el fen\u00f3meno dominante del momento\u00bb, resalt\u00f3.<\/p><p>Por otra parte, asegur\u00f3 que la ejecuci\u00f3n presupuestal es muy baja en materia de inversi\u00f3n. \u00abHay que hacer mucho m\u00e1s en materia de exportaci\u00f3n no tradicional\u00bb, dijo.<\/p><p>Explic\u00f3 que el efecto principal de la pol\u00edtica monetaria es frenar la demanda y eso ya sucedi\u00f3. \u00abLas importaciones han ca\u00eddo 20% y el \u00faltimo mes (julio) casi 30%. Si ese es el efecto hace rato se logr\u00f3.\u00a0Hay que recordar que aparte de la inflaci\u00f3n total ha bajado por cuatro meses consecutivos y las expectativas es que va a seguir bajando\u00bb, dijo Ocampo, haciendo referencia a que hay que empezar a bajar las tasas de inter\u00e9s.<\/p><h3>\u00abLa incertidumbre es uno de los factores m\u00e1s importantes\u00bb<\/h3><p>El exministro Carrasquilla asegur\u00f3 que estando en la Junta del Banco de la Rep\u00fablica no hubo un momento de descoordinaci\u00f3n. \u00abEn este periodo de deflaci\u00f3n tengo optimismo en que las decisiones van a ser buenas\u00bb, dijo.<\/p><p>Se\u00f1al\u00f3 que uno de los datos m\u00e1s relevantes de los \u00faltimos meses fue la ca\u00edda de la inversi\u00f3n. \u00abLa ca\u00edda de la inversi\u00f3n no es un problema solo de las tasas de inter\u00e9s.\u00a0Yo aportar\u00eda que la incertidumbre es uno de los factores importantes\u00bb,\u00a0explic\u00f3.<\/p><p>En el panorama fiscal, Carrasquilla dijo que en cuanto a la recaudaci\u00f3n tributaria se implement\u00f3 incrementar esto hacia los a\u00f1os 90. \u00abDimos esos primeros pasos (&#8230;) Esto nos ha metido en una carrera contra el tiempo de ir consiguiendo la plata y mientras tanto creando rigideces en el presupuesto. Es cada vez m\u00e1s dif\u00edcil echar eso para atr\u00e1s.\u00a0La \u00fanica manera que veo de disminuir la tensi\u00f3n fiscal es por la v\u00eda tributaria\u00bb.<\/p><p>Explic\u00f3, adem\u00e1s, que se ha creado una barrera entre los sectores informales y formales de la econom\u00eda. Para \u00e9l, se debe poner un incentivo adicional, es decir, una nueva fuente de financiamiento para las empresas que est\u00e1n en el l\u00edmite de la informalidad y la formalidad.\u00a0\u00abLa coordinaci\u00f3n funciona. La situaci\u00f3n externa est\u00e1 extremadamente dif\u00edcil y la situaci\u00f3n fiscal es mucho m\u00e1s compleja de lo que se requiere\u00bb,\u00a0puntualiz\u00f3.<\/p><h3>\u00abEl problema del mercado de capitales est\u00e1 en la renta variable\u00bb<\/h3><p>En primer lugar, C\u00e1rdenas indic\u00f3 que en cuanto al mercado financiero se ha avanzado mucho en los \u00faltimos 20 a\u00f1os, \u00abel problema de nuestro segmento est\u00e1 enfocado en el mercado de capitales y hay dos componentes; el de renta fija, pero el m\u00e1s grande es en el segmento de renta variable, porque no ha crecido, sino que se ha contra\u00eddo\u00bb.<\/p><p>Coincidi\u00f3 con el\u00a0superintendente financiero Cesar Ferrari en que Colombia es una sociedad que ahorra poco. Y \u00abel Estado invierte relativamente poco, las cifras est\u00e1n muy concentradas en gastos de funcionamiento.\u00a0Hay una disociaci\u00f3n entre lo que hay el presupuesto de inversi\u00f3n y lo que realmente es inversi\u00f3n.\u00a0Se inflan las cifras, eso requiere una reforma\u00bb.<\/p><p>La inclusi\u00f3n financiera, seg\u00fan explic\u00f3 el exministro C\u00e1rdenas, ha servido pero para aumentar el consumo, no la inversi\u00f3n. \u00abNuestro sistema tambi\u00e9n contribuye mucho al crecimiento del consumo m\u00e1s que de la inversi\u00f3n\u00bb. Y en esa l\u00ednea, asegur\u00f3 que hay que ser cuidadosos con la reforma pensional, porque se podr\u00eda agravar ese problema.<\/p><p>En cuanto a la posibilidad de Colombia como mercado de frontera, C\u00e1rdenas indic\u00f3 que en ese escenario se perder\u00edan inversores. \u00abPodemos evitar este escenario. Una forma muy r\u00e1pida es que Ecopetrol requiera un poco m\u00e1s de participaci\u00f3n privada\u00bb, dijo.<\/p><p>\u00abLa tasa de\u00a0TES\u00a0puede bajar a 10 a\u00f1os.\u00a0Si se mantiene la disciplina fiscal y el apetito de los inversionistas extranjeros va a llegar un mercado en que el mercado de capitales sea quien puede salir a ofrecer los cr\u00e9ditos para las empresas\u00bb, agreg\u00f3 C\u00e1rdenas.<\/p><p>Ocampo asegur\u00f3 que las tasas de los TES a largo plazo es 11%, lo que es una oportunidad interesante para el mercado privado.\u00a0Mientras que Carrasquilla insisti\u00f3 en que la incertidumbre es el principal factor de da\u00f1o.<\/p><p><strong>Fuente: La Rep\u00fablica<\/strong><\/p><\/div>\t\t\t\t\t\t\t\t<\/div>\n\t\t\t\t\t<\/div>\n\t\t\t\t<\/div>\n\t\t\t\t<\/div>","protected":false},"excerpt":{"rendered":"<p>Los exministros Jos\u00e9 Antonio Ocampo, Alberto Carrasquilla y Mauricio C\u00e1rdenas dieron su lectura y claves para la econom\u00eda del pa\u00eds. La econom\u00eda colombiana enfrenta la desaceleraci\u00f3n despu\u00e9s de dos a\u00f1os consecutivos con crecimientos hist\u00f3ricos\u00a0del PIB. Los pron\u00f3sticos para este a\u00f1o no superan 2% de crecimiento. Tres exministros de Hacienda hablaron con La Rep\u00fablica sobre el [&hellip;]<\/p>","protected":false},"author":4,"featured_media":30951,"comment_status":"open","ping_status":"open","sticky":false,"template":"","format":"standard","meta":{"_joinchat":[],"footnotes":""},"categories":[27,36,35],"tags":[],"class_list":["post-30943","post","type-post","status-publish","format-standard","has-post-thumbnail","hentry","category-noticias-acl","category-contabilidad","category-economia-finanzas"],"_links":{"self":[{"href":"https:\/\/aclco.co\/en\/wp-json\/wp\/v2\/posts\/30943","targetHints":{"allow":["GET"]}}],"collection":[{"href":"https:\/\/aclco.co\/en\/wp-json\/wp\/v2\/posts"}],"about":[{"href":"https:\/\/aclco.co\/en\/wp-json\/wp\/v2\/types\/post"}],"author":[{"embeddable":true,"href":"https:\/\/aclco.co\/en\/wp-json\/wp\/v2\/users\/4"}],"replies":[{"embeddable":true,"href":"https:\/\/aclco.co\/en\/wp-json\/wp\/v2\/comments?post=30943"}],"version-history":[{"count":5,"href":"https:\/\/aclco.co\/en\/wp-json\/wp\/v2\/posts\/30943\/revisions"}],"predecessor-version":[{"id":30952,"href":"https:\/\/aclco.co\/en\/wp-json\/wp\/v2\/posts\/30943\/revisions\/30952"}],"wp:featuredmedia":[{"embeddable":true,"href":"https:\/\/aclco.co\/en\/wp-json\/wp\/v2\/media\/30951"}],"wp:attachment":[{"href":"https:\/\/aclco.co\/en\/wp-json\/wp\/v2\/media?parent=30943"}],"wp:term":[{"taxonomy":"category","embeddable":true,"href":"https:\/\/aclco.co\/en\/wp-json\/wp\/v2\/categories?post=30943"},{"taxonomy":"post_tag","embeddable":true,"href":"https:\/\/aclco.co\/en\/wp-json\/wp\/v2\/tags?post=30943"}],"curies":[{"name":"wp","href":"https:\/\/api.w.org\/{rel}","templated":true}]}}