{"id":30970,"date":"2023-09-28T10:37:33","date_gmt":"2023-09-28T15:37:33","guid":{"rendered":"https:\/\/darkgoldenrod-ibex-179495.hostingersite.com\/?p=30970"},"modified":"2023-09-28T10:42:36","modified_gmt":"2023-09-28T15:42:36","slug":"tasa-de-interes-real-de-colombia-es-de-las-mas-bajas-de-la-region-por-debajo-de-peru","status":"publish","type":"post","link":"https:\/\/aclco.co\/en\/tasa-de-interes-real-de-colombia-es-de-las-mas-bajas-de-la-region-por-debajo-de-peru\/","title":{"rendered":"Tasa de inter\u00e9s real de Colombia es de las m\u00e1s bajas de la regi\u00f3n, por debajo de Per\u00fa"},"content":{"rendered":"<div data-elementor-type=\"wp-post\" data-elementor-id=\"30970\" class=\"elementor elementor-30970\" data-elementor-post-type=\"post\">\n\t\t\t\t<div class=\"elementor-element elementor-element-4fb1ef3 e-flex e-con-boxed e-con e-parent\" data-id=\"4fb1ef3\" data-element_type=\"container\" data-e-type=\"container\">\n\t\t\t\t\t<div class=\"e-con-inner\">\n\t\t\t\t<div class=\"elementor-element elementor-element-e2d721e elementor-widget elementor-widget-text-editor\" data-id=\"e2d721e\" data-element_type=\"widget\" data-e-type=\"widget\" data-widget_type=\"text-editor.default\">\n\t\t\t\t\t\t\t\t\t<h5>Si se descuenta la inflaci\u00f3n, la tasa de inter\u00e9s del <a href=\"https:\/\/darkgoldenrod-ibex-179495.hostingersite.com\/banco-de-bogota-va-por-el-millon-de-arboles\/\" target=\"_blank\" rel=\"noopener\">Banco<\/a> de la Rep\u00fablica est\u00e1 en 1,63%. Los expertos dicen que el choque en la econom\u00eda no es tan fuerte.<\/h5><p>Hace tres semanas, y en una declaraci\u00f3n conjunta, el Gobierno, Asobancaria y la Andi pusieron al\u00a0Banco de la Rep\u00fablica\u00a0entre la espada y la pared de cara a la pr\u00f3xima decisi\u00f3n de pol\u00edtica monetaria del 29 de septiembre.\u00a0Pidieron que el Emisor elabore una senda de reducci\u00f3n de la tasa de inter\u00e9s.<\/p><p>Pero lo cierto es que la tasa de inter\u00e9s real del Banco de la Rep\u00fablica es una de las m\u00e1s bajas de la regi\u00f3n, pues est\u00e1 en 1,63%.\u00a0Esta tasa se calcula con una f\u00f3rmula que descuenta la inflaci\u00f3n (11,43% anual en agosto) de la tasa de inter\u00e9s nominal (13,25%).<\/p><p>A Colombia le siguen:<\/p><ul><li>Per\u00fa (1,82%)<\/li><li>Chile (3,99%)<\/li><li>Paraguay (4,96%)<\/li><li>Ecuador (5,58%)<\/li><li>Uruguay (5,67%)<\/li><li>M\u00e9xico (6,32%)<\/li><li>Brasil (7,78%).<\/li><\/ul><p>\u201cLa tasa de inter\u00e9s real en Colombia efectivamente es una de las m\u00e1s bajas en Am\u00e9rica Latina y refleja el hecho de la alta\u00a0inflaci\u00f3n\u00a0en Colombia debido al\u00a0aumento en los precios de los combustibles, a la indexaci\u00f3n que viene teniendo sobre todo el componente de servicios\u201d, dijo Julio Romero, economista jefe de Corficolombiana.<\/p><p>Para Felipe Campos, gerente de inversi\u00f3n y estrategia en Alianza Valores, esta menor tasa de\u00a0inter\u00e9s\u00a0real refleja que \u201cel peso que se le est\u00e1 generando a la econom\u00eda con las tasas a 13,25% no es un choque tan fuerte, porque la inflaci\u00f3n est\u00e1 mucho m\u00e1s alta que en otros pa\u00edses de la regi\u00f3n. En t\u00e9rminos reales, estamos frenando la econom\u00eda mucho menos que la regi\u00f3n con una inflaci\u00f3n m\u00e1s alta, de hecho, el Banco ha sido m\u00e1s bien flexible con la din\u00e1mica inflacionaria, confiando en que eventualmente se va a moderar sin querer da\u00f1ar la econom\u00eda.\u00a0Entonces, cualquier cr\u00edtica en cuanto a que el Banco ha estado desfasado no tiene sentido, si acaso es al contrario, ha hecho una lucha moderada\u201d.<\/p><p>El experto agreg\u00f3 que otra raz\u00f3n por la que hist\u00f3ricamente el Emisor no ha tenido que subir tanto las tasas es que hay credibilidad. \u201cHay cierta confianza alrededor de la econom\u00eda que, por ejemplo,\u00a0no est\u00e1 ni en M\u00e9xico ni en Brasil, donde los obligan a subir mucho m\u00e1s las tasas frente a la inflaci\u00f3n. Este es un elemento de credibilidad que va a funcionar hacia adelante\u201d.<\/p><p>Sin embargo, las expectativas a futuro no son las mismas. Romero explic\u00f3 que otro an\u00e1lisis que se puede hacer es calcular la inflaci\u00f3n real ex-ante, que no utiliza la\u00a0inflaci\u00f3n\u00a0ya observada, sino las expectativas para los pr\u00f3ximos 12 meses. En ese escenario, se\u00f1al\u00f3 Romero, Colombia tiene una tasa de inter\u00e9s real ex-ante que es la segunda m\u00e1s alta entre cinco pa\u00edses de la regi\u00f3n, incluyendo a Brasil, M\u00e9xico, Chile y Per\u00fa.\u00a0\u201cLas expectativas a un a\u00f1o est\u00e1n descendiendo en la regi\u00f3n\u201d, dijo el experto. Mientras tanto, en Colombia est\u00e1n en 6%.<\/p><div class=\"mt-5\"><p><strong>Fuente: <a href=\"https:\/\/www.larepublica.co\/\" target=\"_blank\" rel=\"noopener\">La Rep\u00fablica<\/a><\/strong><\/p><\/div>\t\t\t\t\t\t\t\t<\/div>\n\t\t\t\t\t<\/div>\n\t\t\t\t<\/div>\n\t\t\t\t<\/div>","protected":false},"excerpt":{"rendered":"<p>Si se descuenta la inflaci\u00f3n, la tasa de inter\u00e9s del Banco de la Rep\u00fablica est\u00e1 en 1,63%. Los expertos dicen que el choque en la econom\u00eda no es tan fuerte. Hace tres semanas, y en una declaraci\u00f3n conjunta, el Gobierno, Asobancaria y la Andi pusieron al\u00a0Banco de la Rep\u00fablica\u00a0entre la espada y la pared de [&hellip;]<\/p>","protected":false},"author":4,"featured_media":30971,"comment_status":"open","ping_status":"open","sticky":false,"template":"","format":"standard","meta":{"_joinchat":[],"footnotes":""},"categories":[27,36,29],"tags":[],"class_list":["post-30970","post","type-post","status-publish","format-standard","has-post-thumbnail","hentry","category-noticias-acl","category-contabilidad","category-tributario"],"_links":{"self":[{"href":"https:\/\/aclco.co\/en\/wp-json\/wp\/v2\/posts\/30970","targetHints":{"allow":["GET"]}}],"collection":[{"href":"https:\/\/aclco.co\/en\/wp-json\/wp\/v2\/posts"}],"about":[{"href":"https:\/\/aclco.co\/en\/wp-json\/wp\/v2\/types\/post"}],"author":[{"embeddable":true,"href":"https:\/\/aclco.co\/en\/wp-json\/wp\/v2\/users\/4"}],"replies":[{"embeddable":true,"href":"https:\/\/aclco.co\/en\/wp-json\/wp\/v2\/comments?post=30970"}],"version-history":[{"count":5,"href":"https:\/\/aclco.co\/en\/wp-json\/wp\/v2\/posts\/30970\/revisions"}],"predecessor-version":[{"id":30977,"href":"https:\/\/aclco.co\/en\/wp-json\/wp\/v2\/posts\/30970\/revisions\/30977"}],"wp:featuredmedia":[{"embeddable":true,"href":"https:\/\/aclco.co\/en\/wp-json\/wp\/v2\/media\/30971"}],"wp:attachment":[{"href":"https:\/\/aclco.co\/en\/wp-json\/wp\/v2\/media?parent=30970"}],"wp:term":[{"taxonomy":"category","embeddable":true,"href":"https:\/\/aclco.co\/en\/wp-json\/wp\/v2\/categories?post=30970"},{"taxonomy":"post_tag","embeddable":true,"href":"https:\/\/aclco.co\/en\/wp-json\/wp\/v2\/tags?post=30970"}],"curies":[{"name":"wp","href":"https:\/\/api.w.org\/{rel}","templated":true}]}}