{"id":30988,"date":"2023-10-02T15:25:59","date_gmt":"2023-10-02T20:25:59","guid":{"rendered":"https:\/\/darkgoldenrod-ibex-179495.hostingersite.com\/?p=30988"},"modified":"2023-10-02T15:36:42","modified_gmt":"2023-10-02T20:36:42","slug":"conozca-las-cifras-que-tiene-que-tener-en-cuenta-para-los","status":"publish","type":"post","link":"https:\/\/aclco.co\/en\/conozca-las-cifras-que-tiene-que-tener-en-cuenta-para-los\/","title":{"rendered":"Conozca las cifras que tiene que tener en cuenta para los \u00faltimos tres meses del a\u00f1o"},"content":{"rendered":"<div data-elementor-type=\"wp-post\" data-elementor-id=\"30988\" class=\"elementor elementor-30988\" data-elementor-post-type=\"post\">\n\t\t\t\t<div class=\"elementor-element elementor-element-4fb1ef3 e-flex e-con-boxed e-con e-parent\" data-id=\"4fb1ef3\" data-element_type=\"container\" data-e-type=\"container\">\n\t\t\t\t\t<div class=\"e-con-inner\">\n\t\t\t\t<div class=\"elementor-element elementor-element-e2d721e elementor-widget elementor-widget-text-editor\" data-id=\"e2d721e\" data-element_type=\"widget\" data-e-type=\"widget\" data-widget_type=\"text-editor.default\">\n\t\t\t\t\t\t\t\t\t<h5>Para el inicio del \u00faltimo trimestre, la inflaci\u00f3n se ubic\u00f3 en 11,43%, el desempleo cerr\u00f3 en 9,3% y la venta de vivienda sigue a la baja de tasas.<\/h5><div class=\"relatedNews\"><p>Hacen falta 90 d\u00edas para que se acabe 2023 y de estos, aproximadamente unos 60 d\u00edas h\u00e1biles. A tan solo tres meses para que se acabe el a\u00f1o, los principales indicadores econ\u00f3micos dan cuenta de la desaceleraci\u00f3n de la econom\u00eda, pero tambi\u00e9n de las primeras se\u00f1ales de recuperaci\u00f3n.\u00a0La desaceleraci\u00f3n se puede evidenciar en mercados como el de vivienda, en el cual se vendieron 87,156 en los primeros ocho meses de 2023. Esto es 86.419 unidades menos que en el mismo periodo de 2022.<\/p><p>En l\u00ednea con el mercado de vivienda est\u00e1 el crecimiento del PIB para el segundo trimestre, el cual solo aument\u00f3 en 0,3%.<\/p><p>Sin embargo, se rescata la reducci\u00f3n continua desde hace cinco meses en la inflaci\u00f3n, la cual hoy se ubica en 11,43%, esto es 1,91 puntos porcentuales por debajo del m\u00e1ximo hist\u00f3rico (13,34%) de marzo de este a\u00f1o.<br \/>Aunque leve, tambi\u00e9n ha sido continua la reducci\u00f3n del desempleo, el cual se ubic\u00f3 en 9,3% para septiembre. Para el mismo mes de 2022 este se ubic\u00f3 en 10,6%.<\/p><p>En tema de inflaci\u00f3n, en el \u00faltimo trimestre ser\u00e1 clave el fen\u00f3meno de El Ni\u00f1o y si contin\u00faan o no los aumentos en el gal\u00f3n de gasolina, que se est\u00e1n haciendo de forma progresiva mensualmente.<\/p><p>Entrando a ampliar sobre el mercado de vivienda, de acuerdo con las cifras de coordenada urbana de Camacol, en agosto\u00a0se vendieron 8.699 unidades de vivienda, 52,2% menos que las 18.192 que se comercializaron en agosto de 2022.<\/p><p>Y como dato clave, hay que decir que en informe de Camacol para agosto, todas las regiones analizadas registraron ca\u00eddas en el acumulado de los primeros ocho meses del a\u00f1o.<\/p><p>Sobre esto, C\u00e9sar Tamayo, decano de la facultad de Econom\u00eda de la Universidad Eafit, coment\u00f3 que \u201cen general, todos los indicadores de actividad econ\u00f3mica nos muestran una desaceleraci\u00f3n pronunciada. Casi no creci\u00f3 el <a href=\"https:\/\/darkgoldenrod-ibex-179495.hostingersite.com\/colombia-podria-perder-hasta-25-del-pib-hasta-2050\/\" target=\"_blank\" rel=\"noopener\">PIB<\/a> del segundo trimestre (0.3%) y en lo que va del a\u00f1o, actividades importantes como industria y comercio vienen decreciendo con fuerza.\u00a0Muy severa ha sido la situaci\u00f3n de venta de vivienda, que lleva 10 meses cayendo a doble d\u00edgito y en agosto cay\u00f3 52%\u201d.<\/p><p>En relaci\u00f3n con el crecimiento trimestral de la econom\u00eda, no hay que dejar pasar el tema de exportaciones e importaciones.<\/p><p>\u201cPor el lado de las exportaciones las cosas no parecen estar mejor, pues completan siete meses bajando, y en julio cayeron 30%. Si se suma esto a la inflaci\u00f3n y sus expectativas, puede ser lejana la posibilidad de una reducci\u00f3n de tasas de inter\u00e9s de pol\u00edtica en el futuro pr\u00f3ximo\u201d, agreg\u00f3 Tamayo. Cabe recordar que en el \u00faltimo reporte de exportaciones e importaciones del Dane, se registr\u00f3 que desde enero hasta julio de 2023, las exportaciones del pa\u00eds suman US$28.683 millones, lo que represent\u00f3 una contracci\u00f3n anual de 16,4%.<br \/>El panorama de desempleo, en cambio, ha venido mostrando se\u00f1ales de mejora.<\/p><p>El dato para agosto fue de 9,3%. Asimismo, la informalidad pas\u00f3 de 57,4% en agosto de 2022 a 55,9% en agosto de 2023. En este campo, Jos\u00e9 Manuel Restrepo, rector de la Universidad EIA, coment\u00f3 que \u201cen materia de empleo vamos bien. La tasa de desempleo se ha reducido mes tras mes y se ha mantenido en un solo d\u00edgito. Se ha reducido la brecha de g\u00e9nero en desempleo, y mejora tambi\u00e9n el comportamiento del empleo juvenil\u201d.<\/p><p>Para Restrepo, ese mejor panorama en empleo es un punto que hay que aprovechar para la reactivaci\u00f3n la industria, el comercio y la vivienda; sectores que como ya se mencion\u00f3,\u00a0han venido en desaceleraci\u00f3n. El rector tambi\u00e9n destac\u00f3 el manejo que se le ha dado a la regla fiscal en 2023.<\/p><p>\u201cHay un ajuste fiscal en marcha y llegaremos este a\u00f1o a superar el fiscal primario. Adem\u00e1s, sigue llegando la Inversi\u00f3n Extranjera Directa al pa\u00eds. Pese al bajo crecimiento en el segundo trimestre, el crecimiento del primer semestre es del orden de 1,6%, lo cual es positivo\u201d, agreg\u00f3 Restrepo.<\/p><p>Por su parte, Juan Pablo Vieira, CEO de Tactical Trading, coment\u00f3 que el bajo crecimiento del PIB en el segundo trimestre se evidencia en otros aspectos como la p\u00e9rdida de confianza de los consumidores y empresarios. Para Vieira, la incertidumbre pol\u00edtica impacta en el mercado de renta fija y variable.<\/p><p>\u201cLas reformas que est\u00e1n sobre la mesa, la amenaza de nuevos impuestos a los empresarios, la inseguridad y bloqueos al transporte, el aumento en los precios de la energ\u00eda, el ambiente pol\u00edtico polarizado, entre otros factores, generan interrogantes sobre el desempe\u00f1o econ\u00f3mico para el pa\u00eds en los pr\u00f3ximos meses.\u00a0Son elementos que adem\u00e1s, generan incertidumbre en los mercados de Renta Fija y Renta Variable\u201d, dijo Vieira.<\/p><p>El experto agreg\u00f3 que a hoy, \u201cel d\u00f3lar parece haber llegado a su piso, se hace evidente que el apetito comprador ha finalizado en el tercer trimestre del a\u00f1o\u201d. Cabe recordar que la tasa de cambio ha llegado a romper la barrera de $3.900. Sin embargo, no ha iniciado una clara tendencia de revaluaci\u00f3n.<\/p><p>En renta variable, Vieira explic\u00f3 que el panorama es positivo de corto plazo por la valorizaci\u00f3n de varios activos, luego de un movimiento extendido a la baja y sobrevendido durante los \u00faltimos meses. Pero advirti\u00f3 que \u201cla incertidumbre continuar\u00e1 de no existir un compromiso gubernamental por cuidar la confianza inversionista\u201d.<\/p><p>Y por el lado de la Renta Fija, se\u00f1al\u00f3 que puede venir un nuevo aumento de tasas, es decir, una baja en precio, de confirmarse una modificaci\u00f3n en la regla fiscal.<\/p><p>Regresando al tema de inflaci\u00f3n, punto que acapar\u00f3 la atenci\u00f3n econ\u00f3mica a inicios del a\u00f1o, hay que decir que aunque el IPC sigue presionando al alza, ya no es el rubro que m\u00e1s preocupa. Actualmente los sectores de combustibles y energ\u00e9ticos, son los que m\u00e1s jalonan. Por eso, para el \u00faltimo trimestre ser\u00e1 clave la evoluci\u00f3n del Fen\u00f3meno de El Ni\u00f1o y los incrementos en el gal\u00f3n de gasolina.<\/p><p>Seg\u00fan lo se\u00f1al\u00f3 un estudio de Corficolombiana, el fen\u00f3meno de El Ni\u00f1o tiene dos canales por los cuales impactar\u00e1 los precios de la energ\u00eda. Por un lado, el menor nivel de reservas h\u00eddricas exacerbar\u00e1 los precios en bolsa. En segundo lugar, una presi\u00f3n alcista vendr\u00e1 adicionalmente de los efectos de El Ni\u00f1o sobre el principal indexador de los contratos de largo plazo.<\/p><p>Hay que recordar que en los \u00faltimos meses las comercializadoras de\u00a0energ\u00eda\u00a0el\u00e9ctrica han advertido riesgos de liquidez ante mayor precio en bolsa. Este lleg\u00f3 a un nivel de $1.000 kWh\/h, pero este precio coincidi\u00f3 en un momento en el que los embalses tienen un nivel significativo de 78%.<\/p><p>Aunque puede reconfortar el hecho de que solo 20% del mercado de energ\u00eda tiene exposici\u00f3n a bolsa, a\u00fan no es claro el impacto que puede tener el panorama en el sector sobre las tarifas de los usuarios.<\/p><p>Y sobre la gasolina, este a\u00f1o el Gobierno ha mantenido la l\u00ednea de establecer incrementos continuos sobre el precio del gal\u00f3n de gasolina. Esto se ha hecho con el prop\u00f3sito de cerrar el d\u00e9ficit en el Fondo de Estabilizaci\u00f3n de Precios de los Combustibles, Fepc. Actualmente el precio promedio del gal\u00f3n se ubica en $13.954, a la espera de que se confirme si habr\u00e1n nuevos incrementos y de cu\u00e1nto ser\u00e1n.<\/p><p>Ante esto, en los \u00faltimos meses, transportadores y taxistas han reiterado ante el Ministerio de Transporte su intenci\u00f3n de que se revise la f\u00f3rmula que fija los precios de los combustibles. \u201cEn las condiciones actuales, con un ajuste que se haga para octubre de $600 alcanzar\u00edamos el precio internacional, dado que adem\u00e1s el precio de alcohol carburante va subir $400 este mes. Si el ajuste fuera de $400 por gal\u00f3n quedar\u00edamos muy cerca y en noviembre llegar\u00edamos al precio internacional\u201d, se\u00f1al\u00f3 el presidente de Xua Energy, Julio C\u00e9sar Vera.<\/p><p>Y finalmente, aunque no se trata de indicadores econ\u00f3micos, no se puede dejar pasar lo que ha sido el tr\u00e1mite de las reformas en 2023. Estos proyectos han instaurando el panorama pol\u00edtico del actual Gobierno, sobre el que se\u00a0est\u00e1 a la espera si se establece el Acuerdo Nacional que ha propuesto el presidente. De lograrse, este podr\u00eda generar un panorama de m\u00e1s concertaci\u00f3n con los gremios.<\/p><h3><strong>Emisor aument\u00f3 expectativa de inflaci\u00f3n para el cierre de 2024<\/strong><\/h3><p>A\u00fan cuando el ministro Ricardo Bonilla y algunos de los gremios hab\u00edan argumentado que se deb\u00eda iniciar con la reducci\u00f3n en las tasas, en la \u00faltima Junta, el Emisor decidi\u00f3 mantenerla en 13,25%. La raz\u00f3n detr\u00e1s de esta decisi\u00f3n es que aunque la inflaci\u00f3n s\u00ed se ha desacelerado, esta a\u00fan se ubica en un nivel superior al esperado por el mismo Banco de la Rep\u00fablica. Y dado que el IPC a\u00fan se mantiene alejado de la meta de 3%, el Banco realiz\u00f3 una variaci\u00f3n en sus expectativas. Ahora se espera llegar a una inflaci\u00f3n de 5% para el cierre de 2024.<\/p><\/div><div class=\"mt-5\"><p><strong>Fuente: <a href=\"https:\/\/www.larepublica.co\/\" target=\"_blank\" rel=\"noopener\">La Rep\u00fablica<\/a><\/strong><\/p><\/div>\t\t\t\t\t\t\t\t<\/div>\n\t\t\t\t\t<\/div>\n\t\t\t\t<\/div>\n\t\t\t\t<\/div>","protected":false},"excerpt":{"rendered":"<p>Para el inicio del \u00faltimo trimestre, la inflaci\u00f3n se ubic\u00f3 en 11,43%, el desempleo cerr\u00f3 en 9,3% y la venta de vivienda sigue a la baja de tasas. Hacen falta 90 d\u00edas para que se acabe 2023 y de estos, aproximadamente unos 60 d\u00edas h\u00e1biles. A tan solo tres meses para que se acabe el [&hellip;]<\/p>","protected":false},"author":4,"featured_media":30989,"comment_status":"open","ping_status":"open","sticky":false,"template":"","format":"standard","meta":{"_joinchat":[],"footnotes":""},"categories":[27,36,35],"tags":[],"class_list":["post-30988","post","type-post","status-publish","format-standard","has-post-thumbnail","hentry","category-noticias-acl","category-contabilidad","category-economia-finanzas"],"_links":{"self":[{"href":"https:\/\/aclco.co\/en\/wp-json\/wp\/v2\/posts\/30988","targetHints":{"allow":["GET"]}}],"collection":[{"href":"https:\/\/aclco.co\/en\/wp-json\/wp\/v2\/posts"}],"about":[{"href":"https:\/\/aclco.co\/en\/wp-json\/wp\/v2\/types\/post"}],"author":[{"embeddable":true,"href":"https:\/\/aclco.co\/en\/wp-json\/wp\/v2\/users\/4"}],"replies":[{"embeddable":true,"href":"https:\/\/aclco.co\/en\/wp-json\/wp\/v2\/comments?post=30988"}],"version-history":[{"count":5,"href":"https:\/\/aclco.co\/en\/wp-json\/wp\/v2\/posts\/30988\/revisions"}],"predecessor-version":[{"id":30995,"href":"https:\/\/aclco.co\/en\/wp-json\/wp\/v2\/posts\/30988\/revisions\/30995"}],"wp:featuredmedia":[{"embeddable":true,"href":"https:\/\/aclco.co\/en\/wp-json\/wp\/v2\/media\/30989"}],"wp:attachment":[{"href":"https:\/\/aclco.co\/en\/wp-json\/wp\/v2\/media?parent=30988"}],"wp:term":[{"taxonomy":"category","embeddable":true,"href":"https:\/\/aclco.co\/en\/wp-json\/wp\/v2\/categories?post=30988"},{"taxonomy":"post_tag","embeddable":true,"href":"https:\/\/aclco.co\/en\/wp-json\/wp\/v2\/tags?post=30988"}],"curies":[{"name":"wp","href":"https:\/\/api.w.org\/{rel}","templated":true}]}}