{"id":31016,"date":"2023-10-05T11:53:35","date_gmt":"2023-10-05T16:53:35","guid":{"rendered":"https:\/\/darkgoldenrod-ibex-179495.hostingersite.com\/?p=31016"},"modified":"2023-10-05T12:21:58","modified_gmt":"2023-10-05T17:21:58","slug":"esperamos-que-en-septiembre-el-resultado-de-inflacion","status":"publish","type":"post","link":"https:\/\/aclco.co\/en\/esperamos-que-en-septiembre-el-resultado-de-inflacion\/","title":{"rendered":"\u00abEsperamos que en septiembre el resultado de inflaci\u00f3n se ubique por debajo de 11%\u00bb"},"content":{"rendered":"<div data-elementor-type=\"wp-post\" data-elementor-id=\"31016\" class=\"elementor elementor-31016\" data-elementor-post-type=\"post\">\n\t\t\t\t<div class=\"elementor-element elementor-element-4fb1ef3 e-flex e-con-boxed e-con e-parent\" data-id=\"4fb1ef3\" data-element_type=\"container\" data-e-type=\"container\">\n\t\t\t\t\t<div class=\"e-con-inner\">\n\t\t\t\t<div class=\"elementor-element elementor-element-e2d721e elementor-widget elementor-widget-text-editor\" data-id=\"e2d721e\" data-element_type=\"widget\" data-e-type=\"widget\" data-widget_type=\"text-editor.default\">\n\t\t\t\t\t\t\t\t\t<h5>El ministro de Hacienda, Ricardo Bonilla, se\u00f1al\u00f3 que si el IPC se ubica por debajo de 11%, reducci\u00f3n de tasas iniciar\u00e1 en octubre.<\/h5><div class=\"mt-5\"><p>En el Congreso Anual de Colfecar, el <a href=\"https:\/\/darkgoldenrod-ibex-179495.hostingersite.com\/minhacienda-preve-que-la-inflacion-cierre-95-y-el\/\" target=\"_blank\" rel=\"noopener\">ministro de Hacienda<\/a>, Ricardo Bonilla, intervino para dar un balance de la econom\u00eda nacional. El alto funcionario enfatiz\u00f3 en la importancia de la del sector privado para la econom\u00eda del pa\u00eds y actualiz\u00f3 las expectativas de inflaci\u00f3n y tasas del Emisor.<\/p><p>Se\u00f1al\u00f3 que para el cierre del a\u00f1o se espera tener una inflaci\u00f3n de 9,2%, la reducci\u00f3n de tasas podr\u00eda iniciar en octubre.<\/p><p>\u00abEn el primer semestre consolidado de 2023 consolidamos un crecimiento de 1,6%,esperamos terminar el a\u00f1o en 1,8%. Las expectativas han ido subiendo. Por lo pronto, hay que decir que no tenemos expectativas de recesi\u00f3n. Esperamos recuperar la econom\u00eda en este \u00faltimo trimestre\u00bb.<\/p><p>Bonilla agreg\u00f3 que \u00abel Gobierno tiene una estrategia de recuperaci\u00f3n que ya arranc\u00f3. Uno de los sectores que hay que recuperar es Construcci\u00f3n. Es en el que corto plazo permite generar nuevos puestos de trabajo y nuevas din\u00e1micas de la econom\u00eda. En construcci\u00f3n hay dos subsectores clave, Obras Civiles y Vivienda\u00bb. Destac\u00f3 desde que el Ministerio de Vivienda se han logrado colocar 35.000 subsidios este a\u00f1o, para completar 50.000 subsidios a la Vivienda de Inter\u00e9s Social.<\/p><p>\u00abLa Encuesta de Hogares nos dice que empez\u00f3 a contratarse gente en el sector de Construcci\u00f3n, lo cual es una se\u00f1al de dinamismo de la econom\u00eda. Esperamos un mejor trimestre y cerrar el a\u00f1o en 1,8%. Eso est\u00e1 80% por encima de lo previsto. As\u00ed, proyectamos empezar mejor el 2024 y regresar a la senda del crecimiento de 3%\u00bb, se\u00f1al\u00f3.<\/p><p><strong>Fuente: <a href=\"https:\/\/www.larepublica.co\/\" target=\"_blank\" rel=\"noopener\">La Rep\u00fablica<\/a><\/strong><\/p><\/div>\t\t\t\t\t\t\t\t<\/div>\n\t\t\t\t\t<\/div>\n\t\t\t\t<\/div>\n\t\t\t\t<\/div>","protected":false},"excerpt":{"rendered":"<p>El ministro de Hacienda, Ricardo Bonilla, se\u00f1al\u00f3 que si el IPC se ubica por debajo de 11%, reducci\u00f3n de tasas iniciar\u00e1 en octubre. En el Congreso Anual de Colfecar, el ministro de Hacienda, Ricardo Bonilla, intervino para dar un balance de la econom\u00eda nacional. El alto funcionario enfatiz\u00f3 en la importancia de la del sector [&hellip;]<\/p>","protected":false},"author":4,"featured_media":31017,"comment_status":"open","ping_status":"open","sticky":false,"template":"","format":"standard","meta":{"_joinchat":[],"footnotes":""},"categories":[27,36,35],"tags":[],"class_list":["post-31016","post","type-post","status-publish","format-standard","has-post-thumbnail","hentry","category-noticias-acl","category-contabilidad","category-economia-finanzas"],"_links":{"self":[{"href":"https:\/\/aclco.co\/en\/wp-json\/wp\/v2\/posts\/31016","targetHints":{"allow":["GET"]}}],"collection":[{"href":"https:\/\/aclco.co\/en\/wp-json\/wp\/v2\/posts"}],"about":[{"href":"https:\/\/aclco.co\/en\/wp-json\/wp\/v2\/types\/post"}],"author":[{"embeddable":true,"href":"https:\/\/aclco.co\/en\/wp-json\/wp\/v2\/users\/4"}],"replies":[{"embeddable":true,"href":"https:\/\/aclco.co\/en\/wp-json\/wp\/v2\/comments?post=31016"}],"version-history":[{"count":11,"href":"https:\/\/aclco.co\/en\/wp-json\/wp\/v2\/posts\/31016\/revisions"}],"predecessor-version":[{"id":31029,"href":"https:\/\/aclco.co\/en\/wp-json\/wp\/v2\/posts\/31016\/revisions\/31029"}],"wp:featuredmedia":[{"embeddable":true,"href":"https:\/\/aclco.co\/en\/wp-json\/wp\/v2\/media\/31017"}],"wp:attachment":[{"href":"https:\/\/aclco.co\/en\/wp-json\/wp\/v2\/media?parent=31016"}],"wp:term":[{"taxonomy":"category","embeddable":true,"href":"https:\/\/aclco.co\/en\/wp-json\/wp\/v2\/categories?post=31016"},{"taxonomy":"post_tag","embeddable":true,"href":"https:\/\/aclco.co\/en\/wp-json\/wp\/v2\/tags?post=31016"}],"curies":[{"name":"wp","href":"https:\/\/api.w.org\/{rel}","templated":true}]}}