{"id":31031,"date":"2023-10-06T15:02:39","date_gmt":"2023-10-06T20:02:39","guid":{"rendered":"https:\/\/darkgoldenrod-ibex-179495.hostingersite.com\/?p=31031"},"modified":"2023-10-06T15:16:36","modified_gmt":"2023-10-06T20:16:36","slug":"reforma-laboral-busca-acabar-con-los-contratos-de","status":"publish","type":"post","link":"https:\/\/aclco.co\/en\/reforma-laboral-busca-acabar-con-los-contratos-de\/","title":{"rendered":"Reforma laboral busca acabar con los contratos de prestaci\u00f3n de servicios en el Estado"},"content":{"rendered":"<div data-elementor-type=\"wp-post\" data-elementor-id=\"31031\" class=\"elementor elementor-31031\" data-elementor-post-type=\"post\">\n\t\t\t\t<div class=\"elementor-element elementor-element-4fb1ef3 e-flex e-con-boxed e-con e-parent\" data-id=\"4fb1ef3\" data-element_type=\"container\" data-e-type=\"container\">\n\t\t\t\t\t<div class=\"e-con-inner\">\n\t\t\t\t<div class=\"elementor-element elementor-element-e2d721e elementor-widget elementor-widget-text-editor\" data-id=\"e2d721e\" data-element_type=\"widget\" data-e-type=\"widget\" data-widget_type=\"text-editor.default\">\n\t\t\t\t\t\t\t\t\t<h5>Gloria In\u00e9s Ram\u00edrez, ministra de Trabajo, se pronunci\u00f3 luego de los se\u00f1alamientos del gremio de comerciales a la <a href=\"https:\/\/darkgoldenrod-ibex-179495.hostingersite.com\/reforma-laboral-deja-en-el-aire-la-seguridad-social\/\" target=\"_blank\" rel=\"noopener\">reforma laboral<\/a>.<\/h5><div class=\"mt-5\"><p>La ministra de Trabajo Gloria In\u00e9s Ram\u00edrez asegur\u00f3 este viernes que\u00a0el gremio de los comerciantes, Fenalco, no est\u00e1 de acuerdo con ninguna de las reformas sociales planteadas por el <a href=\"https:\/\/darkgoldenrod-ibex-179495.hostingersite.com\/gobierno-lanzara-mecanismo-para-devolver-parte\/\" target=\"_blank\" rel=\"noopener\">Gobierno<\/a> porque, a su juicio, est\u00e1n muy c\u00f3modos con lo que tienen ahora.<\/p><p>\u201cFenalco estuvo en las mesas de trabajo, otra cosa es que le tienen que decir al pa\u00eds que ellos no est\u00e1n de acuerdo con ninguna reforma, porque est\u00e1n muy c\u00f3modos con lo que tienen hoy\u201d, puntualiz\u00f3, la titular de la cartera laboral en un evento p\u00fablico en el que particip\u00f3 este viernes.<\/p><p><\/p><p>Ram\u00edrez precis\u00f3 tambi\u00e9n que la reforma laboral ser\u00e1 para aplicar al sector privado. Adem\u00e1s,\u00a0agreg\u00f3 que habr\u00e1 una importante reducci\u00f3n de contratos de prestaci\u00f3n de servicios en el sector p\u00fablico.<\/p><p>\u201cLas \u00f3rdenes de prestaci\u00f3n de servicios en el estado las vamos a acabar, ya tenemos unos procesos de meritocracia y\u00a0desde luego para el a\u00f1o entrante disminuir\u00e1n ostensiblemente porque no es justo, lo que yo llamo los contratos basura, que una persona trabaje 12 meses y le paguen 8, pero adem\u00e1s que le evadan a trav\u00e9s de ese tipo de contrataci\u00f3n sus derechos sociales\u201d, explic\u00f3, la titular de la cartera\u00a0laboral.<\/p><p><strong>Fuente: <a href=\"https:\/\/www.larepublica.co\/\" target=\"_blank\" rel=\"noopener\">La Rep\u00fablica<\/a><\/strong><\/p><\/div>\t\t\t\t\t\t\t\t<\/div>\n\t\t\t\t\t<\/div>\n\t\t\t\t<\/div>\n\t\t\t\t<\/div>","protected":false},"excerpt":{"rendered":"<p>Gloria In\u00e9s Ram\u00edrez, ministra de Trabajo, se pronunci\u00f3 luego de los se\u00f1alamientos del gremio de comerciales a la reforma laboral. La ministra de Trabajo Gloria In\u00e9s Ram\u00edrez asegur\u00f3 este viernes que\u00a0el gremio de los comerciantes, Fenalco, no est\u00e1 de acuerdo con ninguna de las reformas sociales planteadas por el Gobierno porque, a su juicio, est\u00e1n [&hellip;]<\/p>","protected":false},"author":4,"featured_media":31032,"comment_status":"open","ping_status":"open","sticky":false,"template":"","format":"standard","meta":{"_joinchat":[],"footnotes":""},"categories":[27,36,34],"tags":[],"class_list":["post-31031","post","type-post","status-publish","format-standard","has-post-thumbnail","hentry","category-noticias-acl","category-contabilidad","category-laboral"],"_links":{"self":[{"href":"https:\/\/aclco.co\/en\/wp-json\/wp\/v2\/posts\/31031","targetHints":{"allow":["GET"]}}],"collection":[{"href":"https:\/\/aclco.co\/en\/wp-json\/wp\/v2\/posts"}],"about":[{"href":"https:\/\/aclco.co\/en\/wp-json\/wp\/v2\/types\/post"}],"author":[{"embeddable":true,"href":"https:\/\/aclco.co\/en\/wp-json\/wp\/v2\/users\/4"}],"replies":[{"embeddable":true,"href":"https:\/\/aclco.co\/en\/wp-json\/wp\/v2\/comments?post=31031"}],"version-history":[{"count":9,"href":"https:\/\/aclco.co\/en\/wp-json\/wp\/v2\/posts\/31031\/revisions"}],"predecessor-version":[{"id":31044,"href":"https:\/\/aclco.co\/en\/wp-json\/wp\/v2\/posts\/31031\/revisions\/31044"}],"wp:featuredmedia":[{"embeddable":true,"href":"https:\/\/aclco.co\/en\/wp-json\/wp\/v2\/media\/31032"}],"wp:attachment":[{"href":"https:\/\/aclco.co\/en\/wp-json\/wp\/v2\/media?parent=31031"}],"wp:term":[{"taxonomy":"category","embeddable":true,"href":"https:\/\/aclco.co\/en\/wp-json\/wp\/v2\/categories?post=31031"},{"taxonomy":"post_tag","embeddable":true,"href":"https:\/\/aclco.co\/en\/wp-json\/wp\/v2\/tags?post=31031"}],"curies":[{"name":"wp","href":"https:\/\/api.w.org\/{rel}","templated":true}]}}