{"id":31046,"date":"2023-10-10T06:00:00","date_gmt":"2023-10-10T11:00:00","guid":{"rendered":"https:\/\/darkgoldenrod-ibex-179495.hostingersite.com\/?p=31046"},"modified":"2023-10-09T20:47:05","modified_gmt":"2023-10-10T01:47:05","slug":"deuda-externa-llego-a-su-punto-mas-alto-del-ano-en-julio","status":"publish","type":"post","link":"https:\/\/aclco.co\/en\/deuda-externa-llego-a-su-punto-mas-alto-del-ano-en-julio\/","title":{"rendered":"Deuda externa lleg\u00f3 a su punto m\u00e1s alto del a\u00f1o en julio con US$190.429 millones"},"content":{"rendered":"<div data-elementor-type=\"wp-post\" data-elementor-id=\"31046\" class=\"elementor elementor-31046\" data-elementor-post-type=\"post\">\n\t\t\t\t<div class=\"elementor-element elementor-element-4fb1ef3 e-flex e-con-boxed e-con e-parent\" data-id=\"4fb1ef3\" data-element_type=\"container\" data-e-type=\"container\">\n\t\t\t\t\t<div class=\"e-con-inner\">\n\t\t\t\t<div class=\"elementor-element elementor-element-e2d721e elementor-widget elementor-widget-text-editor\" data-id=\"e2d721e\" data-element_type=\"widget\" data-e-type=\"widget\" data-widget_type=\"text-editor.default\">\n\t\t\t\t\t\t\t\t\t<h5>El dato reportado por el <a href=\"https:\/\/darkgoldenrod-ibex-179495.hostingersite.com\/banco-de-bogota-va-por-el-millon-de-arboles\/\" target=\"_blank\" rel=\"noopener\">Banco<\/a> de la Rep\u00fablica para este indicador indica que se present\u00f3 un crecimiento de 1,54% contra junio.<\/h5><div class=\"mt-5\"><p>En el informe mensual del <a href=\"https:\/\/www.banrep.gov.co\/es\" target=\"_blank\" rel=\"noopener\">Banco de la Rep\u00fablica<\/a> de la deuda externa para julio se dio a conocer que\u00a0ascendi\u00f3 a US$190.429 millones y represent\u00f3 57,0% del PIB.<\/p><p>Para ese mes, la\u00a0deuda\u00a0p\u00fablica fue de US$108.398 millones y represent\u00f3 23,4% del PIB, mientras que\u00a0en el caso de la deuda privada alcanz\u00f3 US$82.032 millones y ocup\u00f3 24,5% del PIB.<\/p><p>La deuda externa repunt\u00f3 0,48% en\u00a0junio\u00a0hasta US$187.529 millones y represent\u00f3 56,1% del Producto Interno Bruto de Colombia.\u00a0Esto significa que para el dato de julio increment\u00f3 en 1,54%.<\/p><p>Con los datos de julio, la deuda externa toca el techo m\u00e1s alto del a\u00f1o. En mayo, hab\u00eda sumado US$186.633 millones, lo que signific\u00f3 una mejora en su momento, frente al mes inmediatamente anterior.<\/p><p><strong>Fuente: <a href=\"https:\/\/www.larepublica.co\/\" target=\"_blank\" rel=\"noopener\">La Rep\u00fablica<\/a><\/strong><\/p><\/div>\t\t\t\t\t\t\t\t<\/div>\n\t\t\t\t\t<\/div>\n\t\t\t\t<\/div>\n\t\t\t\t<\/div>","protected":false},"excerpt":{"rendered":"<p>El dato reportado por el Banco de la Rep\u00fablica para este indicador indica que se present\u00f3 un crecimiento de 1,54% contra junio. En el informe mensual del Banco de la Rep\u00fablica de la deuda externa para julio se dio a conocer que\u00a0ascendi\u00f3 a US$190.429 millones y represent\u00f3 57,0% del PIB. Para ese mes, la\u00a0deuda\u00a0p\u00fablica fue [&hellip;]<\/p>","protected":false},"author":4,"featured_media":31047,"comment_status":"open","ping_status":"open","sticky":false,"template":"","format":"standard","meta":{"_joinchat":[],"footnotes":""},"categories":[27,36,35],"tags":[],"class_list":["post-31046","post","type-post","status-publish","format-standard","has-post-thumbnail","hentry","category-noticias-acl","category-contabilidad","category-economia-finanzas"],"_links":{"self":[{"href":"https:\/\/aclco.co\/en\/wp-json\/wp\/v2\/posts\/31046","targetHints":{"allow":["GET"]}}],"collection":[{"href":"https:\/\/aclco.co\/en\/wp-json\/wp\/v2\/posts"}],"about":[{"href":"https:\/\/aclco.co\/en\/wp-json\/wp\/v2\/types\/post"}],"author":[{"embeddable":true,"href":"https:\/\/aclco.co\/en\/wp-json\/wp\/v2\/users\/4"}],"replies":[{"embeddable":true,"href":"https:\/\/aclco.co\/en\/wp-json\/wp\/v2\/comments?post=31046"}],"version-history":[{"count":7,"href":"https:\/\/aclco.co\/en\/wp-json\/wp\/v2\/posts\/31046\/revisions"}],"predecessor-version":[{"id":31055,"href":"https:\/\/aclco.co\/en\/wp-json\/wp\/v2\/posts\/31046\/revisions\/31055"}],"wp:featuredmedia":[{"embeddable":true,"href":"https:\/\/aclco.co\/en\/wp-json\/wp\/v2\/media\/31047"}],"wp:attachment":[{"href":"https:\/\/aclco.co\/en\/wp-json\/wp\/v2\/media?parent=31046"}],"wp:term":[{"taxonomy":"category","embeddable":true,"href":"https:\/\/aclco.co\/en\/wp-json\/wp\/v2\/categories?post=31046"},{"taxonomy":"post_tag","embeddable":true,"href":"https:\/\/aclco.co\/en\/wp-json\/wp\/v2\/tags?post=31046"}],"curies":[{"name":"wp","href":"https:\/\/api.w.org\/{rel}","templated":true}]}}