{"id":31064,"date":"2023-10-13T12:10:25","date_gmt":"2023-10-13T17:10:25","guid":{"rendered":"https:\/\/darkgoldenrod-ibex-179495.hostingersite.com\/?p=31064"},"modified":"2023-10-13T12:48:49","modified_gmt":"2023-10-13T17:48:49","slug":"se-recaudara-menos-con-la-tributaria-tras-la-decision","status":"publish","type":"post","link":"https:\/\/aclco.co\/en\/se-recaudara-menos-con-la-tributaria-tras-la-decision\/","title":{"rendered":"Se recaudar\u00e1 menos con la tributaria tras la decisi\u00f3n de la Corte sobre zonas francas"},"content":{"rendered":"<div data-elementor-type=\"wp-post\" data-elementor-id=\"31064\" class=\"elementor elementor-31064\" data-elementor-post-type=\"post\">\n\t\t\t\t<div class=\"elementor-element elementor-element-4fb1ef3 e-flex e-con-boxed e-con e-parent\" data-id=\"4fb1ef3\" data-element_type=\"container\" data-e-type=\"container\">\n\t\t\t\t\t<div class=\"e-con-inner\">\n\t\t\t\t<div class=\"elementor-element elementor-element-e2d721e elementor-widget elementor-widget-text-editor\" data-id=\"e2d721e\" data-element_type=\"widget\" data-e-type=\"widget\" data-widget_type=\"text-editor.default\">\n\t\t\t\t\t\t\t\t\t<h5>La reforma tributaria dejar\u00eda de recaudar cerca de $600.000 millones anuales por decisi\u00f3n sobre tarifas para estos usuarios, seg\u00fan expertos.<\/h5><div class=\"mt-5\"><div class=\"news economiaSect\"><div class=\"html-content\"><p>Aunque la <a href=\"https:\/\/www.corteconstitucional.gov.co\/\" target=\"_blank\" rel=\"noopener\">Corte Constitucional<\/a> declar\u00f3 que el r\u00e9gimen tarifario del impuesto sobre la renta para usuarios de las zonas francas, de la reforma tributaria que se aprob\u00f3 el a\u00f1o pasado, se ajusta a los principios de legalidad y certeza tributaria, \u00abse estim\u00f3 que su regulaci\u00f3n desconoce los principios de buena fe y de confianza leg\u00edtima\u00bb, por eso, condicion\u00f3 la norma, una decisi\u00f3n que llevar\u00e1, seg\u00fan expertos, a una disminuci\u00f3n en el recaudo esperado por esta tributaria.<\/p><p>La Corte determin\u00f3 que los usuarios industriales de las zonas francas\u00a0que hubieran cumplido las condiciones para acceder al r\u00e9gimen tarifario del impuesto sobre la renta antes de la entrada en vigencia de la reforma tributaria de diciembre de 2022,\u00a0seguir\u00e1n regulados por la Ley 1819 de 2016 y no por la aprobada el a\u00f1o pasado.<\/p><p>La determinaci\u00f3n del alto tribunal se dio al resolver una demanda contra la Ley 2277 de 2022, que adopt\u00f3 la reforma tributaria a partir del 13 de diciembre del a\u00f1o pasado.<\/p><p>Entonces, con las estimaciones del <a href=\"https:\/\/darkgoldenrod-ibex-179495.hostingersite.com\/borador-decreto-para-impuestos-a-plataformas-digitales\/\" target=\"_blank\" rel=\"noopener\">Ministerio de Hacienda<\/a> en el Marco Fiscal de Mediano Plazo sobre el recaudo esperado, C\u00e9sar Cerme\u00f1o, socio de DLA Piper Mart\u00ednez Beltr\u00e1n, indic\u00f3 que\u00a0el impacto de la decisi\u00f3n de la Corte es que se pueden dejar de recaudar hasta $600.000 millones al a\u00f1o.<\/p><p>\u00abUno podr\u00eda decir que,\u00a0aunque es muy dif\u00edcil estimar el impacto en recaudo que se buscaba en la norma, ya que algunos consideran que los beneficios de las din\u00e1micas de las zonas francas son mayores a los que se generan con su eliminaci\u00f3n, lo cierto es que en el Marco Fiscal de Mediano Plazo el Gobierno estimaba un impacto aproximado de $600.000 millones por a\u00f1o desde 2025\u00bb, argument\u00f3 Cerme\u00f1o.<\/p><p>La reforma tributaria aument\u00f3 la tarifa de impuesto a la renta que pagan todos los usuarios de zona franca (20%) para llevarla, en principio, a la nueva tarifa general (35%).\u00a0Y, si los usuarios de zona franca quer\u00edan seguir con el beneficio diferencial de 20%, deb\u00edan contar con un plan de internacionalizaci\u00f3n aprobado y vigente, pues sin \u00e9l, deb\u00edan pagar necesariamente la tarifa general de 35% de impuesto de renta a partir de 2024, explic\u00f3 el experto.<\/p><p>Cerme\u00f1o indic\u00f3 que \u00ablos usuarios de zonas francas se acog\u00edan a unos principios, objetivos y fines que ten\u00eda el r\u00e9gimen tributario de estos lugares y, en general, el comercio internacional que se maneja en el pa\u00eds, por lo que\u00a0un cambio tan dr\u00e1stico en este \u00e1mbito generaba una defraudaci\u00f3n de la confianza leg\u00edtima del contribuyente\u00bb.<\/p><p>La Sala Plena destac\u00f3 que, en el caso \u201cno se modific\u00f3 un esquema de beneficio tributario preexistente, sino que se introdujo uno nuevo basado en la actividad exportadora.\u00a0Por ello, la exportaci\u00f3n de bienes y servicios no era un requisito exigible ni previsible para los usuarios industriales ya calificados al momento del cambio normativo introducido por la Ley 2277 de 2022\u201d.<\/p><p>La Corte resalt\u00f3 que los contribuyentes hab\u00edan cumplido con las condiciones establecidas en la Ley 1004 de 2005 y sus normas reglamentarias,\u00a0que exig\u00edan definir su objeto social como usuarios de zonas francas, realizar inversiones m\u00ednimas y proporcionar empleo. Por lo tanto,\u00a0deb\u00eda protegerse su situaci\u00f3n de cara al beneficio tributario frente al \u201ccambio s\u00fabito e imprevisible de las condiciones\u00a0fundamentales para acceder al mismo\u201d.<\/p><p>As\u00ed, el alto tribunal declar\u00f3 exequibles los numerales 1, 2 y 3 y el par\u00e1grafo 6 del art\u00edculo 11 de la reforma tributaria, con la condici\u00f3n de que\u00a0el r\u00e9gimen tarifario del art\u00edculo 101 de la Ley 1819 de 2016 continuar\u00eda aplic\u00e1ndose a los contribuyentes que hubieran cumplido las condiciones para acceder al mismo antes del 13 de diciembre de 2022.\u00a0Esta medida busca proteger a quienes ya hab\u00edan cumplido con los requisitos establecidos en el r\u00e9gimen anterior y que se vieron sorprendidos por el cambio normativo.<\/p><p>Sobre la decisi\u00f3n, Javier Blel Bitar, Socio de Tax Controversy de Deloitte, asegur\u00f3 que \u00abaplaudo la decisi\u00f3n de la Corte Constitucional en el sentido de proteger la buena fe y los derechos adquiridos de los usuarios de Zona Franca que ten\u00edan una tarifa de 20% del impuesto sobre la renta\u00bb.<\/p><p>Descarga el comunido en el siguiente link:<\/p><p style=\"text-align: center;\"><a href=\"https:\/\/aclco.co\/wp-content\/uploads\/2023\/10\/COMUNICADO-36-Octubre-2-de-2023.pdf\">COMUNICADO-36-Octubre-2-de-2023<\/a><\/p><\/div><\/div><p><strong>Fuente: <a href=\"https:\/\/www.larepublica.co\/\" target=\"_blank\" rel=\"noopener\">La Rep\u00fablica<\/a><\/strong><\/p><\/div>\t\t\t\t\t\t\t\t<\/div>\n\t\t\t\t\t<\/div>\n\t\t\t\t<\/div>\n\t\t\t\t<\/div>","protected":false},"excerpt":{"rendered":"<p>La reforma tributaria dejar\u00eda de recaudar cerca de $600.000 millones anuales por decisi\u00f3n sobre tarifas para estos usuarios, seg\u00fan expertos. Aunque la Corte Constitucional declar\u00f3 que el r\u00e9gimen tarifario del impuesto sobre la renta para usuarios de las zonas francas, de la reforma tributaria que se aprob\u00f3 el a\u00f1o pasado, se ajusta a los principios [&hellip;]<\/p>","protected":false},"author":4,"featured_media":31065,"comment_status":"open","ping_status":"open","sticky":false,"template":"","format":"standard","meta":{"_joinchat":[],"footnotes":""},"categories":[27,36,29],"tags":[],"class_list":["post-31064","post","type-post","status-publish","format-standard","has-post-thumbnail","hentry","category-noticias-acl","category-contabilidad","category-tributario"],"_links":{"self":[{"href":"https:\/\/aclco.co\/en\/wp-json\/wp\/v2\/posts\/31064","targetHints":{"allow":["GET"]}}],"collection":[{"href":"https:\/\/aclco.co\/en\/wp-json\/wp\/v2\/posts"}],"about":[{"href":"https:\/\/aclco.co\/en\/wp-json\/wp\/v2\/types\/post"}],"author":[{"embeddable":true,"href":"https:\/\/aclco.co\/en\/wp-json\/wp\/v2\/users\/4"}],"replies":[{"embeddable":true,"href":"https:\/\/aclco.co\/en\/wp-json\/wp\/v2\/comments?post=31064"}],"version-history":[{"count":5,"href":"https:\/\/aclco.co\/en\/wp-json\/wp\/v2\/posts\/31064\/revisions"}],"predecessor-version":[{"id":31072,"href":"https:\/\/aclco.co\/en\/wp-json\/wp\/v2\/posts\/31064\/revisions\/31072"}],"wp:featuredmedia":[{"embeddable":true,"href":"https:\/\/aclco.co\/en\/wp-json\/wp\/v2\/media\/31065"}],"wp:attachment":[{"href":"https:\/\/aclco.co\/en\/wp-json\/wp\/v2\/media?parent=31064"}],"wp:term":[{"taxonomy":"category","embeddable":true,"href":"https:\/\/aclco.co\/en\/wp-json\/wp\/v2\/categories?post=31064"},{"taxonomy":"post_tag","embeddable":true,"href":"https:\/\/aclco.co\/en\/wp-json\/wp\/v2\/tags?post=31064"}],"curies":[{"name":"wp","href":"https:\/\/api.w.org\/{rel}","templated":true}]}}