{"id":31073,"date":"2023-10-16T15:10:00","date_gmt":"2023-10-16T20:10:00","guid":{"rendered":"https:\/\/darkgoldenrod-ibex-179495.hostingersite.com\/?p=31073"},"modified":"2023-10-16T15:36:12","modified_gmt":"2023-10-16T20:36:12","slug":"posibles-consecuencias-de-cortar-relaciones-con-israel","status":"publish","type":"post","link":"https:\/\/aclco.co\/en\/posibles-consecuencias-de-cortar-relaciones-con-israel\/","title":{"rendered":"Posibles consecuencias de cortar relaciones internacionales que se tienen con Israel"},"content":{"rendered":"<div data-elementor-type=\"wp-post\" data-elementor-id=\"31073\" class=\"elementor elementor-31073\" data-elementor-post-type=\"post\">\n\t\t\t\t<div class=\"elementor-element elementor-element-4fb1ef3 e-flex e-con-boxed e-con e-parent\" data-id=\"4fb1ef3\" data-element_type=\"container\" data-e-type=\"container\">\n\t\t\t\t\t<div class=\"e-con-inner\">\n\t\t\t\t<div class=\"elementor-element elementor-element-e2d721e elementor-widget elementor-widget-text-editor\" data-id=\"e2d721e\" data-element_type=\"widget\" data-e-type=\"widget\" data-widget_type=\"text-editor.default\">\n\t\t\t\t\t\t\t\t\t<h5>Desde el 7 de octubre el presidente Gustavo Petro no ha parado de trinar por su red social X sobre el ataque del grupo islamista.<\/h5><p>El 7 de octubre Israel amaneci\u00f3 bajo ataque del grupo islamista que controla Gaza: Ham\u00e1s. El ataque denominado \u201cTormenta de al-Aqsa\u201d se produjo por tierra, mar y aire.\u00a0Hasta el momento se han contabilizado 1.300 muertos, y unos 150 que presuntamente se encuentran secuestrados por Ham\u00e1s.<\/p><p>Desde entonces, el presidente Gustavo Petro no ha parado de trinar por su red social X sobre el conflicto. El \u00faltimo cruce de trinos se dio en la ma\u00f1ana del domingo, pues el Ministro de Relaciones Exteriores Eli Cohen, el Subdirector General para Am\u00e9rica Latina en la canciller\u00eda israel\u00ed, Emb. Jonathan Peled,\u00a0convoc\u00f3 a la embajadora de Colombia en Israel, Margarita Manjarrez, para una conversaci\u00f3n de reprimenda, tras las declaraciones del presidente de Colombia, Gustavo Petro, esta semana.<\/p><p><\/p><div class=\"mt-5\"><p>Israel decidi\u00f3 detener las exportaciones de seguridad a Colombia.\u00a0Como respuesta, el presidente Gustavo Petro asegur\u00f3 por su cuenta de X,\u00a0\u00abSi hay que suspender relaciones exteriores con Israel las suspendemos. No apoyamos genocidios\u00bb.<\/p><p><strong>\u00bfCu\u00e1les ser\u00edan las consecuencias de romper relaciones con Israel?<\/strong><\/p><p>Expertos se\u00f1alan que\u00a0en lo que hay que tener cuidado es que la discusi\u00f3n pol\u00edtica o de relaciones exteriores no termine afectando la relaci\u00f3n comercial.<\/p><p>Dicha relaci\u00f3n es una de las m\u00e1s significativas y destacadas de todos los acuerdos de libre comercio de <a href=\"https:\/\/darkgoldenrod-ibex-179495.hostingersite.com\/colombia-podria-perder-hasta-25-del-pib-hasta-2050\/\" target=\"_blank\" rel=\"noopener\">Colombia<\/a>, seg\u00fan los expertos.\u00a0\u00abEste fue un acuerdo que en 2022 fue el que m\u00e1s creci\u00f3 con respecto al a\u00f1o anterior, 290% en exportaciones para nuestro pa\u00eds.\u00a0Es un acuerdo comercial que tiene una balanza comercial superavitaria, como pocos acuerdos de libre comercio de Colombia, m\u00e1s de US$1.300 millones en la balanza comercial y con una balanza superavitaria de m\u00e1s de US$900 millones\u00bb, explic\u00f3 el exministro de Hacienda y de Comercio, Jos\u00e9 Manuel Restrepo.<\/p><p>Es un acuerdo que tiene 97% de desgravaci\u00f3n arancelaria\u00a0que permite que productos del agro, de la agroindustria y de la industria lleguen de Colombia a Israel con cero arancel. \u00abLe ha permitido llegar a productos de frutas, de flores, de carne, de l\u00e1cteos, de confites, de galleter\u00eda, de bebidas, tambi\u00e9n de servicios basados en conocimiento. Una relaci\u00f3n que le ha permitido a Colombia nutrirse de innovaci\u00f3n, de capacidad tecnol\u00f3gica, de insumos para los productos agroindustriales\u00bb, agreg\u00f3 el exministro.<\/p><p>\u00abLas relaciones exteriores de Colombia necesitan de la m\u00e1xima mesura y representar la postura de todos los colombianos, usar los canales adecuados y evaluar las implicaciones que tendr\u00e1 para el pa\u00eds cada palabra, tanto en el \u00e1mbito bilateral como multilateral\u00bb, dijo Mar\u00eda Claudia Lacouture, presidenta de la C\u00e1mara de Comercio Colombo Americana.<\/p><p><\/p><p>Restrepo explic\u00f3 que esta relaci\u00f3n no se puede perder. \u00abEs important\u00edsimo en ese momento citar a la Comisi\u00f3n Asesora de Relaciones Exteriores para tratar de encontrarle una salida a esta problem\u00e1tica. Colombia no puede terminar al lado de pa\u00edses o de naciones que no han tenido la capacidad para se\u00f1alar que aqu\u00ed hay un acto terrorista por parte de Ham\u00e1s en Israel.\u00a0Colombia ha sufrido en carne propia el terrorismo y no puede abstenerse de rechazar el terrorismo, venga de donde venga\u00bb, agreg\u00f3.<\/p><p>Por lo tanto, dicen los expertos, es un momento en donde hay que tener cuidado no solamente con la relaci\u00f3n pol\u00edtica o exterior, sino tambi\u00e9n con la relaci\u00f3n comercial.<\/p><p>\u00bfQu\u00e9 va a pasar ahora? \u00abNormalmente, lo que ocurre es que sale el embajador y queda a cargo de la misi\u00f3n diplom\u00e1tica un encargado de negocios o el que le siga al embajador en materia de rango diplom\u00e1tico.\u00a0No se tiene por qu\u00e9 suspender relaciones comerciales\u00bb, explic\u00f3 Mauricio Jaramillo Jassir, profesor de Relaciones Internacionales de la Universidad del Rosario.<\/p><p>Agreg\u00f3 que la suspensi\u00f3n significa interrupci\u00f3n del v\u00ednculo de m\u00e1s alto nivel que es de embajadores y se dejan abiertos las funciones consulares. \u00abEntonces significa un nivel de enfriamiento in\u00e9dito en m\u00e1s de medio siglo de relaciones diplom\u00e1ticas con Israel\u00bb, concluy\u00f3 Jaramillo.<\/p><p><strong>Fuente: <a href=\"https:\/\/www.larepublica.co\/\" target=\"_blank\" rel=\"noopener\">La Rep\u00fablica<\/a><\/strong><\/p><\/div>\t\t\t\t\t\t\t\t<\/div>\n\t\t\t\t\t<\/div>\n\t\t\t\t<\/div>\n\t\t\t\t<\/div>","protected":false},"excerpt":{"rendered":"<p>Desde el 7 de octubre el presidente Gustavo Petro no ha parado de trinar por su red social X sobre el ataque del grupo islamista. El 7 de octubre Israel amaneci\u00f3 bajo ataque del grupo islamista que controla Gaza: Ham\u00e1s. El ataque denominado \u201cTormenta de al-Aqsa\u201d se produjo por tierra, mar y aire.\u00a0Hasta el momento [&hellip;]<\/p>","protected":false},"author":4,"featured_media":31074,"comment_status":"open","ping_status":"open","sticky":false,"template":"","format":"standard","meta":{"_joinchat":[],"footnotes":""},"categories":[27,36,35],"tags":[],"class_list":["post-31073","post","type-post","status-publish","format-standard","has-post-thumbnail","hentry","category-noticias-acl","category-contabilidad","category-economia-finanzas"],"_links":{"self":[{"href":"https:\/\/aclco.co\/en\/wp-json\/wp\/v2\/posts\/31073","targetHints":{"allow":["GET"]}}],"collection":[{"href":"https:\/\/aclco.co\/en\/wp-json\/wp\/v2\/posts"}],"about":[{"href":"https:\/\/aclco.co\/en\/wp-json\/wp\/v2\/types\/post"}],"author":[{"embeddable":true,"href":"https:\/\/aclco.co\/en\/wp-json\/wp\/v2\/users\/4"}],"replies":[{"embeddable":true,"href":"https:\/\/aclco.co\/en\/wp-json\/wp\/v2\/comments?post=31073"}],"version-history":[{"count":5,"href":"https:\/\/aclco.co\/en\/wp-json\/wp\/v2\/posts\/31073\/revisions"}],"predecessor-version":[{"id":31084,"href":"https:\/\/aclco.co\/en\/wp-json\/wp\/v2\/posts\/31073\/revisions\/31084"}],"wp:featuredmedia":[{"embeddable":true,"href":"https:\/\/aclco.co\/en\/wp-json\/wp\/v2\/media\/31074"}],"wp:attachment":[{"href":"https:\/\/aclco.co\/en\/wp-json\/wp\/v2\/media?parent=31073"}],"wp:term":[{"taxonomy":"category","embeddable":true,"href":"https:\/\/aclco.co\/en\/wp-json\/wp\/v2\/categories?post=31073"},{"taxonomy":"post_tag","embeddable":true,"href":"https:\/\/aclco.co\/en\/wp-json\/wp\/v2\/tags?post=31073"}],"curies":[{"name":"wp","href":"https:\/\/api.w.org\/{rel}","templated":true}]}}