{"id":31115,"date":"2023-10-19T12:56:21","date_gmt":"2023-10-19T17:56:21","guid":{"rendered":"https:\/\/darkgoldenrod-ibex-179495.hostingersite.com\/?p=31115"},"modified":"2023-10-19T13:05:38","modified_gmt":"2023-10-19T18:05:38","slug":"bancolombia-ofrecera-un-nuevo-seguro-para-los-gastos","status":"publish","type":"post","link":"https:\/\/aclco.co\/en\/bancolombia-ofrecera-un-nuevo-seguro-para-los-gastos\/","title":{"rendered":"Bancolombia ofrecer\u00e1 un nuevo seguro para los gastos del tratamiento del c\u00e1ncer"},"content":{"rendered":"<div data-elementor-type=\"wp-post\" data-elementor-id=\"31115\" class=\"elementor elementor-31115\" data-elementor-post-type=\"post\">\n\t\t\t\t<div class=\"elementor-element elementor-element-4fb1ef3 e-flex e-con-boxed e-con e-parent\" data-id=\"4fb1ef3\" data-element_type=\"container\" data-e-type=\"container\">\n\t\t\t\t\t<div class=\"e-con-inner\">\n\t\t\t\t<div class=\"elementor-element elementor-element-e2d721e elementor-widget elementor-widget-text-editor\" data-id=\"e2d721e\" data-element_type=\"widget\" data-e-type=\"widget\" data-widget_type=\"text-editor.default\">\n\t\t\t\t\t\t\t\t\t<h5>El asegurado, en caso de ser diagnosticado, recibir\u00e1 un pago monetario \u00fanico, correspondiente al valor por el cual se asegur\u00f3.<\/h5><div class=\"mt-5\"><div class=\"news economiaSect\"><div class=\"html-content\"><p>El Grupo <a href=\"https:\/\/www.bancolombia.com\/personas\" target=\"_blank\" rel=\"noopener\">Bancolombia<\/a>\u00a0anunci\u00f3 una alianza con la aseguradora Cardif\u00a0para lanzar el Seguro Integral para el c\u00e1ncer, un nuevo producto que podr\u00e1n adquirir los clientes de la entidad financiera con edades entre los 18 y los 70 a\u00f1os, para cubrir los gastos relacionados con esta enfermedad.<\/p><p>El costo del seguro ser\u00e1 desde $6.000 mensuales dependiendo de la edad del cliente\u00a0y del monto por el que quiera asegurarse. Ofrece una cobertura frente a\u00a0todo tipo de c\u00e1ncer, incluido el de piel.<\/p><p>Al tomar este seguro, si la persona es diagnosticada con c\u00e1ncer,\u00a0recibir\u00e1 un pago monetario \u00fanico, correspondiente al valor por el cual se asegur\u00f3.\u00a0De la misma forma, el seguro cubre la muerte accidental, o la muerte causada por la enfermedad.<\/p><p>\u201cCon este seguro queremos expresar nuestro apoyo a aquellas personas que deban encarar esta realidad que suele ser, en muchos sentidos, altamente demandante tanto para el paciente como para sus allegados. Nuestro mensaje es que\u00a0no existe un c\u00e1ncer m\u00e1s importante que otro, y que ponemos al servicio nuestras capacidades con el \u00e1nimo de estar ah\u00ed para todos en el logro y cuidado de su bienestar financiero\u201d, dijo Cristina Arrast\u00eda, vicepresidenta de Negocios de Bancolombia.<\/p><p>El seguro lo podr\u00e1n adquirir los clientes de Bancolombia,\u00a0por medio del sitio web de la entidad financiera y podr\u00e1n realizar los pagos por medio de un d\u00e9bito autom\u00e1tico\u00a0aplicado a sus cuentas de ahorros, Bancolombia A la mano o <a href=\"https:\/\/darkgoldenrod-ibex-179495.hostingersite.com\/mono-y-visa-anuncian-nueva-tarjeta-empresarial\/\" target=\"_blank\" rel=\"noopener\">tarjetas de cr\u00e9dito<\/a>.<\/p><p>\u201cEsta es una apuesta por la inclusi\u00f3n de todos los colombianos a productos y servicios que muchas veces se consideran para pocas personas, dando la tranquilidad de que podr\u00e1n tomar el seguro en cualquier parte del pa\u00eds, lo que adicionalmente les dar\u00e1 beneficios como espacios de educaci\u00f3n virtual, ayuda psicol\u00f3gica y cocina saludable, entre otros, que est\u00e1n disponibles desde el momento de la compra del seguro\u201d, agreg\u00f3 Arrast\u00eda.<\/p><p>Se espera que con el seguro, se puedan cubrir los gastos relacionados con esta enfermedad como el\u00a0transporte, la compra de medicamentos y otros implementos m\u00e9dicos, la alimentaci\u00f3n o en las hospitalizaciones.<\/p><\/div><\/div><p><strong>Fuente: <a href=\"https:\/\/www.larepublica.co\/\" target=\"_blank\" rel=\"noopener\">La Rep\u00fablica\u00a0<\/a><\/strong><\/p><\/div>\t\t\t\t\t\t\t\t<\/div>\n\t\t\t\t\t<\/div>\n\t\t\t\t<\/div>\n\t\t\t\t<\/div>","protected":false},"excerpt":{"rendered":"<p>El asegurado, en caso de ser diagnosticado, recibir\u00e1 un pago monetario \u00fanico, correspondiente al valor por el cual se asegur\u00f3. El Grupo Bancolombia\u00a0anunci\u00f3 una alianza con la aseguradora Cardif\u00a0para lanzar el Seguro Integral para el c\u00e1ncer, un nuevo producto que podr\u00e1n adquirir los clientes de la entidad financiera con edades entre los 18 y los [&hellip;]<\/p>","protected":false},"author":4,"featured_media":31116,"comment_status":"open","ping_status":"open","sticky":false,"template":"","format":"standard","meta":{"_joinchat":[],"footnotes":""},"categories":[27,37],"tags":[],"class_list":["post-31115","post","type-post","status-publish","format-standard","has-post-thumbnail","hentry","category-noticias-acl","category-emprendimiento"],"_links":{"self":[{"href":"https:\/\/aclco.co\/en\/wp-json\/wp\/v2\/posts\/31115","targetHints":{"allow":["GET"]}}],"collection":[{"href":"https:\/\/aclco.co\/en\/wp-json\/wp\/v2\/posts"}],"about":[{"href":"https:\/\/aclco.co\/en\/wp-json\/wp\/v2\/types\/post"}],"author":[{"embeddable":true,"href":"https:\/\/aclco.co\/en\/wp-json\/wp\/v2\/users\/4"}],"replies":[{"embeddable":true,"href":"https:\/\/aclco.co\/en\/wp-json\/wp\/v2\/comments?post=31115"}],"version-history":[{"count":5,"href":"https:\/\/aclco.co\/en\/wp-json\/wp\/v2\/posts\/31115\/revisions"}],"predecessor-version":[{"id":31122,"href":"https:\/\/aclco.co\/en\/wp-json\/wp\/v2\/posts\/31115\/revisions\/31122"}],"wp:featuredmedia":[{"embeddable":true,"href":"https:\/\/aclco.co\/en\/wp-json\/wp\/v2\/media\/31116"}],"wp:attachment":[{"href":"https:\/\/aclco.co\/en\/wp-json\/wp\/v2\/media?parent=31115"}],"wp:term":[{"taxonomy":"category","embeddable":true,"href":"https:\/\/aclco.co\/en\/wp-json\/wp\/v2\/categories?post=31115"},{"taxonomy":"post_tag","embeddable":true,"href":"https:\/\/aclco.co\/en\/wp-json\/wp\/v2\/tags?post=31115"}],"curies":[{"name":"wp","href":"https:\/\/api.w.org\/{rel}","templated":true}]}}