{"id":31123,"date":"2023-10-20T12:10:11","date_gmt":"2023-10-20T17:10:11","guid":{"rendered":"https:\/\/darkgoldenrod-ibex-179495.hostingersite.com\/?p=31123"},"modified":"2023-10-20T16:25:02","modified_gmt":"2023-10-20T21:25:02","slug":"dian-hara-devolucion-de-saldos-a-favor-en-impuestos","status":"publish","type":"post","link":"https:\/\/aclco.co\/en\/dian-hara-devolucion-de-saldos-a-favor-en-impuestos\/","title":{"rendered":"Dian har\u00e1 devoluci\u00f3n de saldos a favor en impuestos de manera electr\u00f3nica en 2024"},"content":{"rendered":"<div data-elementor-type=\"wp-post\" data-elementor-id=\"31123\" class=\"elementor elementor-31123\" data-elementor-post-type=\"post\">\n\t\t\t\t<div class=\"elementor-element elementor-element-4fb1ef3 e-flex e-con-boxed e-con e-parent\" data-id=\"4fb1ef3\" data-element_type=\"container\" data-e-type=\"container\">\n\t\t\t\t\t<div class=\"e-con-inner\">\n\t\t\t\t<div class=\"elementor-element elementor-element-e2d721e elementor-widget elementor-widget-text-editor\" data-id=\"e2d721e\" data-element_type=\"widget\" data-e-type=\"widget\" data-widget_type=\"text-editor.default\">\n\t\t\t\t\t\t\t\t\t<h5>El director de la <a href=\"https:\/\/darkgoldenrod-ibex-179495.hostingersite.com\/dian-llego-a-acuerdo-con-sindicato-para-formalizacion\/\" target=\"_blank\" rel=\"noopener\">Dian<\/a>, Luis Carlos Reyes, confirm\u00f3 que la medida aplicar\u00e1 para las personas naturales. La entidad espera un recaudo de $16 billones en el impuesto de renta.<\/h5><div class=\"mt-5\"><div class=\"news economiaSect\"><div class=\"html-content\"><p>El director de la Direcci\u00f3n de Impuestos y Aduanas Nacionales,\u00a0<a href=\"https:\/\/www.dian.gov.co\/\" target=\"_blank\" rel=\"noopener\">Dian<\/a>, Luis Carlos Reyes, confirm\u00f3 que desde el pr\u00f3ximo a\u00f1o se har\u00e1 la devoluci\u00f3n de los saldos a favor en impuestos de forma electr\u00f3nica.\u00a0El procedimiento, seg\u00fan Reyes, ser\u00e1 para las personas naturales, indic\u00f3 en sus redes sociales.<\/p><p>Los saldos a favor son aquellos excedentes que se generan en las declaraciones de renta y que se derivan de los montos que se le retienen a los trabajadores durante el a\u00f1o gravable.<\/p><p>\u201cEn palabras sencillas, el saldo a favor es el dinero que te queda debiendo la Dian luego de haber pagado tus impuestos, en este caso la declaraci\u00f3n de renta, lo que quiere decir que pagaste m\u00e1s de lo que deb\u00edas. Pero este exceso no es premeditado, se genera por las retenciones en la fuente que se le realizan a los contribuyentes durante todo el a\u00f1o o, en algunos casos, por pagos err\u00f3neos ligados a equivocaciones en la administraci\u00f3n y\/o planeaci\u00f3n tributaria\u201d.<\/p><p>Hoy, las personas naturales que tengan saldos a favor los pueden usar para pagar sus impuestos del a\u00f1o siguiente. Tambi\u00e9n se puede solicitar la devoluci\u00f3n del saldo a favor, pero en efectivo, mientras que ahora la propuesta de la Dian es que, desde 2024, se haga electr\u00f3nicamente.<\/p><h5><strong>Expectativas de la Dian<\/strong><\/h5><p>Ad portas de que terminen los plazos de las personas naturales para hacer la declaraci\u00f3n y pago del impuesto de renta, cabe recordar que la\u00a0Dian\u00a0tiene como meta recaudar $16 billones por este gravamen.<\/p><p>\u201cEste a\u00f1o, en t\u00e9rminos de recaudo por impuesto de renta de personas naturales esperamos unos $16 billones, de los cuales $4 billones son los saldos a pagar durante esta temporada, los otros $12 billones ya hab\u00edan ingresado por concepto de retenciones en la fuente\u201d,\u00a0dijo el director de la Dian en Inside LR. Y agreg\u00f3 que hay cerca de 4,8 millones de personas que har\u00edan la declaraci\u00f3n en esta temporada y cerca de la mitad tendr\u00edan que pagar el impuesto.<\/p><p>\u201cHay 4,8 millones de personas que esperamos que declaren renta este a\u00f1o. M\u00e1s o menos la mitad de ellas tiene en efecto que pagar impuesto de renta, entonces estamos esperando una cifra superior a los dos millones de personas naturales\u201d.<\/p><\/div><\/div><p><strong>Fuente: <a href=\"https:\/\/www.larepublica.co\/\" target=\"_blank\" rel=\"noopener\">La Rep\u00fablica\u00a0<\/a><\/strong><\/p><\/div>\t\t\t\t\t\t\t\t<\/div>\n\t\t\t\t\t<\/div>\n\t\t\t\t<\/div>\n\t\t\t\t<\/div>","protected":false},"excerpt":{"rendered":"<p>El director de la Dian, Luis Carlos Reyes, confirm\u00f3 que la medida aplicar\u00e1 para las personas naturales. La entidad espera un recaudo de $16 billones en el impuesto de renta. El director de la Direcci\u00f3n de Impuestos y Aduanas Nacionales,\u00a0Dian, Luis Carlos Reyes, confirm\u00f3 que desde el pr\u00f3ximo a\u00f1o se har\u00e1 la devoluci\u00f3n de los [&hellip;]<\/p>","protected":false},"author":4,"featured_media":31124,"comment_status":"open","ping_status":"open","sticky":false,"template":"","format":"standard","meta":{"_joinchat":[],"footnotes":""},"categories":[27,36,29],"tags":[],"class_list":["post-31123","post","type-post","status-publish","format-standard","has-post-thumbnail","hentry","category-noticias-acl","category-contabilidad","category-tributario"],"_links":{"self":[{"href":"https:\/\/aclco.co\/en\/wp-json\/wp\/v2\/posts\/31123","targetHints":{"allow":["GET"]}}],"collection":[{"href":"https:\/\/aclco.co\/en\/wp-json\/wp\/v2\/posts"}],"about":[{"href":"https:\/\/aclco.co\/en\/wp-json\/wp\/v2\/types\/post"}],"author":[{"embeddable":true,"href":"https:\/\/aclco.co\/en\/wp-json\/wp\/v2\/users\/4"}],"replies":[{"embeddable":true,"href":"https:\/\/aclco.co\/en\/wp-json\/wp\/v2\/comments?post=31123"}],"version-history":[{"count":9,"href":"https:\/\/aclco.co\/en\/wp-json\/wp\/v2\/posts\/31123\/revisions"}],"predecessor-version":[{"id":31133,"href":"https:\/\/aclco.co\/en\/wp-json\/wp\/v2\/posts\/31123\/revisions\/31133"}],"wp:featuredmedia":[{"embeddable":true,"href":"https:\/\/aclco.co\/en\/wp-json\/wp\/v2\/media\/31124"}],"wp:attachment":[{"href":"https:\/\/aclco.co\/en\/wp-json\/wp\/v2\/media?parent=31123"}],"wp:term":[{"taxonomy":"category","embeddable":true,"href":"https:\/\/aclco.co\/en\/wp-json\/wp\/v2\/categories?post=31123"},{"taxonomy":"post_tag","embeddable":true,"href":"https:\/\/aclco.co\/en\/wp-json\/wp\/v2\/tags?post=31123"}],"curies":[{"name":"wp","href":"https:\/\/api.w.org\/{rel}","templated":true}]}}