{"id":31196,"date":"2023-10-27T15:11:07","date_gmt":"2023-10-27T20:11:07","guid":{"rendered":"https:\/\/darkgoldenrod-ibex-179495.hostingersite.com\/?p=31196"},"modified":"2023-10-27T16:35:23","modified_gmt":"2023-10-27T21:35:23","slug":"corte-da-luz-verde-a-los-cambios-tributarios-en-zonas","status":"publish","type":"post","link":"https:\/\/aclco.co\/en\/corte-da-luz-verde-a-los-cambios-tributarios-en-zonas\/","title":{"rendered":"Corte da luz verde a los cambios tributarios en zonas francas"},"content":{"rendered":"<div data-elementor-type=\"wp-post\" data-elementor-id=\"31196\" class=\"elementor elementor-31196\" data-elementor-post-type=\"post\">\n\t\t\t\t<div class=\"elementor-element elementor-element-4fb1ef3 e-flex e-con-boxed e-con e-parent\" data-id=\"4fb1ef3\" data-element_type=\"container\" data-e-type=\"container\">\n\t\t\t\t\t<div class=\"e-con-inner\">\n\t\t\t\t<div class=\"elementor-element elementor-element-e2d721e elementor-widget elementor-widget-text-editor\" data-id=\"e2d721e\" data-element_type=\"widget\" data-e-type=\"widget\" data-widget_type=\"text-editor.default\">\n\t\t\t\t\t\t\t\t\t<h5>La Corte Constitucional declar\u00f3 exequibles las modificaciones que se aprobaron en la <a href=\"https:\/\/darkgoldenrod-ibex-179495.hostingersite.com\/productos-que-subiran-de-precio-en-noviembre-por-la\/\" target=\"_blank\" rel=\"noopener\">reforma tributaria<\/a>.<\/h5><p id=\"p591040-m1138-25-1139\" class=\"parrafo\">Finalmente se acab\u00f3 la espera frente a lo que pasar\u00e1 con los cambios en el manejo de impuestos que busca realizar este gobierno en las zonas francas, con la aprobada reforma tributaria,\u00a0luego de que la Corte Constitucional diera luz verde, tras declararlos exequibles.<\/p><p>Este alto tribunal se mostr\u00f3 a favor de estas modificaciones, pero impuso algunas condiciones espec\u00edficas para garantizar la certeza tributaria y proteger los principios de buena fe y confianza leg\u00edtima; tomando en cuenta los llamados que se hicieron desde diferentes sectores productivos en el pa\u00eds.<\/p><p>La decisi\u00f3n de la Corte se centr\u00f3 en los numerales 1, 2 y 3, as\u00ed como en el par\u00e1grafo 6 del art\u00edculo 11 de la Ley 2277 de 2022, que\u00a0introdujo modificaciones sustanciales al r\u00e9gimen tarifario del impuesto\u00a0sobre la renta para usuarios industriales de zonas francas.<\/p><p>\u201cLa Sala consider\u00f3 que las disposiciones acusadas no desconoc\u00edan los principios de legalidad y de certeza tributaria por cuanto el Legislador estableci\u00f3 un r\u00e9gimen mixto de tarifa y otorg\u00f3 par\u00e1metros claros para el \u00e1mbito de aplicaci\u00f3n de la tarifa diferencial del impuesto sobre la renta para los usuarios industriales de las zonas francas\u201d, dice el comunicado de la Corte.<\/p><p id=\"p590538-m1257-9-1258\" class=\"parrafo\">As\u00ed mismo\u00a0el fallo establece que el r\u00e9gimen tarifario del impuesto sobre la renta para usuarios industriales\u00a0de zonas francas se ajusta a los principios de legalidad y de certeza tributaria. Sin embargo, tambi\u00e9n se\u00f1ala que la regulaci\u00f3n desconoce los principios de buena fe y confianza leg\u00edtima.<\/p><p id=\"p590538-m1263-10-1264\" class=\"parrafo\">No obstante, la Corte condicion\u00f3 la norma, especificando que el r\u00e9gimen tarifario del art\u00edculo 101 de la Ley 1819 de 2016 seguir\u00e1 aplic\u00e1ndose para los contribuyentes que cumplieron las condiciones para acceder a \u00e9l antes del 13 de diciembre de 2022, fecha en la que entr\u00f3 en vigencia la Ley 2277 de 2022.<\/p><p id=\"p590538-m1269-11-1270\" class=\"parrafo\">En detalle, la Sala Plena de la Corte Constitucional resolvi\u00f3 una demanda de inconstitucionalidad que argumentaba\u00a0dos cargos en contra de los cambios introducidos por la Ley 2277 de 2022.<\/p><p id=\"p590538-m1281-13-1282\" class=\"parrafo\">El primer cargo estaba relacionado con la violaci\u00f3n de los principios de legalidad y certeza tributaria, ya que el Congreso no estableci\u00f3 claramente los criterios para determinar los compromisos de exportaci\u00f3n que permiten aplicar la tarifa preferencial del 20 % en el impuesto de renta para los usuarios industriales de zonas francas.<\/p><p id=\"p590538-m1287-14-1288\" class=\"parrafo\">El segundo cargo se refer\u00eda a la vulneraci\u00f3n de los principios de buena fe\u00a0y confianza leg\u00edtima, ya que el Legislador cambi\u00f3 de forma abrupta las condiciones para acceder a la tarifa preferencial, sorprendiendo a los usuarios industriales de zonas francas.<\/p><p id=\"p590538-m1319-16-1320\" class=\"parrafo\">Frente a esto, el alto tribunal asegur\u00f3 que el primer cargo no era v\u00e1lido, ya que el Congreso estableci\u00f3 un r\u00e9gimen mixto de tarifa y proporcion\u00f3 par\u00e1metros claros para el \u00e1mbito de aplicaci\u00f3n de la tarifa diferencial del impuesto sobre la renta para los usuarios industriales de zonas francas.<\/p><p id=\"p590538-m1325-17-1326\" class=\"parrafo\">\u201cEsto incluy\u00f3 la condici\u00f3n de que los usuarios industriales acuerden, suscriban y cumplan el plan de internacionalizaci\u00f3n y anual de ventas,\u00a0as\u00ed como los ingresos provenientes de operaciones de exportaci\u00f3n\u201d, agrega el pronunciamiento.<\/p><p id=\"p590538-m1331-18-1332\" class=\"parrafo\">Por lo tanto, la Corte concluy\u00f3 que el Congreso cumpli\u00f3 con su deber constitucional de establecer los elementos esenciales del impuesto sobre la renta para usuarios de zonas francas.<\/p><p id=\"p590538-m1343-20-1344\" class=\"parrafo\">En lo que concierne al segundo cargo, se determin\u00f3 que las disposiciones censuradas desconoc\u00edan los principios de buena fe\u00a0y de confianza leg\u00edtima, ya que los usuarios industriales de zonas francas que fueron calificados como tales antes del 13 de diciembre de 2022 hab\u00edan ajustado su actividad de acuerdo con las normativas vigentes sobre zonas francas.<\/p><p id=\"p590538-m1349-21-1350\" class=\"parrafo\">\u201cEstos usuarios ya hab\u00edan cumplido con los requisitos establecidos por la Ley 1004 de 2005 y, por lo tanto, su situaci\u00f3n deb\u00eda ser protegida ante el cambio abrupto en las condiciones para acceder a la tarifa preferencial\u201d, concluy\u00f3 la <a href=\"https:\/\/www.corteconstitucional.gov.co\/\" target=\"_blank\" rel=\"noopener\">Corte Constitucional<\/a>.<\/p><p>Cabe recordar que entes de control como la Procuradur\u00eda hab\u00edan manifestado reparos frente a esta normativa, argumentando que tra\u00eda consigo cambios abruptos en la legislaci\u00f3n, que desconoc\u00edan los derechos y\u00a0la forma en la que operan las zonas francas y su contribuci\u00f3n a la econom\u00eda del pa\u00eds.\u00a0<\/p><p><strong>Fuente: <a href=\"https:\/\/www.portafolio.co\/\" target=\"_blank\" rel=\"noopener\">Portafolio<\/a><\/strong><\/p>\t\t\t\t\t\t\t\t<\/div>\n\t\t\t\t\t<\/div>\n\t\t\t\t<\/div>\n\t\t\t\t<\/div>","protected":false},"excerpt":{"rendered":"<p>La Corte Constitucional declar\u00f3 exequibles las modificaciones que se aprobaron en la reforma tributaria. Finalmente se acab\u00f3 la espera frente a lo que pasar\u00e1 con los cambios en el manejo de impuestos que busca realizar este gobierno en las zonas francas, con la aprobada reforma tributaria,\u00a0luego de que la Corte Constitucional diera luz verde, tras [&hellip;]<\/p>","protected":false},"author":4,"featured_media":31197,"comment_status":"open","ping_status":"open","sticky":false,"template":"","format":"standard","meta":{"_joinchat":[],"footnotes":""},"categories":[27,36,29],"tags":[],"class_list":["post-31196","post","type-post","status-publish","format-standard","has-post-thumbnail","hentry","category-noticias-acl","category-contabilidad","category-tributario"],"_links":{"self":[{"href":"https:\/\/aclco.co\/en\/wp-json\/wp\/v2\/posts\/31196","targetHints":{"allow":["GET"]}}],"collection":[{"href":"https:\/\/aclco.co\/en\/wp-json\/wp\/v2\/posts"}],"about":[{"href":"https:\/\/aclco.co\/en\/wp-json\/wp\/v2\/types\/post"}],"author":[{"embeddable":true,"href":"https:\/\/aclco.co\/en\/wp-json\/wp\/v2\/users\/4"}],"replies":[{"embeddable":true,"href":"https:\/\/aclco.co\/en\/wp-json\/wp\/v2\/comments?post=31196"}],"version-history":[{"count":13,"href":"https:\/\/aclco.co\/en\/wp-json\/wp\/v2\/posts\/31196\/revisions"}],"predecessor-version":[{"id":31210,"href":"https:\/\/aclco.co\/en\/wp-json\/wp\/v2\/posts\/31196\/revisions\/31210"}],"wp:featuredmedia":[{"embeddable":true,"href":"https:\/\/aclco.co\/en\/wp-json\/wp\/v2\/media\/31197"}],"wp:attachment":[{"href":"https:\/\/aclco.co\/en\/wp-json\/wp\/v2\/media?parent=31196"}],"wp:term":[{"taxonomy":"category","embeddable":true,"href":"https:\/\/aclco.co\/en\/wp-json\/wp\/v2\/categories?post=31196"},{"taxonomy":"post_tag","embeddable":true,"href":"https:\/\/aclco.co\/en\/wp-json\/wp\/v2\/tags?post=31196"}],"curies":[{"name":"wp","href":"https:\/\/api.w.org\/{rel}","templated":true}]}}