{"id":31211,"date":"2023-10-30T16:33:54","date_gmt":"2023-10-30T21:33:54","guid":{"rendered":"https:\/\/darkgoldenrod-ibex-179495.hostingersite.com\/?p=31211"},"modified":"2023-10-30T17:08:08","modified_gmt":"2023-10-30T22:08:08","slug":"asi-se-ha-recuperado-la-conectividad-aerea-del-pais","status":"publish","type":"post","link":"https:\/\/aclco.co\/en\/asi-se-ha-recuperado-la-conectividad-aerea-del-pais\/","title":{"rendered":"As\u00ed se ha recuperado la conectividad a\u00e9rea del pa\u00eds en lo que va de 2023"},"content":{"rendered":"<div data-elementor-type=\"wp-post\" data-elementor-id=\"31211\" class=\"elementor elementor-31211\" data-elementor-post-type=\"post\">\n\t\t\t\t<div class=\"elementor-element elementor-element-4fb1ef3 e-flex e-con-boxed e-con e-parent\" data-id=\"4fb1ef3\" data-element_type=\"container\" data-e-type=\"container\">\n\t\t\t\t\t<div class=\"e-con-inner\">\n\t\t\t\t<div class=\"elementor-element elementor-element-e2d721e elementor-widget elementor-widget-text-editor\" data-id=\"e2d721e\" data-element_type=\"widget\" data-e-type=\"widget\" data-widget_type=\"text-editor.default\">\n\t\t\t\t\t\t\t\t\t<p class=\"font--secondary\">La conectividad a\u00e9rea nacional es un factor fundamental para el turismo interno del pa\u00eds. La Asociaci\u00f3n Colombiana de Agencias de Viajes y Turismo (Anato) hab\u00eda alertado de las dificultades que se presentaron en el primer semestre del a\u00f1o.<\/p><p class=\"font--secondary\">Sin embargo, la Asociaci\u00f3n reporta una recuperaci\u00f3n, lo que promueve que los <a href=\"https:\/\/darkgoldenrod-ibex-179495.hostingersite.com\/es-posible-facturar-en-otra-divisa\/\" target=\"_blank\" rel=\"noopener\">colombianos<\/a> visiten los diferentes destinos que tiene el pa\u00eds para ofrecer.<\/p><p>Anato calcula, basado en datos proporcionados por ProColombia, que entre enero y octubre de 2023 la conectividad nacional se ha recuperado en un 89 %, respecto al mismo periodo del a\u00f1o anterior.<\/p><p>\u201cLa recuperaci\u00f3n es de gran importancia para el sector de las Agencias de Viajes, permitiendo robustecer los paquetes tur\u00edsticos, mediante diferentes opciones de vuelos. Brindando servicios m\u00e1s completos y acordes a las preferencias de los viajeros\u201d, afirm\u00f3 Paula Cort\u00e9s Calle, presidente ejecutiva de la Asociaci\u00f3n.<\/p><p class=\"font--secondary\">Para este periodo, estas son las regiones que se han visto m\u00e1s beneficiadas:<\/p><ol class=\"\"><li>La Orinoqu\u00eda tiene una recuperaci\u00f3n del 97 % en sus frecuencias semanales directas en vuelos nacionales.<\/li><li>La Andina es segunda con un 93 %.<\/li><li>La Amazon\u00eda con el 92 %.<\/li><li>Pac\u00edfica con un 87 %.<\/li><li>Finalmente, la regi\u00f3n Caribe se encuentra en un 76 % de la conectividad nacional que contaban en el mismo periodo de 2022.<\/li><\/ol><p class=\"font--secondary\">\u201cEs fundamental la promoci\u00f3n de los destinos con potencial tur\u00edstico, que anteriormente no eran tan visitados por los colombianos, esto estimula al viajero a descubrir experiencias nuevas\u201d, concluy\u00f3 la dirigente gremial.<\/p><p><strong>Fuente: <a href=\"https:\/\/www.elespectador.com\/\" target=\"_blank\" rel=\"noopener\">El Espectador<\/a><\/strong><\/p>\t\t\t\t\t\t\t\t<\/div>\n\t\t\t\t\t<\/div>\n\t\t\t\t<\/div>\n\t\t\t\t<\/div>","protected":false},"excerpt":{"rendered":"<p>La conectividad a\u00e9rea nacional es un factor fundamental para el turismo interno del pa\u00eds. La Asociaci\u00f3n Colombiana de Agencias de Viajes y Turismo (Anato) hab\u00eda alertado de las dificultades que se presentaron en el primer semestre del a\u00f1o. Sin embargo, la Asociaci\u00f3n reporta una recuperaci\u00f3n, lo que promueve que los colombianos visiten los diferentes destinos [&hellip;]<\/p>","protected":false},"author":4,"featured_media":31220,"comment_status":"open","ping_status":"open","sticky":false,"template":"","format":"standard","meta":{"_joinchat":[],"footnotes":""},"categories":[27,35],"tags":[],"class_list":["post-31211","post","type-post","status-publish","format-standard","has-post-thumbnail","hentry","category-noticias-acl","category-economia-finanzas"],"_links":{"self":[{"href":"https:\/\/aclco.co\/en\/wp-json\/wp\/v2\/posts\/31211","targetHints":{"allow":["GET"]}}],"collection":[{"href":"https:\/\/aclco.co\/en\/wp-json\/wp\/v2\/posts"}],"about":[{"href":"https:\/\/aclco.co\/en\/wp-json\/wp\/v2\/types\/post"}],"author":[{"embeddable":true,"href":"https:\/\/aclco.co\/en\/wp-json\/wp\/v2\/users\/4"}],"replies":[{"embeddable":true,"href":"https:\/\/aclco.co\/en\/wp-json\/wp\/v2\/comments?post=31211"}],"version-history":[{"count":10,"href":"https:\/\/aclco.co\/en\/wp-json\/wp\/v2\/posts\/31211\/revisions"}],"predecessor-version":[{"id":31226,"href":"https:\/\/aclco.co\/en\/wp-json\/wp\/v2\/posts\/31211\/revisions\/31226"}],"wp:featuredmedia":[{"embeddable":true,"href":"https:\/\/aclco.co\/en\/wp-json\/wp\/v2\/media\/31220"}],"wp:attachment":[{"href":"https:\/\/aclco.co\/en\/wp-json\/wp\/v2\/media?parent=31211"}],"wp:term":[{"taxonomy":"category","embeddable":true,"href":"https:\/\/aclco.co\/en\/wp-json\/wp\/v2\/categories?post=31211"},{"taxonomy":"post_tag","embeddable":true,"href":"https:\/\/aclco.co\/en\/wp-json\/wp\/v2\/tags?post=31211"}],"curies":[{"name":"wp","href":"https:\/\/api.w.org\/{rel}","templated":true}]}}