{"id":31242,"date":"2023-11-01T15:59:08","date_gmt":"2023-11-01T20:59:08","guid":{"rendered":"https:\/\/darkgoldenrod-ibex-179495.hostingersite.com\/?p=31242"},"modified":"2023-11-01T16:03:27","modified_gmt":"2023-11-01T21:03:27","slug":"recaudo-de-impuesto-de-renta-del-2022-supera-su-meta","status":"publish","type":"post","link":"https:\/\/aclco.co\/en\/recaudo-de-impuesto-de-renta-del-2022-supera-su-meta\/","title":{"rendered":"Recaudo de impuesto de renta del 2022 supera su meta en un 113,3 %"},"content":{"rendered":"<div data-elementor-type=\"wp-post\" data-elementor-id=\"31242\" class=\"elementor elementor-31242\" data-elementor-post-type=\"post\">\n\t\t\t\t<div class=\"elementor-element elementor-element-4fb1ef3 e-flex e-con-boxed e-con e-parent\" data-id=\"4fb1ef3\" data-element_type=\"container\" data-e-type=\"container\">\n\t\t\t\t\t<div class=\"e-con-inner\">\n\t\t\t\t<div class=\"elementor-element elementor-element-e2d721e elementor-widget elementor-widget-text-editor\" data-id=\"e2d721e\" data-element_type=\"widget\" data-e-type=\"widget\" data-widget_type=\"text-editor.default\">\n\t\t\t\t\t\t\t\t\t<h5><strong>La cifra objetivo de <a href=\"https:\/\/darkgoldenrod-ibex-179495.hostingersite.com\/declaracion-de-renta-2023-ingresos-que-no-debe-incluir\/\" target=\"_blank\" rel=\"noopener\">declaraci\u00f3n de renta<\/a> estaba fijada en 4,8 millones de procesos exitosos. La cifra final lleg\u00f3 a los 5,4 millones.<\/strong><\/h5><p>Entre el\u00a09 de agosto y el 19 de octubre de 2023, un total de\u00a05&#8217;438.850\u00a0personas\u00a0naturales\u00a0cumplieron con la obligaci\u00f3n de presentar la\u00a0declaraci\u00f3n del impuesto de renta y complementarios, correspondiente al a\u00f1o\u00a0gravable 2022. Esto representa un incremento del 25 % frente al a\u00f1o gravable 2021, con un aumento de 1.086.794 declarantes.<\/p><p>En total, la cifra de recaudo por este concepto fue de\u00a0$19,66 billones, lo que represent\u00f3 un aumento del 30,2 % frente a los $15,1 billones recaudados en el a\u00f1o gravable 2021.<\/p><p>Por otro lado, la <a href=\"https:\/\/www.dian.gov.co\/\" target=\"_blank\" rel=\"noopener\">DIAN<\/a> dispuso 5&#8217;273.072 declaraciones sugeridas\u00a0en su prop\u00f3sito de acercarse al ciudadano y de simplificar el cumplimiento y el pago voluntario del tributo. Desde el pasado 22 de septiembre, la entidad implement\u00f3 un mecanismo para facilitar todo el proceso de diligenciamiento, presentaci\u00f3n y pago.<\/p><div id=\"p591123-m578-5-579\" class=\"highlighted\"><h5 id=\"m583-582-584\" class=\"tiemposBold3\"><strong>\u00bfC\u00f3mo presentaron renta los colombianos?<\/strong><\/h5><\/div><p id=\"p591123-m590-6-591\" class=\"parrafo\" spellcheck=\"false\" data-lt-tmp-id=\"lt-88544\" data-gramm=\"false\">En relaci\u00f3n con las formas de presentaci\u00f3n del impuesto de renta,\u00a0el 97,4 % de personas hicieron el tr\u00e1mite en l\u00ednea, mientras que el 2,6 % restante lo hicieron en las oficinas de las entidades bancarias autorizadas.<\/p><p spellcheck=\"false\" data-lt-tmp-id=\"lt-88544\" data-gramm=\"false\">Del total de $19,66 billones recaudados, $4,5 billones corresponden al valor del saldo que debieron pagar los ciudadanos al presentar la declaraci\u00f3n y el resto corresponde a la retenci\u00f3n en la fuente que se hace a lo largo del a\u00f1o gravable.\u00a0De los pagos recibidos, el 60 % fueron de manera electr\u00f3nica, y el 40 % de manera presencial en los bancos autorizados. Esto representa un aumento del 5 % del pago electr\u00f3nico, que en el a\u00f1o anterior fue del 55 %.<\/p><div id=\"p591123-m622-8-623\" class=\"highlighted\"><h5 id=\"m627-626-628\" class=\"tiemposBold3\"><strong>La conciencia<\/strong><\/h5><\/div><p id=\"p591123-m634-9-635\" class=\"parrafo\" spellcheck=\"false\" data-lt-tmp-id=\"lt-644053\" data-gramm=\"false\">De igual forma, la entidad asegura que su gesti\u00f3n permiti\u00f3 llamar la atenci\u00f3n de los ciudadanos que deb\u00edan declarar y que no hab\u00edan cumplido con su obligaci\u00f3n dentro de las fechas de vencimiento.\u00a0De ellos, 384.925 presentaron su declaraci\u00f3n de manera extempor\u00e1nea.<\/p><p><strong>Fuente: <a href=\"https:\/\/www.portafolio.co\/\" target=\"_blank\" rel=\"noopener\">Portafolio<\/a><\/strong><\/p>\t\t\t\t\t\t\t\t<\/div>\n\t\t\t\t\t<\/div>\n\t\t\t\t<\/div>\n\t\t\t\t<\/div>","protected":false},"excerpt":{"rendered":"<p>La cifra objetivo de declaraci\u00f3n de renta estaba fijada en 4,8 millones de procesos exitosos. La cifra final lleg\u00f3 a los 5,4 millones. Entre el\u00a09 de agosto y el 19 de octubre de 2023, un total de\u00a05&#8217;438.850\u00a0personas\u00a0naturales\u00a0cumplieron con la obligaci\u00f3n de presentar la\u00a0declaraci\u00f3n del impuesto de renta y complementarios, correspondiente al a\u00f1o\u00a0gravable 2022. Esto representa [&hellip;]<\/p>","protected":false},"author":4,"featured_media":31244,"comment_status":"open","ping_status":"open","sticky":false,"template":"","format":"standard","meta":{"_joinchat":[],"footnotes":""},"categories":[27,36,29],"tags":[],"class_list":["post-31242","post","type-post","status-publish","format-standard","has-post-thumbnail","hentry","category-noticias-acl","category-contabilidad","category-tributario"],"_links":{"self":[{"href":"https:\/\/aclco.co\/en\/wp-json\/wp\/v2\/posts\/31242","targetHints":{"allow":["GET"]}}],"collection":[{"href":"https:\/\/aclco.co\/en\/wp-json\/wp\/v2\/posts"}],"about":[{"href":"https:\/\/aclco.co\/en\/wp-json\/wp\/v2\/types\/post"}],"author":[{"embeddable":true,"href":"https:\/\/aclco.co\/en\/wp-json\/wp\/v2\/users\/4"}],"replies":[{"embeddable":true,"href":"https:\/\/aclco.co\/en\/wp-json\/wp\/v2\/comments?post=31242"}],"version-history":[{"count":4,"href":"https:\/\/aclco.co\/en\/wp-json\/wp\/v2\/posts\/31242\/revisions"}],"predecessor-version":[{"id":31249,"href":"https:\/\/aclco.co\/en\/wp-json\/wp\/v2\/posts\/31242\/revisions\/31249"}],"wp:featuredmedia":[{"embeddable":true,"href":"https:\/\/aclco.co\/en\/wp-json\/wp\/v2\/media\/31244"}],"wp:attachment":[{"href":"https:\/\/aclco.co\/en\/wp-json\/wp\/v2\/media?parent=31242"}],"wp:term":[{"taxonomy":"category","embeddable":true,"href":"https:\/\/aclco.co\/en\/wp-json\/wp\/v2\/categories?post=31242"},{"taxonomy":"post_tag","embeddable":true,"href":"https:\/\/aclco.co\/en\/wp-json\/wp\/v2\/tags?post=31242"}],"curies":[{"name":"wp","href":"https:\/\/api.w.org\/{rel}","templated":true}]}}