{"id":31261,"date":"2023-11-07T12:50:50","date_gmt":"2023-11-07T17:50:50","guid":{"rendered":"https:\/\/darkgoldenrod-ibex-179495.hostingersite.com\/?p=31261"},"modified":"2023-11-07T13:05:22","modified_gmt":"2023-11-07T18:05:22","slug":"impuestos-verdes-otro-punto-de-la-tributaria-que-falta","status":"publish","type":"post","link":"https:\/\/aclco.co\/en\/impuestos-verdes-otro-punto-de-la-tributaria-que-falta\/","title":{"rendered":"Impuestos verdes, otro punto de la tributaria que falta aplicar"},"content":{"rendered":"<div data-elementor-type=\"wp-post\" data-elementor-id=\"31261\" class=\"elementor elementor-31261\" data-elementor-post-type=\"post\">\n\t\t\t\t<div class=\"elementor-element elementor-element-4fb1ef3 e-flex e-con-boxed e-con e-parent\" data-id=\"4fb1ef3\" data-element_type=\"container\" data-e-type=\"container\">\n\t\t\t\t\t<div class=\"e-con-inner\">\n\t\t\t\t<div class=\"elementor-element elementor-element-e2d721e elementor-widget elementor-widget-text-editor\" data-id=\"e2d721e\" data-element_type=\"widget\" data-e-type=\"widget\" data-widget_type=\"text-editor.default\">\n\t\t\t\t\t\t\t\t\t<h5 spellcheck=\"false\" data-lt-tmp-id=\"lt-644053\" data-gramm=\"false\">Dentro del articulado se establece un tributo a los pl\u00e1sticos de un solo uso, que si bien ya est\u00e1 en marcha, su pago deber\u00e1 realizarse en 2024.<\/h5><p spellcheck=\"false\" data-lt-tmp-id=\"lt-644053\" data-gramm=\"false\">Tras la aprobaci\u00f3n de la reforma tributaria (Ley 2277 de 2022) varios impuestos comenzaron a regir, entre ellos los relacionados con los alimentos ultraprocesados y bebidas azucaradas; o los ajustes al impuesto al patrimonio y al de renta.<br \/><br \/>Sin embargo,\u00a0hay algunos aspectos pendientes dentro del articulado que a\u00fan est\u00e1n pendientes.\u00a0<\/p><p id=\"p591862-m202-2-203\" class=\"parrafo\">De acuerdo con Oliver Pardo,\u00a0director del Observatorio Fiscal de la Universidad Javeriana, uno de estos puntos tiene relaci\u00f3n con\u00a0el impuesto incluido en el texto en torno a los pl\u00e1sticos.\u00a0<\/p><p id=\"p591862-m208-3-209\" class=\"parrafo\">Para entrar un poco en contexto, el experto hace referencia a los denominados &#8216;impuestos verdes&#8217;, es decir, aquellos que se aplicar\u00e1n para\u00a0los pl\u00e1sticos de un solo uso que son utilizados para empacar, envasar o embalar.<\/p><p id=\"p591862-m214-4-215\" class=\"parrafo\">En ese sentido, y seg\u00fan lo establece la normativa,\u00a0\u00abel impuesto se causar\u00e1 en las ventas efectuadas por los productores, en la fecha de emisi\u00f3n de la factura; en los retiros para consumo de los productores, en la fecha del retiro; y en las importaciones, en la fecha en que se nacionalice el bien\u00bb.\u00a0<\/p><p id=\"p591862-m220-5-221\" class=\"parrafo\">As\u00ed las cosas, su pago corresponde a los productores e importadores, quienes tambi\u00e9n est\u00e1n contemplados en el calendario tributario.\u00a0<\/p><p id=\"p591862-m232-7-233\" class=\"parrafo\">Ahora bien, en cuanto a su valor, el articulado se\u00f1ala que la tarifa del impuesto es de 0, 00005 UVT por cada un (1) gramo, lo que equivale a 2023 a $1,9. Adem\u00e1s, indica que este\u00a0se calcular\u00e1 sobre la base de los ingresos que superen las 10.000 UVT por el a\u00f1o corriente.<\/p><p id=\"p591862-m238-8-239\" class=\"parrafo\">Al igual que otros grav\u00e1menes,\u00a0este impuesto tambi\u00e9n incluye algunas excepciones como aquellos productos destinados a prop\u00f3sitos m\u00e9dicos, los elaborados para contener productos qu\u00edmicos y los destinados a prestar servicios en los establecimientos que brindan asistencia m\u00e9dica.<\/p><p id=\"p591862-m244-9-245\" class=\"parrafo\">A lo anterior tambi\u00e9n se le suman aquellos productos que, por contener y conservar alimentos, l\u00edquidos y bebidas de origen animal, as\u00ed como alimentos o insumos h\u00famedos, elaborados o preelaborados que, por razones de asepsia o inocuidad, requieren de bolsa o recipiente de pl\u00e1stico de un solo uso.\u00a0<\/p><p id=\"p591862-m250-10-251\" class=\"parrafo\">Si bien el tributo ya est\u00e1 en marcha,\u00a0lo correspondiente al\u00a02022 y 2023 deber\u00e1 pagarse hasta febrero del pr\u00f3ximo a\u00f1o, dependiendo de los \u00faltimos d\u00edgitos del NIT.\u00a0<\/p><div id=\"p591862-m294-14-295\" class=\"highlighted\"><div id=\"m299-298-300\" class=\"tiemposBold3\"><strong>Otras medidas pendientes<\/strong><\/div><\/div><p id=\"p591862-m306-15-307\" class=\"parrafo\">En contraparte con lo incluido en la <a href=\"https:\/\/darkgoldenrod-ibex-179495.hostingersite.com\/reforma-laboral-busca-acabar-con-los-contratos-de\/\" target=\"_blank\" rel=\"noopener\">reforma<\/a> tributaria, Pardo menciona que hay otras medidas que tendr\u00e1n impacto en el bolsillo de los consumidores y que, si bien se est\u00e1n contemplando, a\u00fan no se han puesto en marcha.\u00a0<\/p><p id=\"p591862-m312-16-313\" class=\"parrafo\">Dentro de esas acciones\u00a0se incluye el desmonte a los subsidios algunos combustibles como el ACPM (diesel).\u00a0<\/p><p id=\"p591862-m318-17-319\" class=\"parrafo\">Hasta la fecha, la tarifa del diesel se ha mantenido estable, ubicando su valor en $9.065 pesos por gal\u00f3n. La decisi\u00f3n de no ajustar su precio responde a que este energ\u00e9tico representa un recurso clave en lo que se refiere al transporte de carga.\u00a0<\/p><p><strong>Fuente: <a href=\"https:\/\/www.portafolio.co\/\" target=\"_blank\" rel=\"noopener\">Portafolio<\/a><\/strong><\/p>\t\t\t\t\t\t\t\t<\/div>\n\t\t\t\t\t<\/div>\n\t\t\t\t<\/div>\n\t\t\t\t<\/div>","protected":false},"excerpt":{"rendered":"<p>Dentro del articulado se establece un tributo a los pl\u00e1sticos de un solo uso, que si bien ya est\u00e1 en marcha, su pago deber\u00e1 realizarse en 2024. Tras la aprobaci\u00f3n de la reforma tributaria (Ley 2277 de 2022) varios impuestos comenzaron a regir, entre ellos los relacionados con los alimentos ultraprocesados y bebidas azucaradas; o [&hellip;]<\/p>","protected":false},"author":4,"featured_media":31262,"comment_status":"open","ping_status":"open","sticky":false,"template":"","format":"standard","meta":{"_joinchat":[],"footnotes":""},"categories":[27,36,29],"tags":[],"class_list":["post-31261","post","type-post","status-publish","format-standard","has-post-thumbnail","hentry","category-noticias-acl","category-contabilidad","category-tributario"],"_links":{"self":[{"href":"https:\/\/aclco.co\/en\/wp-json\/wp\/v2\/posts\/31261","targetHints":{"allow":["GET"]}}],"collection":[{"href":"https:\/\/aclco.co\/en\/wp-json\/wp\/v2\/posts"}],"about":[{"href":"https:\/\/aclco.co\/en\/wp-json\/wp\/v2\/types\/post"}],"author":[{"embeddable":true,"href":"https:\/\/aclco.co\/en\/wp-json\/wp\/v2\/users\/4"}],"replies":[{"embeddable":true,"href":"https:\/\/aclco.co\/en\/wp-json\/wp\/v2\/comments?post=31261"}],"version-history":[{"count":5,"href":"https:\/\/aclco.co\/en\/wp-json\/wp\/v2\/posts\/31261\/revisions"}],"predecessor-version":[{"id":31268,"href":"https:\/\/aclco.co\/en\/wp-json\/wp\/v2\/posts\/31261\/revisions\/31268"}],"wp:featuredmedia":[{"embeddable":true,"href":"https:\/\/aclco.co\/en\/wp-json\/wp\/v2\/media\/31262"}],"wp:attachment":[{"href":"https:\/\/aclco.co\/en\/wp-json\/wp\/v2\/media?parent=31261"}],"wp:term":[{"taxonomy":"category","embeddable":true,"href":"https:\/\/aclco.co\/en\/wp-json\/wp\/v2\/categories?post=31261"},{"taxonomy":"post_tag","embeddable":true,"href":"https:\/\/aclco.co\/en\/wp-json\/wp\/v2\/tags?post=31261"}],"curies":[{"name":"wp","href":"https:\/\/api.w.org\/{rel}","templated":true}]}}