{"id":31305,"date":"2023-11-13T15:38:40","date_gmt":"2023-11-13T20:38:40","guid":{"rendered":"https:\/\/darkgoldenrod-ibex-179495.hostingersite.com\/?p=31305"},"modified":"2023-11-13T15:45:56","modified_gmt":"2023-11-13T20:45:56","slug":"los-ajustes-que-hizo-la-dian-a-las-normas-de-facturacion","status":"publish","type":"post","link":"https:\/\/aclco.co\/en\/los-ajustes-que-hizo-la-dian-a-las-normas-de-facturacion\/","title":{"rendered":"Los ajustes que hizo la DIAN a las normas de facturaci\u00f3n electr\u00f3nica"},"content":{"rendered":"<div data-elementor-type=\"wp-post\" data-elementor-id=\"31305\" class=\"elementor elementor-31305\" data-elementor-post-type=\"post\">\n\t\t\t\t<div class=\"elementor-element elementor-element-4fb1ef3 e-flex e-con-boxed e-con e-parent\" data-id=\"4fb1ef3\" data-element_type=\"container\" data-e-type=\"container\">\n\t\t\t\t\t<div class=\"e-con-inner\">\n\t\t\t\t<div class=\"elementor-element elementor-element-e2d721e elementor-widget elementor-widget-text-editor\" data-id=\"e2d721e\" data-element_type=\"widget\" data-e-type=\"widget\" data-widget_type=\"text-editor.default\">\n\t\t\t\t\t\t\t\t\t<h5 spellcheck=\"false\" data-lt-tmp-id=\"lt-644053\" data-gramm=\"false\">La entidad emiti\u00f3 una resoluci\u00f3n en la que entrega detalles del impuesto saludable, al que estar\u00e1n obligados los productores de alimentos y bebidas.<\/h5><p>La <a href=\"https:\/\/darkgoldenrod-ibex-179495.hostingersite.com\/dian-hara-devolucion-de-saldos-a-favor-en-impuestos\/\" target=\"_blank\" rel=\"noopener\">Direcci\u00f3n de Impuestos y Aduanas Nacionales (Dian)<\/a> expidi\u00f3 una resoluci\u00f3n que contempla ajustes en el sistema de facturaci\u00f3n electr\u00f3nica, adoptando la versi\u00f3n 1.9, m\u00e1s otras disposiciones que tendr\u00e1n que adoptar las empresas para su aplicaci\u00f3n.<\/p><p>La Dian advierte que\u00a0\u201ctodos los documentos electr\u00f3nicos que hacen parte del sistema de facturaci\u00f3n, en lo que sea compatible con su naturaleza, deber\u00e1n cumplir con las condiciones establecidas en el Estatuto Tributario o la ley que los regula, as\u00ed como las condiciones establecidas por la Unidad Administrativa Especial Direcci\u00f3n de Impuestos y Aduanas Nacionales\u201d.<\/p><p id=\"p591972-m584-3-585\" class=\"parrafo\">Sobre los cambios que trae la resoluci\u00f3n en vigencia se refiri\u00f3 \u00d3scar Mauricio Moreno, cofundador de F&amp;M Technology \u2013 E-Bill, con m\u00e1s de 13 a\u00f1os en el mercado de facturaci\u00f3n electr\u00f3nica, quien destac\u00f3 la importancia del denominado \u2018impuesto saludable\u2019, que se refiere a la\u00a0tributaci\u00f3n obligada para los productores de alimentos y bebidas ultraprocesadas a partir de endulzantes como la az\u00facar y otras sustancias.<\/p><p id=\"p591972-m590-4-591\" class=\"parrafo\">En ese sentido, Moreno explica que el productor debe conocer la norma ya que ilustra en detalles las caracter\u00edsticas que son tenidas en cuenta para el cobro del impuesto y la manera de especificarle al cliente en la respectiva factura.<\/p><p>\u201cEn eBill prestamos asesor\u00eda tecnol\u00f3gica a nuestros clientes, sin costo alguno, para que la adaptaci\u00f3n al nuevo proceso se haga de manera \u00e1gil, oportuna y con la garant\u00eda certificada que le imprimimos a nuestra labor\u201d, manifiesta Moreno.<br \/><br \/>Por otro lado, tambi\u00e9n explica otros cambios en la resoluci\u00f3n de la Dian, entre ellos la eliminaci\u00f3n de la regla actual de 10 d\u00edas,\u00a0\u201clo que significa que las facturas tienen que tener la fecha de emisi\u00f3n, y ser igual a la fecha de firma\u201d.<br \/><br \/>Agrega que es importante para aquellas empresas que generen facturas anteriores o posteriores y que quieran facturar a fin de mes el servicio, pero con fecha del d\u00eda cinco del mes siguiente, sepan que ya no podr\u00e1n seguir haci\u00e9ndolo.<\/p><p id=\"p591972-m590-4-591\" class=\"parrafo\">De igual manera se refiere al medio de pago. \u201cEl medio de pago antes era obligatorio para facturas de contado y ahora es obligatorio para facturas de contado y facturas a cr\u00e9dito\u201d, anota. Y resalta que la validaci\u00f3n del NIT y la raz\u00f3n social de la empresa deben corresponder a lo registrado en el RUT, en el momento de emisi\u00f3n de la factura.<\/p><p id=\"p591972-m596-5-597\" class=\"parrafo\">\u201cAnteriormente, no se validaba en la emisi\u00f3n de la factura, pero s\u00ed en la emisi\u00f3n del evento y esto presentaba algunos problemas en la generaci\u00f3n del factoring electr\u00f3nico, pues porque si ac\u00e1 en la emisi\u00f3n de la factura colocaban raz\u00f3n social: Pepito P\u00e9rez, en la emisi\u00f3n del evento, dec\u00eda Pepito P\u00e9rez, no corresponde al a la informaci\u00f3n del RUT y no dejaba generar el evento y tocaba ah\u00ed hacer algunas actividades o incluso no se pod\u00eda generar el evento\u201d, precisa Moreno.<\/p><p id=\"p591972-m602-6-603\" class=\"parrafo\">Por \u00faltimo, el ejecutivo de E-Bill dice que, a partir de la resoluci\u00f3n anunciada por la Dian,\u00a0se crea un nuevo tipo de documento de identificaci\u00f3n fiscal PPT,\u00a0Permiso Protecci\u00f3n Temporal; y se sacan del anexo los cat\u00e1logos de datos, lo cual permitir\u00e1 cambiar valores con m\u00e1s facilidad.\u00a0<\/p><p><strong>Fuente: <a href=\"https:\/\/www.portafolio.co\/\" target=\"_blank\" rel=\"noopener\">Portafolio<\/a><\/strong><\/p>\t\t\t\t\t\t\t\t<\/div>\n\t\t\t\t\t<\/div>\n\t\t\t\t<\/div>\n\t\t\t\t<\/div>","protected":false},"excerpt":{"rendered":"<p>La entidad emiti\u00f3 una resoluci\u00f3n en la que entrega detalles del impuesto saludable, al que estar\u00e1n obligados los productores de alimentos y bebidas. La Direcci\u00f3n de Impuestos y Aduanas Nacionales (Dian) expidi\u00f3 una resoluci\u00f3n que contempla ajustes en el sistema de facturaci\u00f3n electr\u00f3nica, adoptando la versi\u00f3n 1.9, m\u00e1s otras disposiciones que tendr\u00e1n que adoptar las [&hellip;]<\/p>","protected":false},"author":4,"featured_media":31306,"comment_status":"open","ping_status":"open","sticky":false,"template":"","format":"standard","meta":{"_joinchat":[],"footnotes":""},"categories":[27,36,29],"tags":[],"class_list":["post-31305","post","type-post","status-publish","format-standard","has-post-thumbnail","hentry","category-noticias-acl","category-contabilidad","category-tributario"],"_links":{"self":[{"href":"https:\/\/aclco.co\/en\/wp-json\/wp\/v2\/posts\/31305","targetHints":{"allow":["GET"]}}],"collection":[{"href":"https:\/\/aclco.co\/en\/wp-json\/wp\/v2\/posts"}],"about":[{"href":"https:\/\/aclco.co\/en\/wp-json\/wp\/v2\/types\/post"}],"author":[{"embeddable":true,"href":"https:\/\/aclco.co\/en\/wp-json\/wp\/v2\/users\/4"}],"replies":[{"embeddable":true,"href":"https:\/\/aclco.co\/en\/wp-json\/wp\/v2\/comments?post=31305"}],"version-history":[{"count":4,"href":"https:\/\/aclco.co\/en\/wp-json\/wp\/v2\/posts\/31305\/revisions"}],"predecessor-version":[{"id":31311,"href":"https:\/\/aclco.co\/en\/wp-json\/wp\/v2\/posts\/31305\/revisions\/31311"}],"wp:featuredmedia":[{"embeddable":true,"href":"https:\/\/aclco.co\/en\/wp-json\/wp\/v2\/media\/31306"}],"wp:attachment":[{"href":"https:\/\/aclco.co\/en\/wp-json\/wp\/v2\/media?parent=31305"}],"wp:term":[{"taxonomy":"category","embeddable":true,"href":"https:\/\/aclco.co\/en\/wp-json\/wp\/v2\/categories?post=31305"},{"taxonomy":"post_tag","embeddable":true,"href":"https:\/\/aclco.co\/en\/wp-json\/wp\/v2\/tags?post=31305"}],"curies":[{"name":"wp","href":"https:\/\/api.w.org\/{rel}","templated":true}]}}