{"id":31340,"date":"2023-11-20T14:11:45","date_gmt":"2023-11-20T19:11:45","guid":{"rendered":"https:\/\/darkgoldenrod-ibex-179495.hostingersite.com\/?p=31340"},"modified":"2023-11-20T14:16:22","modified_gmt":"2023-11-20T19:16:22","slug":"dian-declara-contingencia-en-el-servicio-digital-por-nuevas-fallas-en-sus-sistemas","status":"publish","type":"post","link":"https:\/\/aclco.co\/en\/dian-declara-contingencia-en-el-servicio-digital-por-nuevas-fallas-en-sus-sistemas\/","title":{"rendered":"Dian declara contingencia en el servicio digital por nuevas fallas en sus sistemas"},"content":{"rendered":"<div data-elementor-type=\"wp-post\" data-elementor-id=\"31340\" class=\"elementor elementor-31340\" data-elementor-post-type=\"post\">\n\t\t\t\t<div class=\"elementor-element elementor-element-4fb1ef3 e-flex e-con-boxed e-con e-parent\" data-id=\"4fb1ef3\" data-element_type=\"container\" data-e-type=\"container\">\n\t\t\t\t\t<div class=\"e-con-inner\">\n\t\t\t\t<div class=\"elementor-element elementor-element-e2d721e elementor-widget elementor-widget-text-editor\" data-id=\"e2d721e\" data-element_type=\"widget\" data-e-type=\"widget\" data-widget_type=\"text-editor.default\">\n\t\t\t\t\t\t\t\t\t<h5>La entidad pidi\u00f3 excusas a los contribuyentes por las afectaciones que se puedan generar.<\/h5><p>En una comunicaci\u00f3n abierta y emitida este lunes 20 de noviembre, la <a href=\"https:\/\/darkgoldenrod-ibex-179495.hostingersite.com\/dian-hara-devolucion-de-saldos-a-favor-en-impuestos\/\" target=\"_blank\" rel=\"noopener\">Direcci\u00f3n de Impuestos y Aduanas Nacionales (Dian)<\/a> alert\u00f3 a los colombianos de nuevas fallas en sus sistemas, sobre las cuales ya est\u00e1n trabajando.\u00a0<\/p><p>De conformidad con la certificaci\u00f3n emitida por la Direcci\u00f3n de Gesti\u00f3n de Innovaci\u00f3n y Tecnolog\u00eda, declar\u00f3 la contingencia en el servicio digital SYGA\u00a0\u201ca partir de las 10:57 a.m. de hoy, hasta que se reestablezca el servicio\u201d.<\/p><p>La entidad tambi\u00e9n informa que los \u00fanicos autorizados para pronunciarse sobre este incidente son el director general y la directora de Gesti\u00f3n de Aduanas, al tiempo que agradeci\u00f3 a los ciudadanos\u00a0\u201chacer caso omiso a cualquier otro tipo de informaci\u00f3n proveniente de fuentes que no est\u00e1n designadas y por lo tanto no se consideran oficiales en este momento\u201d.<\/p><p id=\"p592648-m424-7-425\" class=\"parrafo\">El equipo de atenci\u00f3n de respuesta a incidentes, en la Dian,ya despleg\u00f3 las actividades encaminadas a la contenci\u00f3n, erradicaci\u00f3n de vulnerabilidades y\u00a0recuperaci\u00f3n de los servicios para garantizar la atenci\u00f3n a nuestros usuarios.<\/p><p id=\"p592648-m430-8-431\" class=\"parrafo\">\u201cLa autoridad tributaria, aduanera y cambiaria se ha trazado el reto de ser una entidad innovadora y moderna, que sea referente en el uso de la anal\u00edtica de datos en sus procesos para hacer m\u00e1s eficiente su gesti\u00f3n y la lucha contra fen\u00f3menos como la evasi\u00f3n y el contrabando\u201d, concluy\u00f3 la entidad.<\/p><p>Cabe recordar que en las primeras horas del d\u00eda, esta entidad hab\u00eda dado por superadas las contingencias en el servicio digital de importaciones SYGA, levantando as\u00ed una contingencia que hab\u00edan presentaron. No obstante, este mismo sistema volvi\u00f3 a presentar fallas, raz\u00f3n por la que volvi\u00f3 a suspenderse.<\/p><p><strong>Fuente: <a href=\"https:\/\/www.portafolio.co\/\" target=\"_blank\" rel=\"noopener\">Portafolio<\/a><\/strong><\/p>\t\t\t\t\t\t\t\t<\/div>\n\t\t\t\t\t<\/div>\n\t\t\t\t<\/div>\n\t\t\t\t<\/div>","protected":false},"excerpt":{"rendered":"<p>La entidad pidi\u00f3 excusas a los contribuyentes por las afectaciones que se puedan generar. En una comunicaci\u00f3n abierta y emitida este lunes 20 de noviembre, la Direcci\u00f3n de Impuestos y Aduanas Nacionales (Dian) alert\u00f3 a los colombianos de nuevas fallas en sus sistemas, sobre las cuales ya est\u00e1n trabajando.\u00a0 De conformidad con la certificaci\u00f3n emitida [&hellip;]<\/p>","protected":false},"author":4,"featured_media":31341,"comment_status":"open","ping_status":"open","sticky":false,"template":"","format":"standard","meta":{"_joinchat":[],"footnotes":""},"categories":[27,36,29],"tags":[],"class_list":["post-31340","post","type-post","status-publish","format-standard","has-post-thumbnail","hentry","category-noticias-acl","category-contabilidad","category-tributario"],"_links":{"self":[{"href":"https:\/\/aclco.co\/en\/wp-json\/wp\/v2\/posts\/31340","targetHints":{"allow":["GET"]}}],"collection":[{"href":"https:\/\/aclco.co\/en\/wp-json\/wp\/v2\/posts"}],"about":[{"href":"https:\/\/aclco.co\/en\/wp-json\/wp\/v2\/types\/post"}],"author":[{"embeddable":true,"href":"https:\/\/aclco.co\/en\/wp-json\/wp\/v2\/users\/4"}],"replies":[{"embeddable":true,"href":"https:\/\/aclco.co\/en\/wp-json\/wp\/v2\/comments?post=31340"}],"version-history":[{"count":4,"href":"https:\/\/aclco.co\/en\/wp-json\/wp\/v2\/posts\/31340\/revisions"}],"predecessor-version":[{"id":31346,"href":"https:\/\/aclco.co\/en\/wp-json\/wp\/v2\/posts\/31340\/revisions\/31346"}],"wp:featuredmedia":[{"embeddable":true,"href":"https:\/\/aclco.co\/en\/wp-json\/wp\/v2\/media\/31341"}],"wp:attachment":[{"href":"https:\/\/aclco.co\/en\/wp-json\/wp\/v2\/media?parent=31340"}],"wp:term":[{"taxonomy":"category","embeddable":true,"href":"https:\/\/aclco.co\/en\/wp-json\/wp\/v2\/categories?post=31340"},{"taxonomy":"post_tag","embeddable":true,"href":"https:\/\/aclco.co\/en\/wp-json\/wp\/v2\/tags?post=31340"}],"curies":[{"name":"wp","href":"https:\/\/api.w.org\/{rel}","templated":true}]}}