{"id":31347,"date":"2023-11-21T13:07:02","date_gmt":"2023-11-21T18:07:02","guid":{"rendered":"https:\/\/darkgoldenrod-ibex-179495.hostingersite.com\/?p=31347"},"modified":"2023-11-21T13:15:23","modified_gmt":"2023-11-21T18:15:23","slug":"corte-constitucional-tumbo-no-deducibilidad-de-las","status":"publish","type":"post","link":"https:\/\/aclco.co\/en\/corte-constitucional-tumbo-no-deducibilidad-de-las\/","title":{"rendered":"Corte Constitucional tumb\u00f3 no deducibilidad de las regal\u00edas de la tributaria"},"content":{"rendered":"<div data-elementor-type=\"wp-post\" data-elementor-id=\"31347\" class=\"elementor elementor-31347\" data-elementor-post-type=\"post\">\n\t\t\t\t<div class=\"elementor-element elementor-element-4fb1ef3 e-flex e-con-boxed e-con e-parent\" data-id=\"4fb1ef3\" data-element_type=\"container\" data-e-type=\"container\">\n\t\t\t\t\t<div class=\"e-con-inner\">\n\t\t\t\t<div class=\"elementor-element elementor-element-e2d721e elementor-widget elementor-widget-text-editor\" data-id=\"e2d721e\" data-element_type=\"widget\" data-e-type=\"widget\" data-widget_type=\"text-editor.default\">\n\t\t\t\t\t\t\t\t\t<h5>Diversos sectores manifestaron que esta era una decisi\u00f3n advertida desde el Congreso.<\/h5><p>Tras reunirse la\u00a0Corte Constitucional\u00a0y haberse realizado varias sesiones con respecto al\u00a0art\u00edculo 19 de la <a href=\"https:\/\/darkgoldenrod-ibex-179495.hostingersite.com\/reforma-laboral-busca-acabar-con-los-contratos-de\/\" target=\"_blank\" rel=\"noopener\">reforma<\/a> tributaria del gobierno de Gustavo Petro,\u00a0el alto tribunal declar\u00f3 inexequible la no deducibilidad de las regal\u00edas.<\/p><p id=\"p592440-m623-3-624\" class=\"parrafo\">De acuerdo con los mismos c\u00e1lculos del Gobierno,\u00a0solo este punto representaba m\u00e1s de $5 billones en ingresos de los $20 billones que se esperaban.\u00a0Estos ser\u00edan $3,3 billones para el a\u00f1o fiscal 2023 y $2,79 billones para 2024.<\/p><p id=\"p592440-m629-4-630\" class=\"parrafo\">C\u00e1lculos del Comit\u00e9 Aut\u00f3nomo de la Regla Fiscal (Carf) son que el efecto en los ingresos tributarios para la Naci\u00f3n rondar\u00edan los $3,8 billones. Sin embargo, destacan que hay que analizar la totalidad de la decisi\u00f3n para ver si se modula en algo este efecto.<\/p><p id=\"p592440-m635-5-636\" class=\"parrafo\">En la comunicaci\u00f3n de la Corte no se detallan los motivos por los cuales se cay\u00f3 este art\u00edculo.<\/p><p id=\"p592440-m647-7-648\" class=\"parrafo\">La defensa del Ministerio de Hacienda, en su momento, sobre el art\u00edculo 19 de la tributaria fue que \u00abes absolutamente claro que el Estado es propietario del subsuelo y de los recursos naturales no renovables. Las regal\u00edas son adem\u00e1s recursos del estado, y constituyen una contraprestaci\u00f3n econ\u00f3mica, de rango constitucional, a cargo de quienes toman un recurso natural no renovable\u00bb, seg\u00fan expuso el ministro Ricardo Bonilla.<\/p><p id=\"p592440-m653-8-654\" class=\"parrafo custom-cursor-default-hover\">Durante las discusiones de la tributaria, la Contralor\u00eda hab\u00eda entregado un concepto en el cual ped\u00eda eliminar\u00a0el par\u00e1grafo 1 del art\u00edculo 19 (el que hablaba de la no deducibilidad de regal\u00edas)\u00a0diciendo que \u00abes una medida que impide consultar la capacidad contributiva del sujeto pasivo, ya que se incrementa la base gravable del impuesto sobre la renta a pesar de que ese concepto, en principio, no tiene la vocaci\u00f3n de incrementar el patrimonio de la empresa que paga el tributo\u00bb.<\/p><div id=\"p592440-m678-11-679\" class=\"highlighted custom-cursor-default-hover\"><h5 id=\"m683-682-684\" class=\"tiemposBold3 custom-cursor-default-hover\" spellcheck=\"false\" data-lt-tmp-id=\"lt-32131\" data-gramm=\"false\"><strong>Se hab\u00eda advertido<\/strong><\/h5><\/div><p id=\"p592440-m690-12-691\" class=\"parrafo\">Tras la decisi\u00f3n de la Corte, las reacciones no se han hecho esperar. Los gremios que representan a los mineros destacaron la\u00a0 decisi\u00f3n de la Corte como\u00a0 una respuesta positiva.<\/p><p id=\"p592440-m696-13-697\" class=\"parrafo\">Juan Camilo Nari\u00f1o, presidente de la Asociaci\u00f3n Colombiana de Miner\u00eda se\u00f1al\u00f3 que \u00abcon esta decisi\u00f3n gana Colombia, las regiones y sus comunidades. Este resultado implica un impulso a la competitividad al garantizar la seguridad jur\u00eddica de una industria que beneficia y genera oportunidades de progreso y desarrollo para m\u00e1s de 50 millones de colombianos\u00bb.<\/p><p id=\"p592440-m702-14-703\" class=\"parrafo\">Por su parte, Carlos Cante, presidente de Fenalcarb\u00f3n, expuso que esto significa una rectificaci\u00f3n sobre una vulneraci\u00f3n que hab\u00eda generado esta reforma. \u00abDesde el tr\u00e1mite de la reforma tributaria reclamamos, ante el Gobierno y el Congreso, la inconstitucionalidad de esa medida. Hoy la Corte Constitucional retorna el orden constitucional y rectifica la vulneraci\u00f3n a los principios del sistema tributario\u00bb, se\u00f1al\u00f3.<\/p><p id=\"p592440-m708-15-709\" class=\"parrafo\">El senador del Centro Democr\u00e1tico, Miguel Uribe Turbay,\u00a0se\u00f1al\u00f3 que el Gobierno Petro hab\u00eda hecho cuentas alegres con el presupuesto para 2024 por tener en cuenta estos ingresos.<\/p><p><\/p><p>Tambi\u00e9n\u00a0el exministro de Hacienda, Jos\u00e9 Manuel Restrepo,\u00a0se manifest\u00f3 diciendo que era previsible \u00abque se tumbara semejante art\u00edculo tan t\u00e9cnicamente absurdo de la \u00faltima reforma tributaria. Es obvio que las regal\u00edas no son ingresos del particular, sino de la Naci\u00f3n y no tiene sentido que se impida su deducibilidad\u00bb.<\/p><p><\/p><p>As\u00ed mismo,\u00a0el representante a la C\u00e1mara por el Centro Democr\u00e1tico, Andr\u00e9s Forero,\u00a0se\u00f1al\u00f3 que se les hab\u00eda advertido que este art\u00edculo era inconstitucional.<\/p><p><\/p><p>En el bienio 2023 &#8211; 2024, el Gobierno estimaba un recaudo de $31,3 billones. Sin embargo, el recaudo minero ha estado por encima de lo esperado, seg\u00fan la ANM. A septiembre, los ingresos llegaron a $7,27 billones, y lo esperado para los dos a\u00f1os era $7,25 billones.<\/p><p><strong>Fuente: <a href=\"https:\/\/www.portafolio.co\/\" target=\"_blank\" rel=\"noopener\">Portafolio<\/a><\/strong><\/p>\t\t\t\t\t\t\t\t<\/div>\n\t\t\t\t\t<\/div>\n\t\t\t\t<\/div>\n\t\t\t\t<\/div>","protected":false},"excerpt":{"rendered":"<p>Diversos sectores manifestaron que esta era una decisi\u00f3n advertida desde el Congreso. Tras reunirse la\u00a0Corte Constitucional\u00a0y haberse realizado varias sesiones con respecto al\u00a0art\u00edculo 19 de la reforma tributaria del gobierno de Gustavo Petro,\u00a0el alto tribunal declar\u00f3 inexequible la no deducibilidad de las regal\u00edas. De acuerdo con los mismos c\u00e1lculos del Gobierno,\u00a0solo este punto representaba m\u00e1s [&hellip;]<\/p>","protected":false},"author":4,"featured_media":31348,"comment_status":"open","ping_status":"open","sticky":false,"template":"","format":"standard","meta":{"_joinchat":[],"footnotes":""},"categories":[27,36,29],"tags":[],"class_list":["post-31347","post","type-post","status-publish","format-standard","has-post-thumbnail","hentry","category-noticias-acl","category-contabilidad","category-tributario"],"_links":{"self":[{"href":"https:\/\/aclco.co\/en\/wp-json\/wp\/v2\/posts\/31347","targetHints":{"allow":["GET"]}}],"collection":[{"href":"https:\/\/aclco.co\/en\/wp-json\/wp\/v2\/posts"}],"about":[{"href":"https:\/\/aclco.co\/en\/wp-json\/wp\/v2\/types\/post"}],"author":[{"embeddable":true,"href":"https:\/\/aclco.co\/en\/wp-json\/wp\/v2\/users\/4"}],"replies":[{"embeddable":true,"href":"https:\/\/aclco.co\/en\/wp-json\/wp\/v2\/comments?post=31347"}],"version-history":[{"count":7,"href":"https:\/\/aclco.co\/en\/wp-json\/wp\/v2\/posts\/31347\/revisions"}],"predecessor-version":[{"id":31361,"href":"https:\/\/aclco.co\/en\/wp-json\/wp\/v2\/posts\/31347\/revisions\/31361"}],"wp:featuredmedia":[{"embeddable":true,"href":"https:\/\/aclco.co\/en\/wp-json\/wp\/v2\/media\/31348"}],"wp:attachment":[{"href":"https:\/\/aclco.co\/en\/wp-json\/wp\/v2\/media?parent=31347"}],"wp:term":[{"taxonomy":"category","embeddable":true,"href":"https:\/\/aclco.co\/en\/wp-json\/wp\/v2\/categories?post=31347"},{"taxonomy":"post_tag","embeddable":true,"href":"https:\/\/aclco.co\/en\/wp-json\/wp\/v2\/tags?post=31347"}],"curies":[{"name":"wp","href":"https:\/\/api.w.org\/{rel}","templated":true}]}}