{"id":31380,"date":"2023-11-24T12:59:44","date_gmt":"2023-11-24T17:59:44","guid":{"rendered":"https:\/\/darkgoldenrod-ibex-179495.hostingersite.com\/?p=31380"},"modified":"2023-11-24T14:47:42","modified_gmt":"2023-11-24T19:47:42","slug":"reforma-laboral-sindicatos-piden-ajustes-para","status":"publish","type":"post","link":"https:\/\/aclco.co\/en\/reforma-laboral-sindicatos-piden-ajustes-para\/","title":{"rendered":"Reforma laboral: sindicatos piden ajustes para trabajadores de apps de domicilio"},"content":{"rendered":"<div data-elementor-type=\"wp-post\" data-elementor-id=\"31380\" class=\"elementor elementor-31380\" data-elementor-post-type=\"post\">\n\t\t\t\t<div class=\"elementor-element elementor-element-4fb1ef3 e-flex e-con-boxed e-con e-parent\" data-id=\"4fb1ef3\" data-element_type=\"container\" data-e-type=\"container\">\n\t\t\t\t\t<div class=\"e-con-inner\">\n\t\t\t\t<div class=\"elementor-element elementor-element-e2d721e elementor-widget elementor-widget-text-editor\" data-id=\"e2d721e\" data-element_type=\"widget\" data-e-type=\"widget\" data-widget_type=\"text-editor.default\">\n\t\t\t\t\t\t\t\t\t<h5 id=\"p828934-m3004-3003-3005\" class=\"article-epigraph\"><strong>Se debate el tipo de contrato para trabajadores\u00a0de domicilio. El gremio exige tener derechos.<\/strong><\/h5><p>En una carta conjunta dirigida a la ministra de Trabajo, Gloria In\u00e9s Ram\u00edrez, los sindicatos de\u00a0la Central Unitaria de Trabajadores (CUT), Central de Trabajadores de Colombia (CTC) y la Confederaci\u00f3n General de Trabajo (CGT),\u00a0expresaron su descontento por la propuesta de la <a href=\"https:\/\/darkgoldenrod-ibex-179495.hostingersite.com\/reforma-laboral-busca-acabar-con-los-contratos-de\/\" target=\"_blank\" rel=\"noopener\">reforma laboral<\/a>.<br \/><br \/>Esta propuesta, radicada el 28 de agosto de 2023, abarca la situaci\u00f3n laboral de quienes trabajan como domiciliarios. Este gremio exige\u00a0ser considerados como\u00a0\u201csubordinados\u201d\u00a0y no como \u201ctrabajadores aut\u00f3nomos\u201d.<br \/><br \/>Es decir, piden al Gobierno nacional hacer la modificaci\u00f3n de los art\u00edculos\u00a023, 24 y 26.<\/p><p>Recientemente, la ministra de Trabajo anunci\u00f3 el tipo de contrato aplicable a los rappitenderos y otros repartidores de domicilio. Seg\u00fan el acuerdo, los repartidores podr\u00edan ser contratados como trabajadores independientes, siempre y cuando la empresa\u00a0brinde el 60 por ciento del aporte a salud y pensi\u00f3n, as\u00ed como la totalidad de la ARL.<br \/><br \/>Sin embargo, en la carta dirigida a la ministra, los sindicatos se\u00f1alaron que esta propuesta\u00a0laboral va en contra de los intereses de los trabajadores.<br \/><br \/>\u201cInsistentemente hemos sentado una posici\u00f3n clara en nuestras movilizaciones, agendas y en las reuniones que hemos tenido con usted como Ministra y con su equipo, no hemos vacilado en reiterar que la regulaci\u00f3n\u00a0que requerimos es una que nos reconozca como trabajadores (as) dependientes con derechos laborales\u201d, indic\u00f3 el comunicado.<\/p><p>La publicaci\u00f3n de esta carta conjunta coincide con el anuncio del Gobierno de la posibilidad de un incremento salarial m\u00e1s bajo o incluso nulo para los trabajadores del estado con mayores ingresos. El l\u00edder sindical Di\u00f3genes Orjuela se\u00f1al\u00f3 que esto violar\u00eda la convenci\u00f3n colectiva firmada con el Gobierno Petro este a\u00f1o.<br \/><br \/>Asimismo, el gremio aseguro que dejar que el empleador decida sobre si son independientes o dependientes\u00a0cierra las posibilidades de \u00e9xito de muchos trabajadores.<\/p><p><strong>Fuente: <a href=\"https:\/\/www.eltiempo.com\/\" target=\"_blank\" rel=\"noopener\">El Tiempo<\/a><\/strong><\/p>\t\t\t\t\t\t\t\t<\/div>\n\t\t\t\t\t<\/div>\n\t\t\t\t<\/div>\n\t\t\t\t<\/div>","protected":false},"excerpt":{"rendered":"<p>Se debate el tipo de contrato para trabajadores\u00a0de domicilio. El gremio exige tener derechos. En una carta conjunta dirigida a la ministra de Trabajo, Gloria In\u00e9s Ram\u00edrez, los sindicatos de\u00a0la Central Unitaria de Trabajadores (CUT), Central de Trabajadores de Colombia (CTC) y la Confederaci\u00f3n General de Trabajo (CGT),\u00a0expresaron su descontento por la propuesta de la [&hellip;]<\/p>","protected":false},"author":4,"featured_media":31384,"comment_status":"open","ping_status":"open","sticky":false,"template":"","format":"standard","meta":{"_joinchat":[],"footnotes":""},"categories":[27,36,34],"tags":[],"class_list":["post-31380","post","type-post","status-publish","format-standard","has-post-thumbnail","hentry","category-noticias-acl","category-contabilidad","category-laboral"],"_links":{"self":[{"href":"https:\/\/aclco.co\/en\/wp-json\/wp\/v2\/posts\/31380","targetHints":{"allow":["GET"]}}],"collection":[{"href":"https:\/\/aclco.co\/en\/wp-json\/wp\/v2\/posts"}],"about":[{"href":"https:\/\/aclco.co\/en\/wp-json\/wp\/v2\/types\/post"}],"author":[{"embeddable":true,"href":"https:\/\/aclco.co\/en\/wp-json\/wp\/v2\/users\/4"}],"replies":[{"embeddable":true,"href":"https:\/\/aclco.co\/en\/wp-json\/wp\/v2\/comments?post=31380"}],"version-history":[{"count":5,"href":"https:\/\/aclco.co\/en\/wp-json\/wp\/v2\/posts\/31380\/revisions"}],"predecessor-version":[{"id":31389,"href":"https:\/\/aclco.co\/en\/wp-json\/wp\/v2\/posts\/31380\/revisions\/31389"}],"wp:featuredmedia":[{"embeddable":true,"href":"https:\/\/aclco.co\/en\/wp-json\/wp\/v2\/media\/31384"}],"wp:attachment":[{"href":"https:\/\/aclco.co\/en\/wp-json\/wp\/v2\/media?parent=31380"}],"wp:term":[{"taxonomy":"category","embeddable":true,"href":"https:\/\/aclco.co\/en\/wp-json\/wp\/v2\/categories?post=31380"},{"taxonomy":"post_tag","embeddable":true,"href":"https:\/\/aclco.co\/en\/wp-json\/wp\/v2\/tags?post=31380"}],"curies":[{"name":"wp","href":"https:\/\/api.w.org\/{rel}","templated":true}]}}