{"id":31411,"date":"2023-12-05T15:13:20","date_gmt":"2023-12-05T20:13:20","guid":{"rendered":"https:\/\/darkgoldenrod-ibex-179495.hostingersite.com\/?p=31411"},"modified":"2023-12-05T15:20:15","modified_gmt":"2023-12-05T20:20:15","slug":"alivios-tributarios-para-empresas-que-luchen-contra-la","status":"publish","type":"post","link":"https:\/\/aclco.co\/en\/alivios-tributarios-para-empresas-que-luchen-contra-la\/","title":{"rendered":"Anuncian alivios tributarios para empresas que luchen contra la violencia de g\u00e9nero"},"content":{"rendered":"<div data-elementor-type=\"wp-post\" data-elementor-id=\"31411\" class=\"elementor elementor-31411\" data-elementor-post-type=\"post\">\n\t\t\t\t<div class=\"elementor-element elementor-element-4fb1ef3 e-flex e-con-boxed e-con e-parent\" data-id=\"4fb1ef3\" data-element_type=\"container\" data-e-type=\"container\">\n\t\t\t\t\t<div class=\"e-con-inner\">\n\t\t\t\t<div class=\"elementor-element elementor-element-e2d721e elementor-widget elementor-widget-text-editor\" data-id=\"e2d721e\" data-element_type=\"widget\" data-e-type=\"widget\" data-widget_type=\"text-editor.default\">\n\t\t\t\t\t\t\t\t\t<h5 id=\"p828934-m3004-3003-3005\" class=\"article-epigraph\">Esto se logr\u00f3 gracias a una alianza entre la <a href=\"https:\/\/darkgoldenrod-ibex-179495.hostingersite.com\/dian-hara-devolucion-de-saldos-a-favor-en-impuestos\/\" target=\"_blank\" rel=\"noopener\">Dian<\/a> y el Ministerio del Trabajo.<\/h5><p>Este martes 5 de diciembre- se lanz\u00f3 una nueva estrategia del Gobierno Nacional para fortalecer la lucha contra la violencia de g\u00e9nero de la mano con las empresas, en alianza con Naciones Unidas, mediante la creaci\u00f3n de incentivos tributarios.<\/p><p>Se trata del Incentivo Violeta, el cual busca que los empresarios ofrezcan a mujeres v\u00edctimas de violencia basada en g\u00e9nero, oportunidades de empleabilidad y desarrollo personal y as\u00ed se acojan a los beneficios tributarios, todo con el visto bueno de la\u00a0<a href=\"https:\/\/www.dian.gov.co\/\" target=\"_blank\" rel=\"noopener\">Direcci\u00f3n de Impuestos y Aduanas Nacionales\u00a0(Dian)<\/a>.<\/p><p>La ministra de Trabajo, Gloria In\u00e9s Ram\u00edrez, explic\u00f3 que con esto buscan impulsar, en conjunto con el Programa de Naciones Unidas para el Desarrollo, una mayor igualdad de g\u00e9nero y reconocer a las compa\u00f1\u00edas (grandes, medianas o peque\u00f1as) que se esfuercen por erradicar este flagelo.<\/p><p><\/p><p>\u201cQueremos empoderar econ\u00f3micamente a las mujeres, en especial a las que han sufrido diferentes tipos de violencias, contribuye directamente a la igualdad de g\u00e9nero, erradicaci\u00f3n de la pobreza y crecimiento econ\u00f3mico inclusivo, de tal forma que\u00a0promover la empleabilidad de esta poblaci\u00f3n, permite contribuir\u00a0a su empoderamiento para erradicar ciclos de violencia que han permeado la vida de estas mujeres\u201d, dijo Ram\u00edrez R\u00edos.<\/p><div id=\"p593589-m628-8-629\" class=\"highlighted\"><h5 id=\"m633-632-634\" class=\"tiemposBold3\"><strong>Detalles del incentivo<\/strong><\/h5><\/div><p id=\"p593589-m640-9-641\" class=\"parrafo\">Seg\u00fan lo explicado por el director de la Dian, Luis Carlos Reyes, el Incentivo Violeta deber\u00e1 solicitarse a partir del per\u00edodo gravable que corresponda a la vinculaci\u00f3n directa de la trabajadora v\u00edctima de violencia comprobada y\u00a0hasta por un t\u00e9rmino m\u00e1ximo de tres (3) a\u00f1os\u00a0por cada trabajadora vinculada, si la relaci\u00f3n laboral perdura tal como lo dispone la ley.<\/p><p id=\"p593589-m652-11-653\" class=\"parrafo\">\u201cEl monto de la deducci\u00f3n ser\u00e1 del 200% del valor de los salarios y prestaciones sociales pagados durante el a\u00f1o o per\u00edodo gravable a partir del inicio de la relaci\u00f3n laboral y hasta por un t\u00e9rmino m\u00e1ximo de tres (3) a\u00f1os si esta se mantiene\u201d, dijo este funcionario.<\/p><p id=\"p593589-m658-12-659\" class=\"parrafo\">Tambi\u00e9n es necesario resaltar que la deducci\u00f3n\u00a0no se aceptar\u00e1 sobre los pagos realizados a trabajadores\/as a trav\u00e9s de empresas de servicios temporales.<\/p><p id=\"p593589-m664-13-665\" class=\"parrafo\">Por \u00faltimo la Dian dej\u00f3 claro que las decisiones y medidas en favor de la mujer v\u00edctima de la violencia, se\u00f1aladas en el literal a) del art\u00edculo 3\u00b0 del presente decreto, hayan sido dictadas con posterioridad a la expedici\u00f3n de la Ley 1257 de 2008 y que la vinculaci\u00f3n laboral se haya iniciado despu\u00e9s de la adopci\u00f3n de las misma.<\/p><p>Seg\u00fan el \u00faltimo reporte del Sistema Integrado de Informaci\u00f3n sobre Violencias de G\u00e9nero-SIVIGE, correspondiente al a\u00f1o 2021, en Colombia se identificaron 50.911 casos de violencia de g\u00e9nero. Situaciones que requieren del acompa\u00f1amiento del Estado colombiano, entre otras acciones como promover y proteger la empleabilidad de las mujeres que han sido v\u00edctimas.<\/p><p><strong>Fuente: <a href=\"https:\/\/www.portafolio.co\/\" target=\"_blank\" rel=\"noopener\">Portafolio<\/a><\/strong><\/p>\t\t\t\t\t\t\t\t<\/div>\n\t\t\t\t\t<\/div>\n\t\t\t\t<\/div>\n\t\t\t\t<\/div>","protected":false},"excerpt":{"rendered":"<p>Esto se logr\u00f3 gracias a una alianza entre la Dian y el Ministerio del Trabajo. Este martes 5 de diciembre- se lanz\u00f3 una nueva estrategia del Gobierno Nacional para fortalecer la lucha contra la violencia de g\u00e9nero de la mano con las empresas, en alianza con Naciones Unidas, mediante la creaci\u00f3n de incentivos tributarios. Se [&hellip;]<\/p>","protected":false},"author":4,"featured_media":31412,"comment_status":"open","ping_status":"open","sticky":false,"template":"","format":"standard","meta":{"_joinchat":[],"footnotes":""},"categories":[27,36,29],"tags":[],"class_list":["post-31411","post","type-post","status-publish","format-standard","has-post-thumbnail","hentry","category-noticias-acl","category-contabilidad","category-tributario"],"_links":{"self":[{"href":"https:\/\/aclco.co\/en\/wp-json\/wp\/v2\/posts\/31411","targetHints":{"allow":["GET"]}}],"collection":[{"href":"https:\/\/aclco.co\/en\/wp-json\/wp\/v2\/posts"}],"about":[{"href":"https:\/\/aclco.co\/en\/wp-json\/wp\/v2\/types\/post"}],"author":[{"embeddable":true,"href":"https:\/\/aclco.co\/en\/wp-json\/wp\/v2\/users\/4"}],"replies":[{"embeddable":true,"href":"https:\/\/aclco.co\/en\/wp-json\/wp\/v2\/comments?post=31411"}],"version-history":[{"count":4,"href":"https:\/\/aclco.co\/en\/wp-json\/wp\/v2\/posts\/31411\/revisions"}],"predecessor-version":[{"id":31419,"href":"https:\/\/aclco.co\/en\/wp-json\/wp\/v2\/posts\/31411\/revisions\/31419"}],"wp:featuredmedia":[{"embeddable":true,"href":"https:\/\/aclco.co\/en\/wp-json\/wp\/v2\/media\/31412"}],"wp:attachment":[{"href":"https:\/\/aclco.co\/en\/wp-json\/wp\/v2\/media?parent=31411"}],"wp:term":[{"taxonomy":"category","embeddable":true,"href":"https:\/\/aclco.co\/en\/wp-json\/wp\/v2\/categories?post=31411"},{"taxonomy":"post_tag","embeddable":true,"href":"https:\/\/aclco.co\/en\/wp-json\/wp\/v2\/tags?post=31411"}],"curies":[{"name":"wp","href":"https:\/\/api.w.org\/{rel}","templated":true}]}}