{"id":31433,"date":"2023-12-07T14:44:08","date_gmt":"2023-12-07T19:44:08","guid":{"rendered":"https:\/\/darkgoldenrod-ibex-179495.hostingersite.com\/?p=31433"},"modified":"2023-12-07T14:49:57","modified_gmt":"2023-12-07T19:49:57","slug":"el-curioso-analisis-que-se-esta-haciendo-al-interior-de","status":"publish","type":"post","link":"https:\/\/aclco.co\/en\/el-curioso-analisis-que-se-esta-haciendo-al-interior-de\/","title":{"rendered":"El curioso an\u00e1lisis que se est\u00e1 haciendo al interior de la mesa del salario m\u00ednimo"},"content":{"rendered":"<div data-elementor-type=\"wp-post\" data-elementor-id=\"31433\" class=\"elementor elementor-31433\" data-elementor-post-type=\"post\">\n\t\t\t\t<div class=\"elementor-element elementor-element-4fb1ef3 e-flex e-con-boxed e-con e-parent\" data-id=\"4fb1ef3\" data-element_type=\"container\" data-e-type=\"container\">\n\t\t\t\t\t<div class=\"e-con-inner\">\n\t\t\t\t<div class=\"elementor-element elementor-element-e2d721e elementor-widget elementor-widget-text-editor\" data-id=\"e2d721e\" data-element_type=\"widget\" data-e-type=\"widget\" data-widget_type=\"text-editor.default\">\n\t\t\t\t\t\t\t\t\t<h5 id=\"p828934-m3004-3003-3005\" class=\"article-epigraph\">El ministerio de Trabajo pidi\u00f3 tener en cuenta c\u00f3mo la tecnolog\u00eda afecta el mercado laboral.<\/h5><p id=\"p593162-m2077-14-2078\" class=\"parrafo\">Este jueves 7 de diciembre se llev\u00f3 a cabo la quinta sesi\u00f3n de la Comisi\u00f3n Permanente de Pol\u00edticas Salariales y Laborales, en el ministerio del Trabajo, donde sindicatos y empresarios se dieron cita nuevamente para analizar c\u00f3mo est\u00e1\u00a0la econom\u00eda del pa\u00eds, con miras a generar sus propuestas de aumento del salario m\u00ednimo para 2024.<\/p><p>En esta ocasi\u00f3n las partes contaron con el acompa\u00f1amiento, adem\u00e1s del Dane y los expertos econ\u00f3micos del Gobierno Nacional, de Ana Fernanda Maiguascha, presidenta del Consejo Colombiano de Competitividad y C\u00e9sar Pab\u00f3n,\u00a0en representaci\u00f3n de Fedesarrollo, quienes dieron sus percepciones sobre el futuro del aumento.<\/p><p>No obstante, al comienzo de la jornada de hoy, la ministra de Trabajo, Gloria In\u00e9s Ram\u00edrez, hizo un llamado a las partes para que tengan en cuenta el papel de la tecnolog\u00eda y los impactos que tendr\u00e1 a futuro en el mercado laboral.<\/p><p>\u201cLa idea es que juntos lo podamos hacer, porque el impacto\u00a0de la tecnolog\u00eda, como todos tambi\u00e9n lo sabemos, tiene unos impactos tambi\u00e9n en el mundo laboral\u201d, dijo Ram\u00edrez R\u00edos, quien advirti\u00f3 que es necesario empezar a formar las generaciones que enfrentar\u00e1n esas nuevas realidades.<\/p><p id=\"p593734-m511-9-512\" class=\"parrafo\">La Ministra de Trabajo agreg\u00f3 que\u00a0\u201cm\u00e1s all\u00e1 de que sean los drones, que sea la biotecnolog\u00eda, la rob\u00f3tica, nosotros tenemos tambi\u00e9n que avanzar en no solamente las protecciones, sino c\u00f3mo las empresas van a estar preparadas para este salto, que es cualitativo y de igual manera como desde la fuerza <a href=\"https:\/\/darkgoldenrod-ibex-179495.hostingersite.com\/reforma-laboral-sindicatos-piden-ajustes-para\/\" target=\"_blank\" rel=\"noopener\">laboral<\/a>\u201d.<\/p><p id=\"p593734-m517-10-518\" class=\"parrafo\">\u201cEn esta ruta nosotros colocamos como primera parte, que el Dane nos d\u00e9 el mercado laboral por sectores, como pidiera la SAC. De igual manera, tendremos la intervenci\u00f3n de la calidad de empleo y estructura por parte del DNP y\u00a0luego las intervenciones de centros de pensamiento\u201d, dijo la funcionaria.<\/p><p>Se espera que entre los pr\u00f3ximos 11 y 14 de diciembre, tanto los sindicatos como los empresarios entreguen sus propuestas de aumentos y de ah\u00ed se pueda negociar un punto medio que diga cu\u00e1nto subir\u00e1 el salario m\u00ednimo para el pr\u00f3ximo a\u00f1o. Si no logran un acuerdo antes del 30 de diciembre, esta decisi\u00f3n se ir\u00e1 por decreto.<\/p><p><strong>Fuente: <a href=\"https:\/\/www.portafolio.co\/\" target=\"_blank\" rel=\"noopener\">Portafolio<\/a><\/strong><\/p>\t\t\t\t\t\t\t\t<\/div>\n\t\t\t\t\t<\/div>\n\t\t\t\t<\/div>\n\t\t\t\t<\/div>","protected":false},"excerpt":{"rendered":"<p>El ministerio de Trabajo pidi\u00f3 tener en cuenta c\u00f3mo la tecnolog\u00eda afecta el mercado laboral. Este jueves 7 de diciembre se llev\u00f3 a cabo la quinta sesi\u00f3n de la Comisi\u00f3n Permanente de Pol\u00edticas Salariales y Laborales, en el ministerio del Trabajo, donde sindicatos y empresarios se dieron cita nuevamente para analizar c\u00f3mo est\u00e1\u00a0la econom\u00eda del [&hellip;]<\/p>","protected":false},"author":4,"featured_media":31434,"comment_status":"open","ping_status":"open","sticky":false,"template":"","format":"standard","meta":{"_joinchat":[],"footnotes":""},"categories":[27,36,34],"tags":[],"class_list":["post-31433","post","type-post","status-publish","format-standard","has-post-thumbnail","hentry","category-noticias-acl","category-contabilidad","category-laboral"],"_links":{"self":[{"href":"https:\/\/aclco.co\/en\/wp-json\/wp\/v2\/posts\/31433","targetHints":{"allow":["GET"]}}],"collection":[{"href":"https:\/\/aclco.co\/en\/wp-json\/wp\/v2\/posts"}],"about":[{"href":"https:\/\/aclco.co\/en\/wp-json\/wp\/v2\/types\/post"}],"author":[{"embeddable":true,"href":"https:\/\/aclco.co\/en\/wp-json\/wp\/v2\/users\/4"}],"replies":[{"embeddable":true,"href":"https:\/\/aclco.co\/en\/wp-json\/wp\/v2\/comments?post=31433"}],"version-history":[{"count":4,"href":"https:\/\/aclco.co\/en\/wp-json\/wp\/v2\/posts\/31433\/revisions"}],"predecessor-version":[{"id":31439,"href":"https:\/\/aclco.co\/en\/wp-json\/wp\/v2\/posts\/31433\/revisions\/31439"}],"wp:featuredmedia":[{"embeddable":true,"href":"https:\/\/aclco.co\/en\/wp-json\/wp\/v2\/media\/31434"}],"wp:attachment":[{"href":"https:\/\/aclco.co\/en\/wp-json\/wp\/v2\/media?parent=31433"}],"wp:term":[{"taxonomy":"category","embeddable":true,"href":"https:\/\/aclco.co\/en\/wp-json\/wp\/v2\/categories?post=31433"},{"taxonomy":"post_tag","embeddable":true,"href":"https:\/\/aclco.co\/en\/wp-json\/wp\/v2\/tags?post=31433"}],"curies":[{"name":"wp","href":"https:\/\/api.w.org\/{rel}","templated":true}]}}