{"id":31440,"date":"2023-12-11T13:16:18","date_gmt":"2023-12-11T18:16:18","guid":{"rendered":"https:\/\/darkgoldenrod-ibex-179495.hostingersite.com\/?p=31440"},"modified":"2023-12-11T13:20:04","modified_gmt":"2023-12-11T18:20:04","slug":"nuevo-round-para-definir-la-productividad-en-la-mesa","status":"publish","type":"post","link":"https:\/\/aclco.co\/en\/nuevo-round-para-definir-la-productividad-en-la-mesa\/","title":{"rendered":"Nuevo \u2018round\u2019 para definir la productividad en la mesa del salario m\u00ednimo"},"content":{"rendered":"<div data-elementor-type=\"wp-post\" data-elementor-id=\"31440\" class=\"elementor elementor-31440\" data-elementor-post-type=\"post\">\n\t\t\t\t<div class=\"elementor-element elementor-element-4fb1ef3 e-flex e-con-boxed e-con e-parent\" data-id=\"4fb1ef3\" data-element_type=\"container\" data-e-type=\"container\">\n\t\t\t\t\t<div class=\"e-con-inner\">\n\t\t\t\t<div class=\"elementor-element elementor-element-e2d721e elementor-widget elementor-widget-text-editor\" data-id=\"e2d721e\" data-element_type=\"widget\" data-e-type=\"widget\" data-widget_type=\"text-editor.default\">\n\t\t\t\t\t\t\t\t\t<h5 id=\"p828934-m3004-3003-3005\" class=\"article-epigraph\">Las partes pasaron toda la semana pasada sin ponerse de acuerdo en este tema.<\/h5><p>Este lunes 11 de diciembre se dan cita nuevamente\u00a0los negociadores de la Comisi\u00f3n Permanente de Pol\u00edticas Laborales y Salariales,\u00a0que busca un acuerdo frente al aumento del <a href=\"https:\/\/darkgoldenrod-ibex-179495.hostingersite.com\/el-curioso-analisis-que-se-esta-haciendo-al-interior-de\/\" target=\"_blank\" rel=\"noopener\">salario m\u00ednimo<\/a> para el pr\u00f3ximo a\u00f1o, luego de que se publicaran los datos de inflaci\u00f3n, la semana pasada, por parte del Dane.<\/p><p id=\"p593898-m554-3-555\" class=\"parrafo\">Centrales obreras y sindicatos se sentar\u00e1n a la mesa en esta oportunidad, con la intermediaci\u00f3n del Ministerio del Trabajo, despu\u00e9s de que durante la cuarta y quinta sesi\u00f3n no se lograran avances en la definici\u00f3n del dato de productividad.<\/p><p id=\"p593898-m560-4-561\" class=\"parrafo\">Cabe resaltar que,\u00a0seg\u00fan las cifras que se conocen hasta el momento, la inflaci\u00f3n est\u00e1 en el 10,15%, mientras que la productividad se ubic\u00f3 en -1%.\u00a0Estos datos ser\u00e1n trascendentales para que las partes presenten sus propuestas de aumento y de all\u00ed se empiece a negociar cu\u00e1nto subir\u00e1 el salario m\u00ednimo.<\/p><p>Por otra parte, los empresarios han reiterado en varias oportunidades que la econom\u00eda del pa\u00eds no atraviesa por un buen momento y es necesario que el salario m\u00ednimo no se dispare de tal forma que termine impactando la desaceleraci\u00f3n econ\u00f3mica que tiene contra las cuerdas a la econom\u00eda nacional.<\/p><p>Cabe recordar que el salario m\u00ednimo en el pa\u00eds se encuentra actualmente en $1,16 millones, mientras que el auxilio de transporte est\u00e1 en $140.000, para un total de $1,3 millones por empleado que gane el salario m\u00ednimo, sin contar los parafiscales y pagos adicionales que tenga cada uno.<\/p><p><strong>Fuente: <a href=\"https:\/\/www.portafolio.co\/\" target=\"_blank\" rel=\"noopener\">Portafolio<\/a><\/strong><\/p>\t\t\t\t\t\t\t\t<\/div>\n\t\t\t\t\t<\/div>\n\t\t\t\t<\/div>\n\t\t\t\t<\/div>","protected":false},"excerpt":{"rendered":"<p>Las partes pasaron toda la semana pasada sin ponerse de acuerdo en este tema. Este lunes 11 de diciembre se dan cita nuevamente\u00a0los negociadores de la Comisi\u00f3n Permanente de Pol\u00edticas Laborales y Salariales,\u00a0que busca un acuerdo frente al aumento del salario m\u00ednimo para el pr\u00f3ximo a\u00f1o, luego de que se publicaran los datos de inflaci\u00f3n, [&hellip;]<\/p>","protected":false},"author":4,"featured_media":31441,"comment_status":"open","ping_status":"open","sticky":false,"template":"","format":"standard","meta":{"_joinchat":[],"footnotes":""},"categories":[27,36,34],"tags":[],"class_list":["post-31440","post","type-post","status-publish","format-standard","has-post-thumbnail","hentry","category-noticias-acl","category-contabilidad","category-laboral"],"_links":{"self":[{"href":"https:\/\/aclco.co\/en\/wp-json\/wp\/v2\/posts\/31440","targetHints":{"allow":["GET"]}}],"collection":[{"href":"https:\/\/aclco.co\/en\/wp-json\/wp\/v2\/posts"}],"about":[{"href":"https:\/\/aclco.co\/en\/wp-json\/wp\/v2\/types\/post"}],"author":[{"embeddable":true,"href":"https:\/\/aclco.co\/en\/wp-json\/wp\/v2\/users\/4"}],"replies":[{"embeddable":true,"href":"https:\/\/aclco.co\/en\/wp-json\/wp\/v2\/comments?post=31440"}],"version-history":[{"count":4,"href":"https:\/\/aclco.co\/en\/wp-json\/wp\/v2\/posts\/31440\/revisions"}],"predecessor-version":[{"id":31446,"href":"https:\/\/aclco.co\/en\/wp-json\/wp\/v2\/posts\/31440\/revisions\/31446"}],"wp:featuredmedia":[{"embeddable":true,"href":"https:\/\/aclco.co\/en\/wp-json\/wp\/v2\/media\/31441"}],"wp:attachment":[{"href":"https:\/\/aclco.co\/en\/wp-json\/wp\/v2\/media?parent=31440"}],"wp:term":[{"taxonomy":"category","embeddable":true,"href":"https:\/\/aclco.co\/en\/wp-json\/wp\/v2\/categories?post=31440"},{"taxonomy":"post_tag","embeddable":true,"href":"https:\/\/aclco.co\/en\/wp-json\/wp\/v2\/tags?post=31440"}],"curies":[{"name":"wp","href":"https:\/\/api.w.org\/{rel}","templated":true}]}}