{"id":31570,"date":"2024-01-10T12:18:28","date_gmt":"2024-01-10T17:18:28","guid":{"rendered":"https:\/\/darkgoldenrod-ibex-179495.hostingersite.com\/?p=31570"},"modified":"2024-01-10T12:33:06","modified_gmt":"2024-01-10T17:33:06","slug":"arriendo-y-productos-que-suben-de-precio-este-2024","status":"publish","type":"post","link":"https:\/\/aclco.co\/en\/arriendo-y-productos-que-suben-de-precio-este-2024\/","title":{"rendered":"IPC 2023 en Colombia qued\u00f3 en 9,28%: arriendo y productos que suben de precio este 2024"},"content":{"rendered":"<div data-elementor-type=\"wp-post\" data-elementor-id=\"31570\" class=\"elementor elementor-31570\" data-elementor-post-type=\"post\">\n\t\t\t\t<div class=\"elementor-element elementor-element-4fb1ef3 e-flex e-con-boxed e-con e-parent\" data-id=\"4fb1ef3\" data-element_type=\"container\" data-e-type=\"container\">\n\t\t\t\t\t<div class=\"e-con-inner\">\n\t\t\t\t<div class=\"elementor-element elementor-element-e2d721e elementor-widget elementor-widget-text-editor\" data-id=\"e2d721e\" data-element_type=\"widget\" data-e-type=\"widget\" data-widget_type=\"text-editor.default\">\n\t\t\t\t\t\t\t\t\t<p>Este martes, el\u00a0<a href=\"https:\/\/www.dane.gov.co\/\" target=\"_blank\" rel=\"noopener\">Departamento Administrativo Nacional de Estad\u00edstica (Dane)<\/a> revel\u00f3 la cifra del\u00a0\u00cdndice de Precios al Consumidor (IPC)\u00a0de todo el 2023, lo que servir\u00e1 de base para el incremento del costo de <a href=\"https:\/\/darkgoldenrod-ibex-179495.hostingersite.com\/productos-que-subiran-de-precio-en-noviembre-por-la\/\" target=\"_blank\" rel=\"noopener\">productos<\/a> de la\u00a0canasta familiar\u00a0y el arriendo en este 2024.<\/p><p>Luego de conocer el incremento del 12 por ciento que tuvo el salario m\u00ednimo legal mensual vigente en Colombia para este a\u00f1o, quedando en un total de $ 1&#8217;300.000, sin el subsidio de transporte, los colombianos estaban a la expectativa del dato del IPC. Este martes, conocieron el dato preciso con el que cerr\u00f3 la inflaci\u00f3n en 2023.<\/p><p>De esta manera, el IPC ser\u00e1 la base del aumento del\u00a0costo de vida en el pa\u00eds.<\/p><h5 id=\"p842765-m1333-5-1334\" class=\"articulo-titulo\"><strong>\u00bfCu\u00e1l fue la cifra del IPC 2023?<\/strong><\/h5><p id=\"p842765-m1339-6-1340\" class=\"contenido\">El Dane es la entidad oficial encargada de anunciar la cifra correspondiente del IPC.\u00a0<\/p><p>Este martes, sobre las 6 p.m.,\u00a0revel\u00f3 que la variaci\u00f3n anual del 2023 fue de 9,28%.\u00a0<\/p><p>\u00abEn diciembre de 2023 la variaci\u00f3n anual del IPC fue 9,28%, es decir, 3,84 puntos porcentuales menor que la reportada en el mismo periodo del a\u00f1o anterior, cuando fue de 13,12%\u00bb, precis\u00f3 el Dane.<\/p><h5 id=\"p842765-m1377-9-1378\" class=\"articulo-titulo\"><strong>Los productos que subir\u00e1n con el IPC en Colombia<\/strong><\/h5><p id=\"p842765-m1383-10-1384\" class=\"contenido\">Los productos de la canasta familiar (m\u00e1s de 400 art\u00edculos) que tendr\u00e1n el incremento est\u00e1n divididos en doce grupos:<\/p><ul><li class=\"contenido\">Alimentos y bebidas no alcoh\u00f3licas.<\/li><li class=\"contenido\">Bebidas alcoh\u00f3licas y tabaco.<\/li><li class=\"contenido\">Prendas de vestir y calzados.<\/li><li class=\"contenido\">Alojamiento, agua, electricidad, gas y otros combustibles.<\/li><li class=\"contenido\">Muebles, art\u00edculos para el hogar y conservaci\u00f3n ordinaria de la vivienda.<\/li><li class=\"contenido\">Salud.<\/li><li class=\"contenido\">Transporte.<\/li><li class=\"contenido\">Informaci\u00f3n y comunicaci\u00f3n.<\/li><li class=\"contenido\">Recreaci\u00f3n y cultura.<\/li><li class=\"contenido\">Educaci\u00f3n.<\/li><li class=\"contenido\">Restaurantes y hoteles.<\/li><li class=\"contenido\">Bienes y servicios diversos.<\/li><\/ul><p>Para este \u00faltimo periodo (diciembre), el Dane precis\u00f3 que fue la divisi\u00f3n de Transporte la que mayor variaci\u00f3n tuvo. Fue de 15,42%.<\/p><p>Asimismo, aquellos productos que hacen parte de la divisi\u00f3n de Informaci\u00f3n y comunicaci\u00f3n fueron los que menor variaci\u00f3n tuvieron. Eso s\u00ed, se\u00f1al\u00f3 el Dane, \u00aben diciembre de 2023 los mayores incrementos de precio se registraron en las subclases: equipos de telefon\u00eda m\u00f3vil, similares y reparaci\u00f3n (1,10%) y servicios de comunicaci\u00f3n fija y m\u00f3vil y provisi\u00f3n a internet (0,05%)\u00bb.<\/p><h5 id=\"p842765-m1395-12-1396\" class=\"articulo-titulo\"><strong>El aumento en los arriendos para este 2024<\/strong><\/h5><p id=\"p842765-m1401-13-1402\" class=\"contenido\">Seg\u00fan lo estipulado por la\u00a0Ley 820 del 2003,\u00a0los arriendos para vivienda urbana no podr\u00e1n subir m\u00e1s del 100% del monto del IPC, que, como se ha dicho, fue de 9,28%.<\/p><p>En la norma se estipula que el aumento solo podr\u00e1 aplicarse cuando se cumplan doce meses del contrato de arrendamiento.\u00a0<\/p><p>En cuanto a los arriendos comerciales, no hay una norma que decrete los l\u00edmites del aumento. Aun as\u00ed, muchas agencias inmobiliarias toman el IPC como punto de partida para negociar los incrementos.<\/p><h5 id=\"p842765-m1407-14-1408\" class=\"articulo-titulo\"><strong>\u00bfC\u00f3mo se calcula el IPC?<\/strong><\/h5><p id=\"p842765-m1413-15-1414\" class=\"contenido\">El IPC es una medida del cambio (variaci\u00f3n), en el precio de bienes y servicios representativos del\u00a0consumo de los hogares del pa\u00eds\u00a0conocido como canasta, seg\u00fan el Dane.<\/p><p>Por lo tanto, sirve fundamentalmente para:\u00a0medir los cambios de precios de los bienes y servicios que conforman la canasta, y con esto de los periodos de inflaci\u00f3n; comparar la econom\u00eda colombiana con la de otros pa\u00edses; y entender la evoluci\u00f3n de la situaci\u00f3n econ\u00f3mica del pa\u00eds y proyectarla.<\/p><p>Mes a mes, el Dane\u00a0registra el precio de los m\u00e1s de 400 art\u00edculos de la canasta visitando\u00a0diferentes canales de distribuci\u00f3n en 38 ciudades del pa\u00eds, donde los ciudadanos acuden a adquirir diferentes bienes y servicios. De esta manera, la entidad registra los cambios de precio (si suben o bajan) y calcula la variaci\u00f3n entre un periodo de tiempo y otro.<\/p><h5 id=\"p842765-m1425-17-1426\" class=\"articulo-titulo\"><strong>\u00bfC\u00f3mo fue la variaci\u00f3n del IPC en 2022?<\/strong><\/h5><p id=\"p842765-m1431-18-1432\" class=\"contenido\">El comportamiento anual del\u00a0IPC de 2022 fue de 13,12 por ciento, lo que se explic\u00f3 principalmente por la variaci\u00f3n anual de las divisiones &#8216;Alimentos y bebidas no alcoh\u00f3licas&#8217;, con una variaci\u00f3n del 27,81 por ciento y &#8216;Restaurantes y hoteles&#8217;, con una variaci\u00f3n del 18,54 por ciento, seg\u00fan datos del Dane.<\/p><p>Para diciembre de 2022,\u00a0los mayores incrementos de precio se registraron en las<br \/>subclases arracacha, \u00f1ame y otros tub\u00e9rculos\u00a0(109,84 %), cebolla (106,81 %) y yuca para consumo en el hogar (88,08 %).<\/p><p>En cuanto a la\u00a0divisi\u00f3n con menor variaci\u00f3n anual, fue la de &#8216;Informaci\u00f3n y comunicaci\u00f3n&#8217;, con un\u00a00,25 por ciento. \u00abEn diciembre de 2022, el mayor incremento de precio se registr\u00f3 en la subclase equipos de telefon\u00eda m\u00f3vil, similares y reparaci\u00f3n (3,77 %). Servicios de comunicaci\u00f3n fija y m\u00f3vil y provisi\u00f3n a Internet no present\u00f3 variaci\u00f3n anual\u00bb, se\u00f1al\u00f3 la entidad en el informe.<\/p><p><strong>Fuente: <a href=\"https:\/\/www.eltiempo.com\/\" target=\"_blank\" rel=\"noopener\">El Tiempo<\/a><\/strong><\/p>\t\t\t\t\t\t\t\t<\/div>\n\t\t\t\t\t<\/div>\n\t\t\t\t<\/div>\n\t\t\t\t<\/div>","protected":false},"excerpt":{"rendered":"<p>Este martes, el\u00a0Departamento Administrativo Nacional de Estad\u00edstica (Dane) revel\u00f3 la cifra del\u00a0\u00cdndice de Precios al Consumidor (IPC)\u00a0de todo el 2023, lo que servir\u00e1 de base para el incremento del costo de productos de la\u00a0canasta familiar\u00a0y el arriendo en este 2024. Luego de conocer el incremento del 12 por ciento que tuvo el salario m\u00ednimo legal [&hellip;]<\/p>","protected":false},"author":4,"featured_media":31571,"comment_status":"open","ping_status":"open","sticky":false,"template":"","format":"standard","meta":{"_joinchat":[],"footnotes":""},"categories":[27,36,35],"tags":[],"class_list":["post-31570","post","type-post","status-publish","format-standard","has-post-thumbnail","hentry","category-noticias-acl","category-contabilidad","category-economia-finanzas"],"_links":{"self":[{"href":"https:\/\/aclco.co\/en\/wp-json\/wp\/v2\/posts\/31570","targetHints":{"allow":["GET"]}}],"collection":[{"href":"https:\/\/aclco.co\/en\/wp-json\/wp\/v2\/posts"}],"about":[{"href":"https:\/\/aclco.co\/en\/wp-json\/wp\/v2\/types\/post"}],"author":[{"embeddable":true,"href":"https:\/\/aclco.co\/en\/wp-json\/wp\/v2\/users\/4"}],"replies":[{"embeddable":true,"href":"https:\/\/aclco.co\/en\/wp-json\/wp\/v2\/comments?post=31570"}],"version-history":[{"count":4,"href":"https:\/\/aclco.co\/en\/wp-json\/wp\/v2\/posts\/31570\/revisions"}],"predecessor-version":[{"id":31576,"href":"https:\/\/aclco.co\/en\/wp-json\/wp\/v2\/posts\/31570\/revisions\/31576"}],"wp:featuredmedia":[{"embeddable":true,"href":"https:\/\/aclco.co\/en\/wp-json\/wp\/v2\/media\/31571"}],"wp:attachment":[{"href":"https:\/\/aclco.co\/en\/wp-json\/wp\/v2\/media?parent=31570"}],"wp:term":[{"taxonomy":"category","embeddable":true,"href":"https:\/\/aclco.co\/en\/wp-json\/wp\/v2\/categories?post=31570"},{"taxonomy":"post_tag","embeddable":true,"href":"https:\/\/aclco.co\/en\/wp-json\/wp\/v2\/tags?post=31570"}],"curies":[{"name":"wp","href":"https:\/\/api.w.org\/{rel}","templated":true}]}}