{"id":31584,"date":"2024-01-12T10:15:47","date_gmt":"2024-01-12T15:15:47","guid":{"rendered":"https:\/\/darkgoldenrod-ibex-179495.hostingersite.com\/?p=31584"},"modified":"2024-01-12T10:24:01","modified_gmt":"2024-01-12T15:24:01","slug":"es-pensionado-desde-2024-se-beneficiara-de-una-reduccion","status":"publish","type":"post","link":"https:\/\/aclco.co\/en\/es-pensionado-desde-2024-se-beneficiara-de-una-reduccion\/","title":{"rendered":"\u00bfEs pensionado? Desde 2024 se beneficiar\u00e1 de una reducci\u00f3n en los aportes a salud"},"content":{"rendered":"<div data-elementor-type=\"wp-post\" data-elementor-id=\"31584\" class=\"elementor elementor-31584\" data-elementor-post-type=\"post\">\n\t\t\t\t<div class=\"elementor-element elementor-element-4fb1ef3 e-flex e-con-boxed e-con e-parent\" data-id=\"4fb1ef3\" data-element_type=\"container\" data-e-type=\"container\">\n\t\t\t\t\t<div class=\"e-con-inner\">\n\t\t\t\t<div class=\"elementor-element elementor-element-e2d721e elementor-widget elementor-widget-text-editor\" data-id=\"e2d721e\" data-element_type=\"widget\" data-e-type=\"widget\" data-widget_type=\"text-editor.default\">\n\t\t\t\t\t\t\t\t\t<h5><strong>En desarrollo de un art\u00edculo incluido en el Plan Nacional de Desarrollo \u2018Colombia, la medida reduce de 12 a 10 % los pagos a salud para los que devenguen una mesada pensional que est\u00e1 entre 1\u2019300.000 y 3\u2019900.000.<\/strong><\/h5><p>\u201cEl <a href=\"https:\/\/www.minsalud.gov.co\/Portada2021\/index.html\" target=\"_blank\" rel=\"noopener\">Ministerio de Salud<\/a> tiene una buena noticia para los pensionados que devengan hasta 3 salarios m\u00ednimos legales mensuales vigentes: desde el 1\u00b0 de enero de 2024 sus aportes a salud bajar\u00e1n de 12 a 10 por ciento, en cumplimiento del Plan Nacional de Desarrollo 2022-2026, Colombia, Potencia Mundial de la Vida\u201d.<\/p><p>As\u00ed lo anunci\u00f3 este mi\u00e9rcoles la cartera de Salud y Protecci\u00f3n Social en un mensaje publicado en su cuenta de la red X.<\/p><p>La medida entra en vigencia con la expedici\u00f3n de la Resoluci\u00f3n 1271 de 2023\u200b, del Ministerio de Salud y Protecci\u00f3n Social.<\/p><p>La Planilla Integrada de Liquidaci\u00f3n de Aportes (PILA) ya se encuentra ajustada para que reciban este beneficio los pensionados que devenguen una mesada pensional mayor a 1 mill\u00f3n 300 mil pesos y hasta 3 millones 900 mil pesos.<\/p><p>Esto significa que los jubilados que se encuentren en este rango recibir\u00e1n m\u00e1s dinero en cada mesada pensional, tendr\u00e1n m\u00e1s capacidad de ahorro y mejorar\u00e1n las condiciones de vida para ellos y sus familias.<\/p><p>El ajuste se realiz\u00f3 en desarrollo del art\u00edculo 78 de la Ley 2294 de 2023, por la cual se expidi\u00f3 el Plan Nacional de Desarrollo 2022-2026 \u2018Colombia Potencia Mundial de la Vida\u2019.<\/p><p>Dicho art\u00edculo establece que el \u201caporte a salud a cargo de los pensionados que devengan entre 2 y 3 salarios m\u00ednimos se reducir\u00e1 del 12 por ciento al 10 por ciento, el cual regir\u00e1 a partir de la vigencia de 2024 previa reglamentaci\u00f3n del <a href=\"https:\/\/darkgoldenrod-ibex-179495.hostingersite.com\/gobierno-lanzara-mecanismo-para-devolver-parte\/\" target=\"_blank\" rel=\"noopener\">Gobierno<\/a> nacional\u201d.<\/p><h5><strong>Tabla de descuentos<\/strong><\/h5><ul><li>Pensionados por un salario m\u00ednimo (1\u2019300.000 pesos): descuentan 4 por ciento de salud.<\/li><li>Pensionados entre uno y dos salarios m\u00ednimos (de 1\u2019300.000 a 2\u2019600.000 pesos): descuentan 10 por ciento de salud.<\/li><li>Pensionados entre dos y tres salarios m\u00ednimos (de 2\u2019600.000 a 3\u2019900.000 pesos): descuentan 10 por ciento de salud.<\/li><\/ul><h5><b>16 de febrero\u200b, segundo debate de Reforma Pensional<\/b><\/h5><p>\u200bEl Gobierno resalt\u00f3 que el proyecto de Reforma Pensional \u2018Cambio por la Vejez\u2019, basado en el sistema de pilares y aprobado en primer debate, tendr\u00e1 un segundo debate en la plenaria del Senado de la Rep\u00fablica el 16 de febrero.<\/p><p>La Ministra del Trabajo, Gloria In\u00e9s Ram\u00edrez, manifest\u00f3 que esta es una reforma que necesita el pa\u00eds. \u201cPasar de un sistema de reparto a un sistema de pilares, ya es un logro para Colombia\u201d,<\/p><p>De acuerdo con el presidente Gustavo Petro, \u201cel proyecto de Reforma Pensional es una apuesta por el bienestar de las viejas y los viejos de Colombia, lo que contr\u200bibuye a construir paz\u201d.<\/p><p>La reforma garantiza una renta b\u00e1sica de jubilaci\u00f3n para 2,5 millones de adultos mayores de 65 a\u00f1os sin posibilidad de pensi\u00f3n e implementa en Colombia un sistema de pilares para hacer m\u00e1s equitativo el r\u00e9gimen de pensi\u00f3n y ampliar su cobertura.\u200b<\/p><h5><b>Pilares \u200bdel proyecto \u2018Cambio por la Vejez\u2019<\/b><\/h5><p>Entre los principales beneficios que dejar\u00eda a los trabajadores colombianos la Reforma Pensional puesta a consideraci\u00f3n del Legislativo est\u00e1n:<\/p><ol><li>El proyecto le apuesta a ser pionero en el cierre de brechas de g\u00e9nero, ya que propone la reducci\u00f3n de casi un a\u00f1o por cada hijo y con un tope de 150 semanas, para compensar el trabajo de cuidado y garantizando que las mujeres se jubilen con una pensi\u00f3n justa.<\/li><li>El pilar solidario se aplicar\u00e1 a todos los mayores de 65 a\u00f1os en el pa\u00eds y cobijar\u00e1 a 2\u2019596.098 de personas que corresponden a la poblaci\u00f3n vulnerable. A esta poblaci\u00f3n se les otorgar\u00e1 una renta de 223.800 pesos, equivalente al umbral de pobreza extrema proyectado para el 2024.<\/li><li>Se asignar\u00e1 una renta vitalicia a las personas que no pudieron pensionarse, pero que tienen semanas cotizadas en Colpensiones o ahorros en su cuenta individual de una Administradora de los Fondos de Pensiones (AFP).<\/li><li>Los par\u00e1metros para reconocer la pensi\u00f3n de vejez, tales como edad, semanas y taza de reemplazo se mantienen.<\/li><li>Las pensiones de invalidez y de sobrevivientes contin\u00faan igual, con los mismos requisitos, pero ahora ser\u00e1n reconocidas por Colpensiones.<\/li><li>Se respetar\u00e1n los derechos adquiridos, lo que significa que las personas pensionadas mantienen las mismas condiciones.<\/li><\/ol><p><strong>Fuente: <a href=\"https:\/\/www.vanguardia.com\/\" target=\"_blank\" rel=\"noopener\">Vanguardia<\/a><\/strong><\/p>\t\t\t\t\t\t\t\t<\/div>\n\t\t\t\t\t<\/div>\n\t\t\t\t<\/div>\n\t\t\t\t<\/div>","protected":false},"excerpt":{"rendered":"<p>En desarrollo de un art\u00edculo incluido en el Plan Nacional de Desarrollo \u2018Colombia, la medida reduce de 12 a 10 % los pagos a salud para los que devenguen una mesada pensional que est\u00e1 entre 1\u2019300.000 y 3\u2019900.000. \u201cEl Ministerio de Salud tiene una buena noticia para los pensionados que devengan hasta 3 salarios m\u00ednimos [&hellip;]<\/p>","protected":false},"author":4,"featured_media":31585,"comment_status":"open","ping_status":"open","sticky":false,"template":"","format":"standard","meta":{"_joinchat":[],"footnotes":""},"categories":[27,36,34],"tags":[],"class_list":["post-31584","post","type-post","status-publish","format-standard","has-post-thumbnail","hentry","category-noticias-acl","category-contabilidad","category-laboral"],"_links":{"self":[{"href":"https:\/\/aclco.co\/en\/wp-json\/wp\/v2\/posts\/31584","targetHints":{"allow":["GET"]}}],"collection":[{"href":"https:\/\/aclco.co\/en\/wp-json\/wp\/v2\/posts"}],"about":[{"href":"https:\/\/aclco.co\/en\/wp-json\/wp\/v2\/types\/post"}],"author":[{"embeddable":true,"href":"https:\/\/aclco.co\/en\/wp-json\/wp\/v2\/users\/4"}],"replies":[{"embeddable":true,"href":"https:\/\/aclco.co\/en\/wp-json\/wp\/v2\/comments?post=31584"}],"version-history":[{"count":4,"href":"https:\/\/aclco.co\/en\/wp-json\/wp\/v2\/posts\/31584\/revisions"}],"predecessor-version":[{"id":31590,"href":"https:\/\/aclco.co\/en\/wp-json\/wp\/v2\/posts\/31584\/revisions\/31590"}],"wp:featuredmedia":[{"embeddable":true,"href":"https:\/\/aclco.co\/en\/wp-json\/wp\/v2\/media\/31585"}],"wp:attachment":[{"href":"https:\/\/aclco.co\/en\/wp-json\/wp\/v2\/media?parent=31584"}],"wp:term":[{"taxonomy":"category","embeddable":true,"href":"https:\/\/aclco.co\/en\/wp-json\/wp\/v2\/categories?post=31584"},{"taxonomy":"post_tag","embeddable":true,"href":"https:\/\/aclco.co\/en\/wp-json\/wp\/v2\/tags?post=31584"}],"curies":[{"name":"wp","href":"https:\/\/api.w.org\/{rel}","templated":true}]}}