{"id":31598,"date":"2024-01-16T09:39:58","date_gmt":"2024-01-16T14:39:58","guid":{"rendered":"https:\/\/darkgoldenrod-ibex-179495.hostingersite.com\/?p=31598"},"modified":"2024-01-16T09:49:41","modified_gmt":"2024-01-16T14:49:41","slug":"empezo-a-regir-una-nueva-modalidad-de-tributacion-y-pago","status":"publish","type":"post","link":"https:\/\/aclco.co\/en\/empezo-a-regir-una-nueva-modalidad-de-tributacion-y-pago\/","title":{"rendered":"Empez\u00f3 a regir una nueva modalidad de tributaci\u00f3n y pago de impuestos en Colombia"},"content":{"rendered":"<div data-elementor-type=\"wp-post\" data-elementor-id=\"31598\" class=\"elementor elementor-31598\" data-elementor-post-type=\"post\">\n\t\t\t\t<div class=\"elementor-element elementor-element-4fb1ef3 e-flex e-con-boxed e-con e-parent\" data-id=\"4fb1ef3\" data-element_type=\"container\" data-e-type=\"container\">\n\t\t\t\t\t<div class=\"e-con-inner\">\n\t\t\t\t<div class=\"elementor-element elementor-element-e2d721e elementor-widget elementor-widget-text-editor\" data-id=\"e2d721e\" data-element_type=\"widget\" data-e-type=\"widget\" data-widget_type=\"text-editor.default\">\n\t\t\t\t\t\t\t\t\t<h5 id=\"p595872-m707-18-708\" class=\"parrafo\" spellcheck=\"false\" data-lt-tmp-id=\"lt-531376\" data-gramm=\"false\"><strong>La <a href=\"https:\/\/darkgoldenrod-ibex-179495.hostingersite.com\/dian-anuncia-cambios-en-el-calendario-para-un-tramite\/\" target=\"_blank\" rel=\"noopener\">Dian<\/a> hizo varias advertencias frente a este tema que calific\u00f3 como crucial para el pa\u00eds.<\/strong><\/h5><p>Con el cambio de a\u00f1o y el arranque de un nuevo calendario, uno de los temas m\u00e1s importantes para los colombianos es el pago de impuestos, especialmente tras los cambios de la reforma tributaria aprobada en 2022 que empezar\u00e1n a regir en este 2024, entre los cuales\u00a0se destaca una nueva modalidad de tributaci\u00f3n.\u00a0<\/p><p>Se trata de la Tributaci\u00f3n Efectiva por Presencia Econ\u00f3mica Significativa (PES) que empez\u00f3 a regir desde el pasado primero de enero y recae sobre las personas no residentes y entidades no domiciliadas en Colombia que generen ingresos por venta de bienes y\/o prestaci\u00f3n de servicios a clientes y\/o usuarios ubicados en el territorio nacional,\u00a0de acuerdo con el art\u00edculo 20-3 del Estatuto Tributario.<\/p><p>De acuerdo a lo explicado recientemente por la <a href=\"https:\/\/www.dian.gov.co\/\" target=\"_blank\" rel=\"noopener\">Direcci\u00f3n de Impuestos y Aduanas Nacionales<\/a>, lo primero que hay que tener en cuenta es que este modalidad no cobija a\u00a0\u201clas personas que tengan la calidad de establecimiento permanente de una sociedad o cualquier otra entidad extranjera, o persona natural sin residencia en Colombia; ni a las sociedades nacionales que sean filiales o subsidiarias de sociedades extranjeras\u201d.<\/p><p>As\u00ed mismo\u00a0las sociedades o entidades extranjeras que tengan\u00a0su sede efectiva de administraci\u00f3n en el pa\u00eds, est\u00e1n por fuera de los obligados a pagar impuesto por medio de la PES. As\u00ed mismo, los contribuyentes sometidos a esta tributaci\u00f3n por PES tienen dos opciones para cumplir el requisito.<\/p><p id=\"p595701-m654-9-655\" class=\"parrafo\">La primera es declarar y pagar el impuesto sobre la renta y complementarios (utilizando el formulario prescrito para el efecto) en las oportunidades se\u00f1aladas por el Gobierno nacional. En este caso, el contribuyente debe elegir entre la no aplicaci\u00f3n de la retenci\u00f3n en la fuente (inciso 8\u00b0 del art\u00edculo 408 del Estatuto Tributario) o la aplicaci\u00f3n de esta.<\/p><p id=\"p595701-m660-10-661\" class=\"parrafo\">La opci\u00f3n 2 es pagar este impuesto v\u00eda retenci\u00f3n en la fuente,\u00a0con base en el inciso 8\u00b0 del art\u00edculo 408 del Estatuto Tributario.<\/p><p>\u201cSi los contribuyentes eligen la opci\u00f3n 1, deben inscribirse en el RUT con la responsabilidad de declarante del impuesto sobre la renta y complementarios, No. 004 atendiendo lo previsto en los art\u00edculos 1.6.1.2.10. y 1.6.1.2.11. del Decreto 1625 de 2016; para despu\u00e9s elegir la aplicaci\u00f3n o no de la retenci\u00f3n en la fuente (de que trata el inciso 8\u00b0 del art\u00edculo 408 del Estatuto Tributario) al inscribirse o actualizar el RUT (seg\u00fan el caso)\u201d, dijo la Dian.<\/p><p>En tercer lugar, luego de esto, deber\u00e1n realizar pagos bimestrales\u00a0del impuesto que se restar\u00e1n del valor del impuesto a pagar declarado. \u201cEn todo caso, resulta clave advertir que deben inscribirse en el RUT todas las personas y entidades de que trata el art\u00edculo 1.6.1.2.1. del Decreto 1625 de 2016; esto es, aquellas que \u2014en t\u00e9rminos generales\u2014 son sujetos de obligaciones administradas por la DIAN\u201d.<\/p><p id=\"p595701-m716-16-717\" class=\"parrafo\" spellcheck=\"false\" data-lt-tmp-id=\"lt-181737\" data-gramm=\"false\">Las personas sometidas a la tributaci\u00f3n por PES pueden pedir la inscripci\u00f3n o actualizar el RUT (aportando los documentos exigidos en el numeral 11 del art\u00edculo 1.6.1.2.11. del Decreto 1625 de 2016) a trav\u00e9s de los siguientes canales:<\/p><ol><li class=\"parrafo\" spellcheck=\"false\" data-lt-tmp-id=\"lt-181737\" data-gramm=\"false\">Servicio de \u2018PQSR y Denuncias\u2019 de la p\u00e1gina web de la DIAN.<\/li><li class=\"parrafo\" spellcheck=\"false\" data-lt-tmp-id=\"lt-181737\" data-gramm=\"false\">Agendamiento de citas virtuales, en el siguiente enlace: <a href=\"https:\/\/www.dian.gov.co\/atencionciudadano\/Agendamiento-de-Citas\/Paginas\/Inicio.aspx\" target=\"_blank\" rel=\"noopener\">https:\/\/www.dian.gov.co\/atencionciudadano\/Agendamiento-deCitas\/Paginas\/Inicio.aspx<\/a><\/li><\/ol><p id=\"p595701-m722-17-723\" class=\"parrafo\">Frente a los documentos que se deben presentar,\u00a0en el caso de las personas naturales solo se necesita la copia del documento de identidad, mientras que en el caso de las sociedades y entidades se requerir\u00e1 una copia de los documentos que acrediten la existencia y representaci\u00f3n legal (en espa\u00f1ol) debidamente apostillados o legalizados.<\/p><p id=\"p595701-m754-19-755\" class=\"parrafo\">\u201cSi estos documentos no contienen informaci\u00f3n del pa\u00eds de residencia fiscal, n\u00famero de identificaci\u00f3n tributaria, domicilio principal, c\u00f3digo postal, n\u00fameros telef\u00f3nicos, p\u00e1gina web y correo electr\u00f3nico, estos datos los deber\u00e1 certificar el representante legal o apoderado mediante documento en espa\u00f1ol\u00a0o traducido por un traductor oficial\u201d, concluy\u00f3 la Dian.<\/p><div id=\"p595701-m831-20-832\" class=\"highlighted\"><h5 id=\"m836-835-837\" class=\"tiemposBold3\" spellcheck=\"false\" data-lt-tmp-id=\"lt-163438\" data-gramm=\"false\"><strong>Un ejemplo: plataformas de &#8216;streaming&#8217;<\/strong><\/h5><\/div><p id=\"p595701-m850-21-851\" class=\"parrafo\" spellcheck=\"false\" data-lt-tmp-id=\"lt-670991\" data-gramm=\"false\">Vale la pena aclarar que este nuevo modelo, en el caso de las empresas, aplica para\u00a0aquellas con presencia econ\u00f3mica significativa, as\u00ed como para todas las empresas y sociedades que tienen casas matrices y plataformas en el pa\u00eds, entre estas \u00faltimas,\u00a0las empresas de contenido multimedia por &#8216;streaming&#8217;.<\/p><p spellcheck=\"false\" data-lt-tmp-id=\"lt-670991\" data-gramm=\"false\">En el caso de estas plataformas, el gravamen ya ven\u00eda consignado en la reforma tributaria del gobierno Petro y qued\u00f3 reglamentado en el\u00a0Decreto 2039 del 2023.<br \/><br \/>As\u00ed las cosas, grandes compa\u00f1\u00edas como\u00a0Google, Amazon, Netflix, HBO, Spotify, entre otras, estar\u00e1n sujetas a tributar, sea mediante la\u00a0retenci\u00f3n en la fuente del 10 %\u00a0o presentando una\u00a0declaraci\u00f3n de impuestos sobre la renta y aplicando una tarifa del 3 % sobre los ingresos brutos obtenidos en el pa\u00eds, teniendo en cuenta que estas sociedades tiene presencia en el pa\u00eds, pese a que sean empresas extranjeras.<\/p><p><strong>Fuente: <a href=\"https:\/\/www.portafolio.co\/\" target=\"_blank\" rel=\"noopener\">Portafolio<\/a><\/strong><\/p>\t\t\t\t\t\t\t\t<\/div>\n\t\t\t\t\t<\/div>\n\t\t\t\t<\/div>\n\t\t\t\t<\/div>","protected":false},"excerpt":{"rendered":"<p>La Dian hizo varias advertencias frente a este tema que calific\u00f3 como crucial para el pa\u00eds. Con el cambio de a\u00f1o y el arranque de un nuevo calendario, uno de los temas m\u00e1s importantes para los colombianos es el pago de impuestos, especialmente tras los cambios de la reforma tributaria aprobada en 2022 que empezar\u00e1n [&hellip;]<\/p>","protected":false},"author":4,"featured_media":31599,"comment_status":"open","ping_status":"open","sticky":false,"template":"","format":"standard","meta":{"_joinchat":[],"footnotes":""},"categories":[27,36,29],"tags":[],"class_list":["post-31598","post","type-post","status-publish","format-standard","has-post-thumbnail","hentry","category-noticias-acl","category-contabilidad","category-tributario"],"_links":{"self":[{"href":"https:\/\/aclco.co\/en\/wp-json\/wp\/v2\/posts\/31598","targetHints":{"allow":["GET"]}}],"collection":[{"href":"https:\/\/aclco.co\/en\/wp-json\/wp\/v2\/posts"}],"about":[{"href":"https:\/\/aclco.co\/en\/wp-json\/wp\/v2\/types\/post"}],"author":[{"embeddable":true,"href":"https:\/\/aclco.co\/en\/wp-json\/wp\/v2\/users\/4"}],"replies":[{"embeddable":true,"href":"https:\/\/aclco.co\/en\/wp-json\/wp\/v2\/comments?post=31598"}],"version-history":[{"count":7,"href":"https:\/\/aclco.co\/en\/wp-json\/wp\/v2\/posts\/31598\/revisions"}],"predecessor-version":[{"id":31607,"href":"https:\/\/aclco.co\/en\/wp-json\/wp\/v2\/posts\/31598\/revisions\/31607"}],"wp:featuredmedia":[{"embeddable":true,"href":"https:\/\/aclco.co\/en\/wp-json\/wp\/v2\/media\/31599"}],"wp:attachment":[{"href":"https:\/\/aclco.co\/en\/wp-json\/wp\/v2\/media?parent=31598"}],"wp:term":[{"taxonomy":"category","embeddable":true,"href":"https:\/\/aclco.co\/en\/wp-json\/wp\/v2\/categories?post=31598"},{"taxonomy":"post_tag","embeddable":true,"href":"https:\/\/aclco.co\/en\/wp-json\/wp\/v2\/tags?post=31598"}],"curies":[{"name":"wp","href":"https:\/\/api.w.org\/{rel}","templated":true}]}}