{"id":31611,"date":"2024-01-17T16:46:08","date_gmt":"2024-01-17T21:46:08","guid":{"rendered":"https:\/\/darkgoldenrod-ibex-179495.hostingersite.com\/?p=31611"},"modified":"2024-01-17T16:53:31","modified_gmt":"2024-01-17T21:53:31","slug":"colombia-logra-acuerdo-con-el-fmi-para-apoyar-temas","status":"publish","type":"post","link":"https:\/\/aclco.co\/en\/colombia-logra-acuerdo-con-el-fmi-para-apoyar-temas\/","title":{"rendered":"Colombia logra acuerdo con el FMI para apoyar temas tributarios"},"content":{"rendered":"<div data-elementor-type=\"wp-post\" data-elementor-id=\"31611\" class=\"elementor elementor-31611\" data-elementor-post-type=\"post\">\n\t\t\t\t<div class=\"elementor-element elementor-element-4fb1ef3 e-flex e-con-boxed e-con e-parent\" data-id=\"4fb1ef3\" data-element_type=\"container\" data-e-type=\"container\">\n\t\t\t\t\t<div class=\"e-con-inner\">\n\t\t\t\t<div class=\"elementor-element elementor-element-e2d721e elementor-widget elementor-widget-text-editor\" data-id=\"e2d721e\" data-element_type=\"widget\" data-e-type=\"widget\" data-widget_type=\"text-editor.default\">\n\t\t\t\t\t\t\t\t\t<h5><strong>Durante su participaci\u00f3n en el Foro Econ\u00f3mico Mundial, el <a href=\"https:\/\/darkgoldenrod-ibex-179495.hostingersite.com\/minhacienda-preve-que-la-inflacion-cierre-95-y-el\/\" target=\"_blank\" rel=\"noopener\">Minhacienda<\/a> explic\u00f3 que aspectos se abordar\u00edan.<\/strong><\/h5><p>Durante su participaci\u00f3n en el Foro Econ\u00f3mico Mundial, el ministro de Hacienda, Ricardo Bonilla, se reuni\u00f3 con Kristalina Georgieva, directora del <a href=\"https:\/\/www.imf.org\/es\/Home\" target=\"_blank\" rel=\"noopener\">Fondo Monetario Internacional (FMI)<\/a>, con quien\u00a0lleg\u00f3 a varios acuerdos para que ese organismo ayude al pa\u00eds en temas tributarios.<\/p><p>\u201cNos va a apoyar con el grupo de expertos que se cre\u00f3 en Kenia, con Alemania, Francia, Kenia y Colombia, para mirar temas de tributaci\u00f3n internacional. Tambi\u00e9n a mirar el desequilibrio que hay en Colombia en la tributaci\u00f3n del impuesto a la renta entre personas naturales y jur\u00eddicas\u201d, explic\u00f3.\u00a0<\/p><p id=\"pnull-m250-3-251\" class=\"parrafo\" spellcheck=\"false\" data-lt-tmp-id=\"lt-64993\" data-gramm=\"false\">El jefe de la cartera de Hacienda dijo que por parte del FMI hay\u00a0\u201cun inter\u00e9s particular en examinar por qu\u00e9 nuestras tasas de inter\u00e9s todav\u00eda est\u00e1n tan altas cuando no tenemos raz\u00f3n para hacerlo\u201d.<\/p><p id=\"pnull-m257-4-258\" class=\"parrafo\" spellcheck=\"false\" data-lt-tmp-id=\"lt-661764\" data-gramm=\"false\">El ministro Bonilla aprovechar\u00e1 su visita a Davos para impulsar las propuestas en pro de la Amazon\u00eda.<\/p><p><strong>Fuente: <a href=\"https:\/\/www.portafolio.co\/\" target=\"_blank\" rel=\"noopener\">Portafolio<\/a><\/strong><\/p>\t\t\t\t\t\t\t\t<\/div>\n\t\t\t\t\t<\/div>\n\t\t\t\t<\/div>\n\t\t\t\t<\/div>","protected":false},"excerpt":{"rendered":"<p>Durante su participaci\u00f3n en el Foro Econ\u00f3mico Mundial, el Minhacienda explic\u00f3 que aspectos se abordar\u00edan. Durante su participaci\u00f3n en el Foro Econ\u00f3mico Mundial, el ministro de Hacienda, Ricardo Bonilla, se reuni\u00f3 con Kristalina Georgieva, directora del Fondo Monetario Internacional (FMI), con quien\u00a0lleg\u00f3 a varios acuerdos para que ese organismo ayude al pa\u00eds en temas tributarios. [&hellip;]<\/p>","protected":false},"author":4,"featured_media":31612,"comment_status":"open","ping_status":"open","sticky":false,"template":"","format":"standard","meta":{"_joinchat":[],"footnotes":""},"categories":[27,36,29],"tags":[],"class_list":["post-31611","post","type-post","status-publish","format-standard","has-post-thumbnail","hentry","category-noticias-acl","category-contabilidad","category-tributario"],"_links":{"self":[{"href":"https:\/\/aclco.co\/en\/wp-json\/wp\/v2\/posts\/31611","targetHints":{"allow":["GET"]}}],"collection":[{"href":"https:\/\/aclco.co\/en\/wp-json\/wp\/v2\/posts"}],"about":[{"href":"https:\/\/aclco.co\/en\/wp-json\/wp\/v2\/types\/post"}],"author":[{"embeddable":true,"href":"https:\/\/aclco.co\/en\/wp-json\/wp\/v2\/users\/4"}],"replies":[{"embeddable":true,"href":"https:\/\/aclco.co\/en\/wp-json\/wp\/v2\/comments?post=31611"}],"version-history":[{"count":4,"href":"https:\/\/aclco.co\/en\/wp-json\/wp\/v2\/posts\/31611\/revisions"}],"predecessor-version":[{"id":31617,"href":"https:\/\/aclco.co\/en\/wp-json\/wp\/v2\/posts\/31611\/revisions\/31617"}],"wp:featuredmedia":[{"embeddable":true,"href":"https:\/\/aclco.co\/en\/wp-json\/wp\/v2\/media\/31612"}],"wp:attachment":[{"href":"https:\/\/aclco.co\/en\/wp-json\/wp\/v2\/media?parent=31611"}],"wp:term":[{"taxonomy":"category","embeddable":true,"href":"https:\/\/aclco.co\/en\/wp-json\/wp\/v2\/categories?post=31611"},{"taxonomy":"post_tag","embeddable":true,"href":"https:\/\/aclco.co\/en\/wp-json\/wp\/v2\/tags?post=31611"}],"curies":[{"name":"wp","href":"https:\/\/api.w.org\/{rel}","templated":true}]}}