{"id":31618,"date":"2024-01-18T11:33:56","date_gmt":"2024-01-18T16:33:56","guid":{"rendered":"https:\/\/darkgoldenrod-ibex-179495.hostingersite.com\/?p=31618"},"modified":"2024-01-18T11:47:38","modified_gmt":"2024-01-18T16:47:38","slug":"gobierno-fija-incremento-de-avaluos-catastrales-del-2024","status":"publish","type":"post","link":"https:\/\/aclco.co\/en\/gobierno-fija-incremento-de-avaluos-catastrales-del-2024\/","title":{"rendered":"Gobierno Nacional fija los incrementos de los aval\u00faos catastrales para este 2024"},"content":{"rendered":"<div data-elementor-type=\"wp-post\" data-elementor-id=\"31618\" class=\"elementor elementor-31618\" data-elementor-post-type=\"post\">\n\t\t\t\t<div class=\"elementor-element elementor-element-4fb1ef3 e-flex e-con-boxed e-con e-parent\" data-id=\"4fb1ef3\" data-element_type=\"container\" data-e-type=\"container\">\n\t\t\t\t\t<div class=\"e-con-inner\">\n\t\t\t\t<div class=\"elementor-element elementor-element-e2d721e elementor-widget elementor-widget-text-editor\" data-id=\"e2d721e\" data-element_type=\"widget\" data-e-type=\"widget\" data-widget_type=\"text-editor.default\">\n\t\t\t\t\t\t\t\t\t<h5>Vale la pena aclarar que estos ajustes no aplicar\u00e1n para los predios que est\u00e9n dentro de la jurisdicci\u00f3n de Bogot\u00e1.<\/h5><p>El <a href=\"https:\/\/darkgoldenrod-ibex-179495.hostingersite.com\/gobierno-lanzara-mecanismo-para-devolver-parte\/\" target=\"_blank\" rel=\"noopener\">Gobierno Nacional<\/a>, mediante el\u00a0Decreto 2311 de 2023, fij\u00f3 el valor de los incrementos que tendr\u00e1n los\u00a0aval\u00faos catastrales\u00a0para este 2024.<\/p><p>Vale la pena considerar que estos ajustes se realizan de manera anual, seg\u00fan lo estipula la\u00a0Ley 44 de 1990, teniendo en cuenta que el porcentaje se determina por el\u00a0<a href=\"https:\/\/www.gov.co\/\" target=\"_blank\" rel=\"noopener\">Gobierno Nacional<\/a>, previo concepto del\u00a0Consejo Nacional de Pol\u00edtica Econ\u00f3mica (Conpes)\u00a0y que no podr\u00e1 ser mayor a la meta de inflaci\u00f3n para el a\u00f1o aplicable.<\/p><p>As\u00ed las cosas, los ajustes para cada uno de los aval\u00faos quedaron de la siguiente manera:<\/p><ul><li>Predios urbanos: 4,51 %.<\/li><li>Predios rurales dedicados a la agricultura: 2,55 %<\/li><li>Predios rurales: 4,51 %<\/li><\/ul><p>As\u00ed mismo, en el decreto se afirma: \u00abLos aval\u00faos catastrales de los predios urbanos y rurales formados o actualizados durante 2023, ser\u00e1n los establecidos mediante los respectivos procesos de formaci\u00f3n o actualizaci\u00f3n catastral\u00bb.<\/p><p>De igual manera, se aclara que estos incrementos no se aplicar\u00e1n a los predios que pertenezcan al\u00a0Distrito Capital de Bogot\u00e1.<\/p><p><strong>Fuente: <a href=\"https:\/\/www.portafolio.co\/\" target=\"_blank\" rel=\"noopener\">Portafolio<\/a><\/strong><\/p>\t\t\t\t\t\t\t\t<\/div>\n\t\t\t\t\t<\/div>\n\t\t\t\t<\/div>\n\t\t\t\t<\/div>","protected":false},"excerpt":{"rendered":"<p>Vale la pena aclarar que estos ajustes no aplicar\u00e1n para los predios que est\u00e9n dentro de la jurisdicci\u00f3n de Bogot\u00e1. El Gobierno Nacional, mediante el\u00a0Decreto 2311 de 2023, fij\u00f3 el valor de los incrementos que tendr\u00e1n los\u00a0aval\u00faos catastrales\u00a0para este 2024. Vale la pena considerar que estos ajustes se realizan de manera anual, seg\u00fan lo estipula [&hellip;]<\/p>","protected":false},"author":4,"featured_media":31619,"comment_status":"open","ping_status":"open","sticky":false,"template":"","format":"standard","meta":{"_joinchat":[],"footnotes":""},"categories":[27,36,29],"tags":[],"class_list":["post-31618","post","type-post","status-publish","format-standard","has-post-thumbnail","hentry","category-noticias-acl","category-contabilidad","category-tributario"],"_links":{"self":[{"href":"https:\/\/aclco.co\/en\/wp-json\/wp\/v2\/posts\/31618","targetHints":{"allow":["GET"]}}],"collection":[{"href":"https:\/\/aclco.co\/en\/wp-json\/wp\/v2\/posts"}],"about":[{"href":"https:\/\/aclco.co\/en\/wp-json\/wp\/v2\/types\/post"}],"author":[{"embeddable":true,"href":"https:\/\/aclco.co\/en\/wp-json\/wp\/v2\/users\/4"}],"replies":[{"embeddable":true,"href":"https:\/\/aclco.co\/en\/wp-json\/wp\/v2\/comments?post=31618"}],"version-history":[{"count":4,"href":"https:\/\/aclco.co\/en\/wp-json\/wp\/v2\/posts\/31618\/revisions"}],"predecessor-version":[{"id":31624,"href":"https:\/\/aclco.co\/en\/wp-json\/wp\/v2\/posts\/31618\/revisions\/31624"}],"wp:featuredmedia":[{"embeddable":true,"href":"https:\/\/aclco.co\/en\/wp-json\/wp\/v2\/media\/31619"}],"wp:attachment":[{"href":"https:\/\/aclco.co\/en\/wp-json\/wp\/v2\/media?parent=31618"}],"wp:term":[{"taxonomy":"category","embeddable":true,"href":"https:\/\/aclco.co\/en\/wp-json\/wp\/v2\/categories?post=31618"},{"taxonomy":"post_tag","embeddable":true,"href":"https:\/\/aclco.co\/en\/wp-json\/wp\/v2\/tags?post=31618"}],"curies":[{"name":"wp","href":"https:\/\/api.w.org\/{rel}","templated":true}]}}