{"id":31625,"date":"2024-01-19T11:07:08","date_gmt":"2024-01-19T16:07:08","guid":{"rendered":"https:\/\/darkgoldenrod-ibex-179495.hostingersite.com\/?p=31625"},"modified":"2024-01-19T11:16:13","modified_gmt":"2024-01-19T16:16:13","slug":"dian-anuncia-medidas-para-no-sancionar-a-los-afectados","status":"publish","type":"post","link":"https:\/\/aclco.co\/en\/dian-anuncia-medidas-para-no-sancionar-a-los-afectados\/","title":{"rendered":"Dian anuncia medidas para no sancionar a los afectados por el SYGA"},"content":{"rendered":"<div data-elementor-type=\"wp-post\" data-elementor-id=\"31625\" class=\"elementor elementor-31625\" data-elementor-post-type=\"post\">\n\t\t\t\t<div class=\"elementor-element elementor-element-4fb1ef3 e-flex e-con-boxed e-con e-parent\" data-id=\"4fb1ef3\" data-element_type=\"container\" data-e-type=\"container\">\n\t\t\t\t\t<div class=\"e-con-inner\">\n\t\t\t\t<div class=\"elementor-element elementor-element-e2d721e elementor-widget elementor-widget-text-editor\" data-id=\"e2d721e\" data-element_type=\"widget\" data-e-type=\"widget\" data-widget_type=\"text-editor.default\">\n\t\t\t\t\t\t\t\t\t<h5>Esta entidad record\u00f3 que espera superar esta contingencia a comienzos de febrero.<\/h5><p>La <a href=\"https:\/\/darkgoldenrod-ibex-179495.hostingersite.com\/dian-anuncia-cambios-en-el-calendario-para-un-tramite\/\" target=\"_blank\" rel=\"noopener\">Direcci\u00f3n de Impuestos y Aduanas Nacionales (Dian)<\/a> inform\u00f3 este viernes -19 de enero- que en las \u00faltimas horas implement\u00f3 varias medidas con el fin de no sancionar a las personas y empresas que se han visto afectadas por la contingencia que\u00a0se viene dando desde noviembre con el Sistema de Informaci\u00f3n y Gesti\u00f3n Aduanera, SYGA.<\/p><p>Seg\u00fan esta entidad, recientemente emiti\u00f3 una comunicaci\u00f3n a todas sus dependencias para no adelantar procesos sancionatorios contra los usuarios aduaneros que no hayan podido cumplir con sus obligaciones desde que se empezaron a presentar problemas en esta plataforma, clave\u00a0para quienes est\u00e1n en el sector de las importaciones y exportaciones.<\/p><p>\u201cDebe tenerse en cuenta el contenido de lo indicado en el inciso tercero del art\u00edculo 2\u00b0 de la Resoluci\u00f3n 46 de 2019, esto es que, como consecuencia de la declaraci\u00f3n de contingencia, los usuarios aduaneros que presenten dificultades con sus tr\u00e1mites podr\u00e1n continuarlos de forma manual. Lo anterior, con el fin de continuar con la prestaci\u00f3n del servicio por parte de la Entidad con la mayor celeridad posible\u201d, dijo la Dian en su pronunciamiento.<\/p><p>Ahora bien, teniendo en cuenta que este proceso retras\u00f3 los tiempos de entrega y cumplimiento de los tr\u00e1mites solicitados por la Dian en esta materia,\u00a0la Direcci\u00f3n resalt\u00f3 que la decisi\u00f3n de no iniciar la investigaci\u00f3n\u00a0por los motivos antes se\u00f1alados deber\u00e1 quedar soportada en un acta suscrita por el Jefe de la Divisi\u00f3n de Gesti\u00f3n de Fiscalizaci\u00f3n competente y el Jefe de Grupo Interno de Trabajo o quien haga sus veces.<\/p><p>\u201cEn tal sentido, para efectos de control, los obligados aduaneros deber\u00e1n conservar las pruebas que demuestren las fallas del servicio inform\u00e1tico respectivo, para adelantar el tr\u00e1mite y cumplimiento de sus obligaciones aduaneras, tales como: pantallazos, reportes, fotograf\u00edas, entre otros medios de prueba en los que se pueda observar como m\u00ednimo la falla del sistema, la fecha y hora en que se adelantaba la actuaci\u00f3n o consulta en el sistema inform\u00e1tico, y la operaci\u00f3n de comercio exterior, cumplimiento de obligaci\u00f3n o consulta sobre la operaci\u00f3n respectiva que se pretend\u00eda adelantar\u201d, explic\u00f3.<\/p><p>Si bien la entidad reconoce que se han presentado serias afectaciones a las personas que dependen de este servicio, resalta que\u00a0Es la primera vez en m\u00e1s de 20 a\u00f1os que el sistema tecnol\u00f3gico que aloja el Syga se actualiza, a pesar de que sus vulnerabilidades en materia de seguridad han representado un riesgo para la seguridad nacional durante m\u00e1s de dos d\u00e9cadas.<\/p><p>\u201cEsta actualizaci\u00f3n se inici\u00f3 el 15 de noviembre de 2023, y durante la contingencia declarada el 20 de noviembre de 2023, la DIAN ha respaldado a los usuarios aduaneros mediante reuniones estrat\u00e9gicas, participaci\u00f3n en eventos p\u00fablicos y respuesta a los comunicados de usuarios y agremiaciones. Adem\u00e1s, se han establecido canales de comunicaci\u00f3n directa a trav\u00e9s de WhatsApp y Microsoft Teams para abordar preguntas y desaf\u00edos operativos\u201d, agregaron.<\/p><p>Se espera que en las primeras semanas de febrero se de por superada esta contingencia que deja miles de afectados, principalmente en el sector comercio, y retorne la normalidad en los servicios del Syga, que\u00a0seg\u00fan los empresarios deja millones de p\u00e9rdidas y debe arreglarse cuanto antes.<\/p><p><strong>Fuente: <a href=\"https:\/\/www.portafolio.co\/\" target=\"_blank\" rel=\"noopener\">Portafolio<\/a><\/strong><\/p>\t\t\t\t\t\t\t\t<\/div>\n\t\t\t\t\t<\/div>\n\t\t\t\t<\/div>\n\t\t\t\t<\/div>","protected":false},"excerpt":{"rendered":"<p>Esta entidad record\u00f3 que espera superar esta contingencia a comienzos de febrero. La Direcci\u00f3n de Impuestos y Aduanas Nacionales (Dian) inform\u00f3 este viernes -19 de enero- que en las \u00faltimas horas implement\u00f3 varias medidas con el fin de no sancionar a las personas y empresas que se han visto afectadas por la contingencia que\u00a0se viene [&hellip;]<\/p>","protected":false},"author":4,"featured_media":31626,"comment_status":"open","ping_status":"open","sticky":false,"template":"","format":"standard","meta":{"_joinchat":[],"footnotes":""},"categories":[27,36,29],"tags":[],"class_list":["post-31625","post","type-post","status-publish","format-standard","has-post-thumbnail","hentry","category-noticias-acl","category-contabilidad","category-tributario"],"_links":{"self":[{"href":"https:\/\/aclco.co\/en\/wp-json\/wp\/v2\/posts\/31625","targetHints":{"allow":["GET"]}}],"collection":[{"href":"https:\/\/aclco.co\/en\/wp-json\/wp\/v2\/posts"}],"about":[{"href":"https:\/\/aclco.co\/en\/wp-json\/wp\/v2\/types\/post"}],"author":[{"embeddable":true,"href":"https:\/\/aclco.co\/en\/wp-json\/wp\/v2\/users\/4"}],"replies":[{"embeddable":true,"href":"https:\/\/aclco.co\/en\/wp-json\/wp\/v2\/comments?post=31625"}],"version-history":[{"count":4,"href":"https:\/\/aclco.co\/en\/wp-json\/wp\/v2\/posts\/31625\/revisions"}],"predecessor-version":[{"id":31631,"href":"https:\/\/aclco.co\/en\/wp-json\/wp\/v2\/posts\/31625\/revisions\/31631"}],"wp:featuredmedia":[{"embeddable":true,"href":"https:\/\/aclco.co\/en\/wp-json\/wp\/v2\/media\/31626"}],"wp:attachment":[{"href":"https:\/\/aclco.co\/en\/wp-json\/wp\/v2\/media?parent=31625"}],"wp:term":[{"taxonomy":"category","embeddable":true,"href":"https:\/\/aclco.co\/en\/wp-json\/wp\/v2\/categories?post=31625"},{"taxonomy":"post_tag","embeddable":true,"href":"https:\/\/aclco.co\/en\/wp-json\/wp\/v2\/tags?post=31625"}],"curies":[{"name":"wp","href":"https:\/\/api.w.org\/{rel}","templated":true}]}}