{"id":31900,"date":"2024-02-27T12:17:35","date_gmt":"2024-02-27T17:17:35","guid":{"rendered":"https:\/\/darkgoldenrod-ibex-179495.hostingersite.com\/?p=31900"},"modified":"2024-02-27T12:29:27","modified_gmt":"2024-02-27T17:29:27","slug":"consultar-si-es-beneficiario-de-la-devolucion-del-iva","status":"publish","type":"post","link":"https:\/\/aclco.co\/en\/consultar-si-es-beneficiario-de-la-devolucion-del-iva\/","title":{"rendered":"Esta es la forma de consultar si es beneficiario de la Devoluci\u00f3n del IVA 2024"},"content":{"rendered":"<div data-elementor-type=\"wp-post\" data-elementor-id=\"31900\" class=\"elementor elementor-31900\" data-elementor-post-type=\"post\">\n\t\t\t\t<div class=\"elementor-element elementor-element-4fb1ef3 e-flex e-con-boxed e-con e-parent\" data-id=\"4fb1ef3\" data-element_type=\"container\" data-e-type=\"container\">\n\t\t\t\t\t<div class=\"e-con-inner\">\n\t\t\t\t<div class=\"elementor-element elementor-element-e2d721e elementor-widget elementor-widget-text-editor\" data-id=\"e2d721e\" data-element_type=\"widget\" data-e-type=\"widget\" data-widget_type=\"text-editor.default\">\n\t\t\t\t\t\t\t\t\t<h5><strong>Los grupos A y B (subgrupos B1 a B4) del Sisb\u00e9n son priorizados para acceder al beneficio.\u00a0<\/strong><\/h5><p>El Gobierno Nacional ha puesto en marcha el programa de <a href=\"https:\/\/darkgoldenrod-ibex-179495.hostingersite.com\/dian-hara-devolucion-de-saldos-a-favor-en-impuestos\/\" target=\"_blank\" rel=\"noopener\">Devoluci\u00f3n del IVA<\/a>, una compensaci\u00f3n destinada a favorecer a la poblaci\u00f3n m\u00e1s vulnerable del pa\u00eds, sin importar su ubicaci\u00f3n geogr\u00e1fica.<\/p><p>Esta iniciativa, creada en el a\u00f1o 2020, tiene como objetivo proveer recursos monetarios a los hogares en situaci\u00f3n de pobreza y pobreza extrema, con el fin de reducir el impacto del impuesto al valor agregado (IVA) en el consumo de bienes y servicios.<\/p><p>La forma en que se determina qui\u00e9nes son los beneficiarios se realiza internamente utilizando la informaci\u00f3n del Sisb\u00e9n IV o del Registro Social de Hogares, sin necesidad de convocatorias p\u00fablicas ni inscripciones.<\/p><p>Los grupos A y B (subgrupos B1 a B4) del Sisb\u00e9n son priorizados como beneficiarios, siempre y cuando no est\u00e9n en otros programas como Tr\u00e1nsito a Renta Ciudadana (Familias en Acci\u00f3n) y Colombia Mayor, seg\u00fan lo establecido en la Resoluci\u00f3n 01827 de 2023.<\/p><p>Es importante destacar que el programa tienen un cupo de atenci\u00f3n de dos millones de hogares a nivel nacional, seg\u00fan informaci\u00f3n proporcionada por Prosperidad Social.<\/p><p>Ahora, con respecto al monto de la compensaci\u00f3n, se actualiza anualmente de acuerdo con la Unidad de Valor Tributario (UVT) expedida por la Direcci\u00f3n de Impuestos y Aduanas Nacionales (Dian). En el a\u00f1o 2023, la ayuda fue de 89 mil pesos.<\/p><p>Recuerde que si usted est\u00e1 dentro del grupo de beneficiarios, los fondos se transfieren directamente a los hogares en diferentes ciclos a lo largo del a\u00f1o. Para ello, se enviar\u00e1 un mensaje de texto con el c\u00f3digo de Prosperidad Social desde n\u00fameros como 85594, 85888, 87718, 898999 y 898080 informando la fecha en la que puede reclamar el dinero.<\/p><p>Ahora, si usted desea verificar si es beneficiario de la Devoluci\u00f3n del IVA, puede hacerlo f\u00e1cilmente a trav\u00e9s del sitio web de Prosperidad Social utilizando su n\u00famero de documento de identificaci\u00f3n. El enlace para este proceso es:\u00a0<a href=\"https:\/\/www.portafolio.co\/economia\/impuestos\/devolucioniva.prosperidadsocial.gov.co.\" target=\"_blank\" rel=\"noopener\">devolucioniva.prosperidadsocial.gov.co.<\/a>\u00a0<\/p><p><strong>Fuente: <a href=\"https:\/\/www.portafolio.co\/\" target=\"_blank\" rel=\"noopener\">Portafolio<\/a><\/strong><\/p>\t\t\t\t\t\t\t\t<\/div>\n\t\t\t\t\t<\/div>\n\t\t\t\t<\/div>\n\t\t\t\t<\/div>","protected":false},"excerpt":{"rendered":"<p>Los grupos A y B (subgrupos B1 a B4) del Sisb\u00e9n son priorizados para acceder al beneficio.\u00a0 El Gobierno Nacional ha puesto en marcha el programa de Devoluci\u00f3n del IVA, una compensaci\u00f3n destinada a favorecer a la poblaci\u00f3n m\u00e1s vulnerable del pa\u00eds, sin importar su ubicaci\u00f3n geogr\u00e1fica. Esta iniciativa, creada en el a\u00f1o 2020, tiene [&hellip;]<\/p>","protected":false},"author":4,"featured_media":31901,"comment_status":"open","ping_status":"open","sticky":false,"template":"","format":"standard","meta":{"_joinchat":[],"footnotes":""},"categories":[36,27,29],"tags":[],"class_list":["post-31900","post","type-post","status-publish","format-standard","has-post-thumbnail","hentry","category-contabilidad","category-noticias-acl","category-tributario"],"_links":{"self":[{"href":"https:\/\/aclco.co\/en\/wp-json\/wp\/v2\/posts\/31900","targetHints":{"allow":["GET"]}}],"collection":[{"href":"https:\/\/aclco.co\/en\/wp-json\/wp\/v2\/posts"}],"about":[{"href":"https:\/\/aclco.co\/en\/wp-json\/wp\/v2\/types\/post"}],"author":[{"embeddable":true,"href":"https:\/\/aclco.co\/en\/wp-json\/wp\/v2\/users\/4"}],"replies":[{"embeddable":true,"href":"https:\/\/aclco.co\/en\/wp-json\/wp\/v2\/comments?post=31900"}],"version-history":[{"count":4,"href":"https:\/\/aclco.co\/en\/wp-json\/wp\/v2\/posts\/31900\/revisions"}],"predecessor-version":[{"id":31906,"href":"https:\/\/aclco.co\/en\/wp-json\/wp\/v2\/posts\/31900\/revisions\/31906"}],"wp:featuredmedia":[{"embeddable":true,"href":"https:\/\/aclco.co\/en\/wp-json\/wp\/v2\/media\/31901"}],"wp:attachment":[{"href":"https:\/\/aclco.co\/en\/wp-json\/wp\/v2\/media?parent=31900"}],"wp:term":[{"taxonomy":"category","embeddable":true,"href":"https:\/\/aclco.co\/en\/wp-json\/wp\/v2\/categories?post=31900"},{"taxonomy":"post_tag","embeddable":true,"href":"https:\/\/aclco.co\/en\/wp-json\/wp\/v2\/tags?post=31900"}],"curies":[{"name":"wp","href":"https:\/\/api.w.org\/{rel}","templated":true}]}}