{"id":32298,"date":"2024-05-09T12:00:48","date_gmt":"2024-05-09T17:00:48","guid":{"rendered":"https:\/\/darkgoldenrod-ibex-179495.hostingersite.com\/?p=32298"},"modified":"2024-05-09T12:11:08","modified_gmt":"2024-05-09T17:11:08","slug":"a-pagar-mas-nuevos-impuestos-que-se-impondrian-en-bogota","status":"publish","type":"post","link":"https:\/\/aclco.co\/en\/a-pagar-mas-nuevos-impuestos-que-se-impondrian-en-bogota\/","title":{"rendered":"\u00bfA pagar m\u00e1s? Nuevos impuestos que se impondr\u00edan en Bogot\u00e1 con el Plan de Desarrollo"},"content":{"rendered":"<div data-elementor-type=\"wp-post\" data-elementor-id=\"32298\" class=\"elementor elementor-32298\" data-elementor-post-type=\"post\">\n\t\t\t\t<div class=\"elementor-element elementor-element-4fb1ef3 e-flex e-con-boxed e-con e-parent\" data-id=\"4fb1ef3\" data-element_type=\"container\" data-e-type=\"container\">\n\t\t\t\t\t<div class=\"e-con-inner\">\n\t\t\t\t<div class=\"elementor-element elementor-element-e2d721e elementor-widget elementor-widget-text-editor\" data-id=\"e2d721e\" data-element_type=\"widget\" data-e-type=\"widget\" data-widget_type=\"text-editor.default\">\n\t\t\t\t\t\t\t\t\t<h5>El nuevo articulado de este proyecto, que ya fue radicado en el Concejo, plantea dos nuevos pagos a cargo de los ciudadanos.<\/h5><p>Esta semana comenz\u00f3 el debate sobre la hoja de ruta que seguir\u00e1 Bogot\u00e1 durante los pr\u00f3ximos cuatro a\u00f1os, puesto que la administraci\u00f3n del alcalde Carlos Fernando Gal\u00e1n radic\u00f3 el Plan Distrital de Desarrollo 2024-2028, \u201cBogot\u00e1 Camina Segura\u201d, el cual,\u00a0en temas econ\u00f3micos ya se alista para su debate por parte del Cabildo de la ciudad.<\/p><p>Lo primero que hay que decir es que este proyecto, compuesto por 180 art\u00edculos y casi 500 p\u00e1ginas, se fundamenta en cinco pilares que tienen como objetivo mejorar la calidad de vida de la ciudadan\u00eda bogotana, para lo cual se enfocar\u00e1n en generar mayor seguridad, inclusi\u00f3n, libertad,\u00a0igualdad de oportunidades\u00a0y un acceso m\u00e1s justo a bienes y servicios p\u00fablicos, fortaleciendo el tejido social.<\/p><p>Durante la presentaci\u00f3n de este documento, el alcalde Gal\u00e1n fue enf\u00e1tico en decir que \u201cla pol\u00edtica no se fundamenta en imponer una visi\u00f3n, por el contrario, la pol\u00edtica es concertaci\u00f3n, di\u00e1logo, construcci\u00f3n colectiva, y adem\u00e1s entender que hay diferentes visiones con el prop\u00f3sito de armonizarlas para que se conviertan en proyectos de ciudad\u201d.<\/p><div id=\"p603978-m695-7-696\" class=\"highlighted\"><h5 id=\"m700-699-701\" class=\"tiemposBold3\"><strong>Dos nuevos impuestos<\/strong><\/h5><\/div><p id=\"p603978-m707-8-708\" class=\"parrafo\">Uno de los primeros temas que se revisa siempre que un nuevo gobierno presenta su plan de desarrollo, es saber cu\u00e1l ser\u00e1 el manejo tributario que dar\u00e1 a la gente, ya sea una ciudad o un pa\u00eds. En este caso, para la capital de la Rep\u00fablica,\u00a0esta administraci\u00f3n proyecta dos nuevos impuestos que desde ya prometen un fuerte debate.<\/p><p>En primer lugar est\u00e1 el <a href=\"https:\/\/darkgoldenrod-ibex-179495.hostingersite.com\/minhacienda-plantea-techo-de-200-en-reajustes-del\/\" target=\"_blank\" rel=\"noopener\">impuesto<\/a> al alumbrado p\u00fablico que, de aprobarse este proyecto, pondr\u00eda a los bogotanos a pagar por este servicio que actualmente recae en su gran mayor\u00eda en las arcas del Distrito. Es el art\u00edculo 148 y all\u00ed dice que la base gravable para este tributo \u201cser\u00e1 el valor facturado mensualmente por concepto del servicio p\u00fablico domiciliario de energ\u00eda el\u00e9ctrica en el Distrito Capital\u201d.<\/p><p>Uno de los primeros en dar a conocer esto fue el concejal Daniel Brice\u00f1o, quien tambi\u00e9n es ponente del Plan de Desarrollo y en di\u00e1logo con portafolio explic\u00f3 que este ser\u00e1 un cobro que se har\u00e1 dependiendo del estrato del hogar y la raz\u00f3n social del predio.<\/p><p>\u201cEl sujeto pasivo es aquella persona que vive o reside en Bogot\u00e1, que trabaje o que tenga una oficina, que tenga una residencia adem\u00e1s, que pague el recibo de la luz y que va en una tasa hasta el 10% del recibo mensual. Esto para bienes de car\u00e1cter industrial y comercial, y los bienes de car\u00e1cter residencial pues pagar\u00e1n entre tarifas de 5%, 6%, 7% y 8% dependiendo del tipo de estrato. Los \u00fanicos que no pagar\u00edan son los estratos 1 y 2\u201d, explic\u00f3 Brice\u00f1o.<\/p><p>Frente a esto, el concejal ponente advierte que \u201ccreemos que es un mal mensaje, adem\u00e1s porque todos sabemos que el tema de energ\u00eda se va a encarecer en el pa\u00eds por el tema de la sequ\u00eda, porque nos toca usar energ\u00eda t\u00e9rmica, porque nos toca usar tecnolog\u00edas que son mucho m\u00e1s costosas que la hidroel\u00e9ctrica y entonces creo que ser\u00eda\u00a0un golpe fuert\u00edsimo para la ciudadan\u00eda este impuesto al alumbrado p\u00fablico\u201d.<\/p><div id=\"p603978-m827-18-828\" class=\"highlighted\"><h5 id=\"m832-831-833\" class=\"tiemposBold3\"><strong>Impuesto a estacionamientos<\/strong><\/h5><\/div><p id=\"p603978-m839-19-840\" class=\"parrafo\">El segundo tributo nuevo que establece el Plan Distrital de Desarrollo est\u00e1 consignado en el art\u00edculo 149 y se titula \u201ccontribuci\u00f3n por el servicio de estacionamiento fuera de v\u00eda\u201d. Con este se busca poner un pago adicional a todos aquellos que usen parqueaderos p\u00fablicos en la ciudad, con el fin de lograr recursos para la ciudad.<\/p><p>Este art\u00edculo dice que la \u201ctarifa de la contribuci\u00f3n\u00a0por el servicio de estacionamiento fuera de v\u00eda. La tarifa de la contribuci\u00f3n por el servicio de estacionamiento fuera de v\u00eda ser\u00e1 del diecisiete por ciento (17%.)\u201d.<\/p><p>El recaudo de este tributo se har\u00e1 mediante retenci\u00f3n en la fuente, que deber\u00e1 practicarse en el momento en que se realice el pago del servicio de parqueo por parte del sujeto pasivo al operador y corresponder\u00e1 al ciento por ciento (100%) del valor de la contribuci\u00f3n. Ser\u00e1n agentes retenedores de la contribuci\u00f3n los operadores de este servicio.<\/p><p>\u201cUna persona que pague $10.000 en un parqueadero, pagar\u00e1 $1.900 de IVA y pagar\u00e1 $1.700 m\u00e1s de este impuesto a los parqueaderos, y pues la tarifa como tal del parqueadero. Esto creemos que es un mal mensaje, puesto que es un nuevo golpe para el tema de los carros. Nuevo golpe para la gente que tiene carros,\u00a0siempre son los que terminan pagando\u201d, explic\u00f3 el concejal Daniel Brice\u00f1o.<\/p><p>Se espera que el cabildo distrital comience la discusi\u00f3n de este proyecto muy pronto, con el fin de determinar si de da v\u00eda libre o no la hoja de ruta que plantea la Alcald\u00eda de Bogot\u00e1 y que tendr\u00eda un costo, los pr\u00f3ximos cuatro a\u00f1os, de $142 billones.<\/p><p spellcheck=\"false\" data-lt-tmp-id=\"lt-49199\" data-gramm=\"false\"><strong>Fuente: <a href=\"https:\/\/www.portafolio.co\/\" target=\"_blank\" rel=\"noopener\">Portafolio<\/a><\/strong><\/p>\t\t\t\t\t\t\t\t<\/div>\n\t\t\t\t\t<\/div>\n\t\t\t\t<\/div>\n\t\t\t\t<\/div>","protected":false},"excerpt":{"rendered":"<p>El nuevo articulado de este proyecto, que ya fue radicado en el Concejo, plantea dos nuevos pagos a cargo de los ciudadanos. Esta semana comenz\u00f3 el debate sobre la hoja de ruta que seguir\u00e1 Bogot\u00e1 durante los pr\u00f3ximos cuatro a\u00f1os, puesto que la administraci\u00f3n del alcalde Carlos Fernando Gal\u00e1n radic\u00f3 el Plan Distrital de Desarrollo [&hellip;]<\/p>","protected":false},"author":4,"featured_media":32299,"comment_status":"open","ping_status":"open","sticky":false,"template":"","format":"standard","meta":{"_joinchat":[],"footnotes":""},"categories":[27,36,29],"tags":[],"class_list":["post-32298","post","type-post","status-publish","format-standard","has-post-thumbnail","hentry","category-noticias-acl","category-contabilidad","category-tributario"],"_links":{"self":[{"href":"https:\/\/aclco.co\/en\/wp-json\/wp\/v2\/posts\/32298","targetHints":{"allow":["GET"]}}],"collection":[{"href":"https:\/\/aclco.co\/en\/wp-json\/wp\/v2\/posts"}],"about":[{"href":"https:\/\/aclco.co\/en\/wp-json\/wp\/v2\/types\/post"}],"author":[{"embeddable":true,"href":"https:\/\/aclco.co\/en\/wp-json\/wp\/v2\/users\/4"}],"replies":[{"embeddable":true,"href":"https:\/\/aclco.co\/en\/wp-json\/wp\/v2\/comments?post=32298"}],"version-history":[{"count":4,"href":"https:\/\/aclco.co\/en\/wp-json\/wp\/v2\/posts\/32298\/revisions"}],"predecessor-version":[{"id":32304,"href":"https:\/\/aclco.co\/en\/wp-json\/wp\/v2\/posts\/32298\/revisions\/32304"}],"wp:featuredmedia":[{"embeddable":true,"href":"https:\/\/aclco.co\/en\/wp-json\/wp\/v2\/media\/32299"}],"wp:attachment":[{"href":"https:\/\/aclco.co\/en\/wp-json\/wp\/v2\/media?parent=32298"}],"wp:term":[{"taxonomy":"category","embeddable":true,"href":"https:\/\/aclco.co\/en\/wp-json\/wp\/v2\/categories?post=32298"},{"taxonomy":"post_tag","embeddable":true,"href":"https:\/\/aclco.co\/en\/wp-json\/wp\/v2\/tags?post=32298"}],"curies":[{"name":"wp","href":"https:\/\/api.w.org\/{rel}","templated":true}]}}