{"id":32305,"date":"2024-05-10T12:08:32","date_gmt":"2024-05-10T17:08:32","guid":{"rendered":"https:\/\/darkgoldenrod-ibex-179495.hostingersite.com\/?p=32305"},"modified":"2024-05-10T12:56:30","modified_gmt":"2024-05-10T17:56:30","slug":"gobierno-del-cambio-le-apuesta-a-una-educacion-equitativa","status":"publish","type":"post","link":"https:\/\/aclco.co\/en\/gobierno-del-cambio-le-apuesta-a-una-educacion-equitativa\/","title":{"rendered":"Gobierno del Cambio le apuesta a una educaci\u00f3n equitativa y transparente"},"content":{"rendered":"<div data-elementor-type=\"wp-post\" data-elementor-id=\"32305\" class=\"elementor elementor-32305\" data-elementor-post-type=\"post\">\n\t\t\t\t<div class=\"elementor-element elementor-element-4fb1ef3 e-flex e-con-boxed e-con e-parent\" data-id=\"4fb1ef3\" data-element_type=\"container\" data-e-type=\"container\">\n\t\t\t\t\t<div class=\"e-con-inner\">\n\t\t\t\t<div class=\"elementor-element elementor-element-e2d721e elementor-widget elementor-widget-text-editor\" data-id=\"e2d721e\" data-element_type=\"widget\" data-e-type=\"widget\" data-widget_type=\"text-editor.default\">\n\t\t\t\t\t\t\t\t\t<h5 class=\"abstract aid-420656 cid-956\"><strong>Transformaci\u00f3n de Cartagena se consolida con inversiones en infraestructura educativa en sus barrios populares, con una inversi\u00f3n combinada de $ 47 mil millones para beneficiar a m\u00e1s de 4 mil estudiantes.<\/strong><\/h5><p>Cartagena (Bol\u00edvar), 8 de mayo de 2024.\u00a0Durante la jornada de Acciones por la Paz y por la Vida de la estrategia &#8216;Gobierno con los Barrios Populares&#8217;, el presidente <a href=\"https:\/\/darkgoldenrod-ibex-179495.hostingersite.com\/petro-confirma-que-colombia-volvera-a-vender-energia-a\/\" target=\"_blank\" rel=\"noopener\">Gustavo Petro<\/a>, acompa\u00f1ado de su comitiva ministerial, visit\u00f3 el ic\u00f3nico barrio El Poz\u00f3n en Cartagena para escuchar y atender las necesidades de la comunidad.<\/p><p>En este contexto, el viceministro de Educaci\u00f3n Preescolar, B\u00e1sica y Media, \u00d3scar S\u00e1nchez, indic\u00f3 que en lo que tiene que ver con educaci\u00f3n superior, \u00aben el Ministerio hablamos de la necesidad de ampliar la oferta de educaci\u00f3n superior y hemos venido apoyando la Instituci\u00f3n de Bellas Artes para que ampl\u00eden su oferta y estamos viendo colegios que puedan tambi\u00e9n ser universidades\u00bb.<\/p><p>As\u00ed mismo, el alto funcionario destac\u00f3 que en educaci\u00f3n superior se ha visto el entusiasmo y la r\u00e1pida respuesta de la poblaci\u00f3n docente ante las becas ofrecidas, con 86 maestros ya matriculados de los 450 cupos previstos para posgrados en las mejores universidades.<\/p><p>En lo referente a primera infancia, el viceministro report\u00f3 que se han creado 160 plazas docentes para atender a cerca de 40.000 ni\u00f1os, enfocadas en reducir la desigualdad desde temprana edad. De esta manera, \u00abSe han nombrado 45 profesoras para atender en jard\u00edn y primera infancia, asegurando una atenci\u00f3n integral desde los primeros a\u00f1os\u00bb, a\u00f1adi\u00f3.<\/p><p>Adem\u00e1s, con el programa de alimentaci\u00f3n escolar, se ha cubierto el 60 % de los estudiantes, beneficiando a 96.000 ni\u00f1os, un esfuerzo conjunto entre el distrito y la naci\u00f3n. Para ello se espera fortalecer los comedores y cocinas escolares para ampliar la oferta de alimentos preparados en los colegios.<\/p><h5><strong>Infraestructura educativa en Cartagena lista para inaugurar<\/strong><\/h5><p>En este escenario, el viceministro de Educaci\u00f3n Preescolar, B\u00e1sica y Media, \u00d3scar S\u00e1nchez, report\u00f3 tambi\u00e9n que el Ministerio de Educaci\u00f3n, junto con la Entidad Territorial Certificada de Cartagena y la Fundaci\u00f3n Pies Descalzos, unieron esfuerzos para construir la Instituci\u00f3n Educativa Villas de Aranjuez, con una inversi\u00f3n de $ 17 mil millones, cuyas instalaciones de vanguardia, benefician a 960 estudiantes.<\/p><p>De igual manera, como muestra del compromiso con la educaci\u00f3n de calidad, el Ministerio de Educaci\u00f3n con el Distrito de Cartagena construy\u00f3 tambi\u00e9n la Instituci\u00f3n Educativa Nuevo Bosque gracias a una inversi\u00f3n de $ 7 mil millones. Este centro educativo brindar\u00e1 educaci\u00f3n de excelencia a 1.423 estudiantes y contribuir\u00e1 al desarrollo integral de la comunidad cartagenera.<\/p><p>Finalmente, el Ministerio y la Alcald\u00eda de Cartagena juntaron esfuerzos para construir adem\u00e1s la Instituci\u00f3n Educativa San Felipe Neri. Con una inversi\u00f3n de $ 23 mil millones, esta instituci\u00f3n ofrecer\u00e1 oportunidades educativas a 1.600 estudiantes, impulsando el progreso y el desarrollo en la capital de Bol\u00edvar.<\/p><p>Estas alianzas estrat\u00e9gicas representan un compromiso sin precedentes con la educaci\u00f3n y el desarrollo de los barrios populares de Cartagena, que contribuir\u00e1n a la transformaci\u00f3n territorial de las grandes ciudades.<\/p><p><strong>Fuente: <a href=\"https:\/\/www.mineducacion.gov.co\/portal\/\" target=\"_blank\" rel=\"noopener\">Ministerio de Educaci\u00f3n<\/a><\/strong><\/p>\t\t\t\t\t\t\t\t<\/div>\n\t\t\t\t\t<\/div>\n\t\t\t\t<\/div>\n\t\t\t\t<\/div>","protected":false},"excerpt":{"rendered":"<p>Transformaci\u00f3n de Cartagena se consolida con inversiones en infraestructura educativa en sus barrios populares, con una inversi\u00f3n combinada de $ 47 mil millones para beneficiar a m\u00e1s de 4 mil estudiantes. Cartagena (Bol\u00edvar), 8 de mayo de 2024.\u00a0Durante la jornada de Acciones por la Paz y por la Vida de la estrategia &#8216;Gobierno con los [&hellip;]<\/p>","protected":false},"author":4,"featured_media":32306,"comment_status":"open","ping_status":"open","sticky":false,"template":"","format":"standard","meta":{"_joinchat":[],"footnotes":""},"categories":[27,32],"tags":[],"class_list":["post-32305","post","type-post","status-publish","format-standard","has-post-thumbnail","hentry","category-noticias-acl","category-blogs-12-2"],"_links":{"self":[{"href":"https:\/\/aclco.co\/en\/wp-json\/wp\/v2\/posts\/32305","targetHints":{"allow":["GET"]}}],"collection":[{"href":"https:\/\/aclco.co\/en\/wp-json\/wp\/v2\/posts"}],"about":[{"href":"https:\/\/aclco.co\/en\/wp-json\/wp\/v2\/types\/post"}],"author":[{"embeddable":true,"href":"https:\/\/aclco.co\/en\/wp-json\/wp\/v2\/users\/4"}],"replies":[{"embeddable":true,"href":"https:\/\/aclco.co\/en\/wp-json\/wp\/v2\/comments?post=32305"}],"version-history":[{"count":7,"href":"https:\/\/aclco.co\/en\/wp-json\/wp\/v2\/posts\/32305\/revisions"}],"predecessor-version":[{"id":32315,"href":"https:\/\/aclco.co\/en\/wp-json\/wp\/v2\/posts\/32305\/revisions\/32315"}],"wp:featuredmedia":[{"embeddable":true,"href":"https:\/\/aclco.co\/en\/wp-json\/wp\/v2\/media\/32306"}],"wp:attachment":[{"href":"https:\/\/aclco.co\/en\/wp-json\/wp\/v2\/media?parent=32305"}],"wp:term":[{"taxonomy":"category","embeddable":true,"href":"https:\/\/aclco.co\/en\/wp-json\/wp\/v2\/categories?post=32305"},{"taxonomy":"post_tag","embeddable":true,"href":"https:\/\/aclco.co\/en\/wp-json\/wp\/v2\/tags?post=32305"}],"curies":[{"name":"wp","href":"https:\/\/api.w.org\/{rel}","templated":true}]}}