{"id":32339,"date":"2024-05-16T14:16:48","date_gmt":"2024-05-16T19:16:48","guid":{"rendered":"https:\/\/darkgoldenrod-ibex-179495.hostingersite.com\/?p=32339"},"modified":"2024-05-16T14:25:29","modified_gmt":"2024-05-16T19:25:29","slug":"impuestos-lo-que-viene-en-el-calendario-tributario","status":"publish","type":"post","link":"https:\/\/aclco.co\/en\/impuestos-lo-que-viene-en-el-calendario-tributario\/","title":{"rendered":"Impuestos en Colombia: lo que viene en el calendario tributario"},"content":{"rendered":"<div data-elementor-type=\"wp-post\" data-elementor-id=\"32339\" class=\"elementor elementor-32339\" data-elementor-post-type=\"post\">\n\t\t\t\t<div class=\"elementor-element elementor-element-4fb1ef3 e-flex e-con-boxed e-con e-parent\" data-id=\"4fb1ef3\" data-element_type=\"container\" data-e-type=\"container\">\n\t\t\t\t\t<div class=\"e-con-inner\">\n\t\t\t\t<div class=\"elementor-element elementor-element-e2d721e elementor-widget elementor-widget-text-editor\" data-id=\"e2d721e\" data-element_type=\"widget\" data-e-type=\"widget\" data-widget_type=\"text-editor.default\">\n\t\t\t\t\t\t\t\t\t<h5>Conozca qu\u00e9 tr\u00e1mites podr\u00eda adelantar desde mayo para no colgarse en su declaraci\u00f3n de renta a personas naturales.<\/h5><p id=\"p604587-m285-11-286\" class=\"parrafo\">Una de las preocupaciones de la vida adulta, y que m\u00e1s dudas genera entre las personas, tiene que ver con el pago de <a href=\"https:\/\/darkgoldenrod-ibex-179495.hostingersite.com\/4-impuestos-que-debe-tener-en-cuenta-si-esta-pensando-en\/\" target=\"_blank\" rel=\"noopener\">impuestos<\/a> y dem\u00e1s obligaciones tributarias.<\/p><p id=\"p604863-m559-3-560\" class=\"parrafo\">La declaraci\u00f3n de renta y el impuesto al patrimonio,\u00a0entre otras contribuciones son conceptos que pocos entienden, lo que algunas veces dificulta su tr\u00e1mite.<\/p><p id=\"p604863-m565-4-566\" class=\"parrafo\">Sin embargo, seg\u00fan expertos, para entender c\u00f3mo funciona el pago de impuestos para personas naturales es clave conocer las fechas de vencimiento de cada una de ellas y en qu\u00e9 consiste cada obligaci\u00f3n.<\/p><p>Tenga en cuenta que aunque tradicionalmente los plazos con los que cuentan las personas naturales para presentar su declaraci\u00f3n de renta inician en el mes de agosto,\u00a0es muy importante revisar si eventualmente se tienen otras obligaciones con las que se deben cumplir en las pr\u00f3ximas semanas, pues de no presentarlas a tiempo se aplicar\u00e1n sanciones que pueden ser bastante altas.<\/p><p>Accede al calendario tributario mediante el siguiente <a href=\"https:\/\/aclco.co\/wp-content\/uploads\/2024\/03\/CALENDARIO-TRIBUTARIO-ACL-COLOMBIA.pdf\">enlace<\/a> y evita penalizaciones que puedan afectar tu econom\u00eda.<\/p><p><strong>Fuente: <a href=\"https:\/\/www.portafolio.co\/\" target=\"_blank\" rel=\"noopener\">Portafolio<\/a><\/strong><\/p>\t\t\t\t\t\t\t\t<\/div>\n\t\t\t\t\t<\/div>\n\t\t\t\t<\/div>\n\t\t\t\t<\/div>","protected":false},"excerpt":{"rendered":"<p>Conozca qu\u00e9 tr\u00e1mites podr\u00eda adelantar desde mayo para no colgarse en su declaraci\u00f3n de renta a personas naturales. Una de las preocupaciones de la vida adulta, y que m\u00e1s dudas genera entre las personas, tiene que ver con el pago de impuestos y dem\u00e1s obligaciones tributarias. La declaraci\u00f3n de renta y el impuesto al patrimonio,\u00a0entre [&hellip;]<\/p>","protected":false},"author":4,"featured_media":32340,"comment_status":"open","ping_status":"open","sticky":false,"template":"","format":"standard","meta":{"_joinchat":[],"footnotes":""},"categories":[27,36,29],"tags":[],"class_list":["post-32339","post","type-post","status-publish","format-standard","has-post-thumbnail","hentry","category-noticias-acl","category-contabilidad","category-tributario"],"_links":{"self":[{"href":"https:\/\/aclco.co\/en\/wp-json\/wp\/v2\/posts\/32339","targetHints":{"allow":["GET"]}}],"collection":[{"href":"https:\/\/aclco.co\/en\/wp-json\/wp\/v2\/posts"}],"about":[{"href":"https:\/\/aclco.co\/en\/wp-json\/wp\/v2\/types\/post"}],"author":[{"embeddable":true,"href":"https:\/\/aclco.co\/en\/wp-json\/wp\/v2\/users\/4"}],"replies":[{"embeddable":true,"href":"https:\/\/aclco.co\/en\/wp-json\/wp\/v2\/comments?post=32339"}],"version-history":[{"count":4,"href":"https:\/\/aclco.co\/en\/wp-json\/wp\/v2\/posts\/32339\/revisions"}],"predecessor-version":[{"id":32345,"href":"https:\/\/aclco.co\/en\/wp-json\/wp\/v2\/posts\/32339\/revisions\/32345"}],"wp:featuredmedia":[{"embeddable":true,"href":"https:\/\/aclco.co\/en\/wp-json\/wp\/v2\/media\/32340"}],"wp:attachment":[{"href":"https:\/\/aclco.co\/en\/wp-json\/wp\/v2\/media?parent=32339"}],"wp:term":[{"taxonomy":"category","embeddable":true,"href":"https:\/\/aclco.co\/en\/wp-json\/wp\/v2\/categories?post=32339"},{"taxonomy":"post_tag","embeddable":true,"href":"https:\/\/aclco.co\/en\/wp-json\/wp\/v2\/tags?post=32339"}],"curies":[{"name":"wp","href":"https:\/\/api.w.org\/{rel}","templated":true}]}}