{"id":32346,"date":"2024-05-17T16:52:41","date_gmt":"2024-05-17T21:52:41","guid":{"rendered":"https:\/\/darkgoldenrod-ibex-179495.hostingersite.com\/?p=32346"},"modified":"2024-05-17T16:58:45","modified_gmt":"2024-05-17T21:58:45","slug":"renta-corporativa-como-hacer-frente-al-aumento-de","status":"publish","type":"post","link":"https:\/\/aclco.co\/en\/renta-corporativa-como-hacer-frente-al-aumento-de\/","title":{"rendered":"Renta corporativa: \u00bfc\u00f3mo hacer frente al aumento de este impuesto para 2024?"},"content":{"rendered":"<div data-elementor-type=\"wp-post\" data-elementor-id=\"32346\" class=\"elementor elementor-32346\" data-elementor-post-type=\"post\">\n\t\t\t\t<div class=\"elementor-element elementor-element-4fb1ef3 e-flex e-con-boxed e-con e-parent\" data-id=\"4fb1ef3\" data-element_type=\"container\" data-e-type=\"container\">\n\t\t\t\t\t<div class=\"e-con-inner\">\n\t\t\t\t<div class=\"elementor-element elementor-element-e2d721e elementor-widget elementor-widget-text-editor\" data-id=\"e2d721e\" data-element_type=\"widget\" data-e-type=\"widget\" data-widget_type=\"text-editor.default\">\n\t\t\t\t\t\t\t\t\t<h5><strong>Expertos advierten que el calendario ya est\u00e1 corriendo para m\u00e1s de 1,8 millones de empresas en el pa\u00eds.<\/strong><\/h5><p>Con los recientes cambios tributarios que se est\u00e1n dando en Colombia, el panorama empresarial en el pa\u00eds enfrenta grandes retos para poder cumplir con todos los tributos que actualmente se tienen estipulados, tanto para micro, grandes o peque\u00f1as firmas en todo el pa\u00eds, especialmente en este contexto de desaceleraci\u00f3n econ\u00f3mica.<\/p><p>Uno de los cambios m\u00e1s destacados es la tasa de renta corporativa, que actualmente se sit\u00faa en un 35 % sobre sus utilidades, gravamen que se posiciona como uno de los m\u00e1s altos entre los pa\u00edses de la Organizaci\u00f3n para la Cooperaci\u00f3n y el Desarrollo Econ\u00f3mico,\u00a0superando a naciones como Australia, M\u00e9xico y Portugal, que mantienen una tasa del 30%.<\/p><p>En este sentido, Alexander Hern\u00e1ndez Fuentes, experto en consultor\u00eda financiera corporativa, expresa que que este tipo de aumentos debe entenderse como un todo, ya que si bien significa mayores ingresos para la Naci\u00f3n, estos recursos salen del bolsillo de los empresarios, quienes no la est\u00e1n pasando bien en este momento.<\/p><p>\u201cEl aumento de la tarifa que pas\u00f3 de 33% al 35%,\u00a0se destaca como uno de los cambios m\u00e1s significativos. Este incremento puede afectar directamente las finanzas empresariales, por lo que es crucial planificar estrategias de pago de impuestos de manera adecuada y hacer una planeaci\u00f3n tributaria correcta\u201d, sostuvo.<\/p><p>No obstante, este analista de temas tributarios agreg\u00f3 que si bien el panorama trae muchos retos para el 2024 con el pago de los impuestos, hay salidas y mecanismos con los que se puede ayudar a que esta carga sea menor, todo dentro de lo que estipula las normativas autorizadas por la Dian.<\/p><p>\u201cLas empresas deben considerar los beneficios que son deducibles de renta, como las retenciones de terceros sobre las ventas que se soportan con certificados, los pagos a salud prepagada y los apoyos acad\u00e9micos a empleados, que pueden\u00a0no estar expl\u00edcitamente contemplados en el estatuto tributario\u201d, dijo Hern\u00e1ndez Fuentes.<\/p><p>Por otra parte, vale la pena destacar que el n\u00famero total de empresas activas en la actualidad seg\u00fan el informe del Ministerio de Comercio, Industria y Turismo es de 1,853,509; las cuales deber\u00e1n cumplir con los plazos tributarios, cabe aclarar que presentar dicha declaraci\u00f3n de renta no significa que siempre debe pagar impuesto.<\/p><p>\u201cPara estar al d\u00eda con las obligaciones tributarias, la Dian\u00a0ha emitido un calendario tributario para que tengan presentes las fechas seg\u00fan corresponda cada caso. Por ejemplo, para grandes contribuyentes, la \u00faltima cuota es del 13 al 26 de junio, y para personas jur\u00eddicas, la declaraci\u00f3n y pago de la primera cuota es en mayo del 10 al 24\u201d, dijo Alexander Hern\u00e1ndez.<\/p><p id=\"p604783-m783-17-784\" class=\"parrafo\">Teniendo en cuenta lo anterior, recuerda que incumplir con dichos plazos conlleva el riesgo de incurrir en intereses y sanciones, lo que podr\u00eda afectar gravemente la salud financiera de la empresa. Adem\u00e1s, en el caso de declarar pero no pagar o evadir, las consecuencias pueden\u00a0ir desde multas pecuniarias hasta la posibilidad de enfrentar una pena privativa de la libertad.<\/p><p>Si bien el alza generada a la tasa de renta con la <a href=\"https:\/\/darkgoldenrod-ibex-179495.hostingersite.com\/los-impuestos-que-debe-pagar-si-recibe-dividendos-segun\/\" target=\"_blank\" rel=\"noopener\">reforma tributaria<\/a> es solo 2 puntos, frente a este aumento Alexander Hern\u00e1ndez manifiesta que \u201ceste cambio afecta a numerosos modelos de negocio que, si bien no registran p\u00e9rdidas, operan con m\u00e1rgenes de utilidad muy reducidos\u201d.<\/p><p id=\"p604783-m827-21-828\" class=\"parrafo\">En este sentido sostiene que \u201cesto se debe a la din\u00e1mica\u00a0de negocios de empresas como grandes superficies o retailers, que comercializan productos fabricados por otros o distribuidos por terceros. Por lo tanto, el impacto se ver\u00e1 reflejado en las utilidades a pesar de tener un volumen de ventas considerable\u201d.<\/p><p id=\"p604783-m833-22-834\" class=\"parrafo\">Finalmente, aclara que la declaraci\u00f3n de renta y el pago del impuesto son procesos esenciales que las empresas en Colombia deben llevar a cabo para cumplir con sus obligaciones fiscales, se debe tener presente que presentar no significa siempre pagar.<\/p><p>\u201cMantenerse al d\u00eda con estos aspectos no solo garantiza el cumplimiento de la ley, sino que tambi\u00e9n contribuye a la disminuci\u00f3n de los 108 billones de pesos,\u00a0cifra de evasi\u00f3n tributaria presentada en la rendici\u00f3n de cuentas por la Dian\u201d, concluy\u00f3.<\/p><p><strong>Fuente: <a href=\"https:\/\/www.portafolio.co\/\" target=\"_blank\" rel=\"noopener\">Portafolio<\/a><\/strong><\/p>\t\t\t\t\t\t\t\t<\/div>\n\t\t\t\t\t<\/div>\n\t\t\t\t<\/div>\n\t\t\t\t<\/div>","protected":false},"excerpt":{"rendered":"<p>Expertos advierten que el calendario ya est\u00e1 corriendo para m\u00e1s de 1,8 millones de empresas en el pa\u00eds. Con los recientes cambios tributarios que se est\u00e1n dando en Colombia, el panorama empresarial en el pa\u00eds enfrenta grandes retos para poder cumplir con todos los tributos que actualmente se tienen estipulados, tanto para micro, grandes o [&hellip;]<\/p>","protected":false},"author":4,"featured_media":32347,"comment_status":"open","ping_status":"open","sticky":false,"template":"","format":"standard","meta":{"_joinchat":[],"footnotes":""},"categories":[27,36,29],"tags":[],"class_list":["post-32346","post","type-post","status-publish","format-standard","has-post-thumbnail","hentry","category-noticias-acl","category-contabilidad","category-tributario"],"_links":{"self":[{"href":"https:\/\/aclco.co\/en\/wp-json\/wp\/v2\/posts\/32346","targetHints":{"allow":["GET"]}}],"collection":[{"href":"https:\/\/aclco.co\/en\/wp-json\/wp\/v2\/posts"}],"about":[{"href":"https:\/\/aclco.co\/en\/wp-json\/wp\/v2\/types\/post"}],"author":[{"embeddable":true,"href":"https:\/\/aclco.co\/en\/wp-json\/wp\/v2\/users\/4"}],"replies":[{"embeddable":true,"href":"https:\/\/aclco.co\/en\/wp-json\/wp\/v2\/comments?post=32346"}],"version-history":[{"count":4,"href":"https:\/\/aclco.co\/en\/wp-json\/wp\/v2\/posts\/32346\/revisions"}],"predecessor-version":[{"id":32352,"href":"https:\/\/aclco.co\/en\/wp-json\/wp\/v2\/posts\/32346\/revisions\/32352"}],"wp:featuredmedia":[{"embeddable":true,"href":"https:\/\/aclco.co\/en\/wp-json\/wp\/v2\/media\/32347"}],"wp:attachment":[{"href":"https:\/\/aclco.co\/en\/wp-json\/wp\/v2\/media?parent=32346"}],"wp:term":[{"taxonomy":"category","embeddable":true,"href":"https:\/\/aclco.co\/en\/wp-json\/wp\/v2\/categories?post=32346"},{"taxonomy":"post_tag","embeddable":true,"href":"https:\/\/aclco.co\/en\/wp-json\/wp\/v2\/tags?post=32346"}],"curies":[{"name":"wp","href":"https:\/\/api.w.org\/{rel}","templated":true}]}}