{"id":32367,"date":"2024-05-21T12:26:13","date_gmt":"2024-05-21T17:26:13","guid":{"rendered":"https:\/\/darkgoldenrod-ibex-179495.hostingersite.com\/?p=32367"},"modified":"2024-05-21T12:32:27","modified_gmt":"2024-05-21T17:32:27","slug":"exportaciones-e-importaciones-desde-zonas-francas-bajaron","status":"publish","type":"post","link":"https:\/\/aclco.co\/en\/exportaciones-e-importaciones-desde-zonas-francas-bajaron\/","title":{"rendered":"Exportaciones e importaciones desde zonas francas bajaron m\u00e1s de 27% en marzo"},"content":{"rendered":"<div data-elementor-type=\"wp-post\" data-elementor-id=\"32367\" class=\"elementor elementor-32367\" data-elementor-post-type=\"post\">\n\t\t\t\t<div class=\"elementor-element elementor-element-4fb1ef3 e-flex e-con-boxed e-con e-parent\" data-id=\"4fb1ef3\" data-element_type=\"container\" data-e-type=\"container\">\n\t\t\t\t\t<div class=\"e-con-inner\">\n\t\t\t\t<div class=\"elementor-element elementor-element-e2d721e elementor-widget elementor-widget-text-editor\" data-id=\"e2d721e\" data-element_type=\"widget\" data-e-type=\"widget\" data-widget_type=\"text-editor.default\">\n\t\t\t\t\t\t\t\t\t<h5><strong>Seg\u00fan el Dane, las cifras bajaron en comparaci\u00f3n con 2023, debido a la salida de bienes procesados y el ingreso de materias primas<\/strong><\/h5><p>Desde 2021 el Dane incluye en el bolet\u00edn t\u00e9cnico la desagregaci\u00f3n de los flujos comerciales de comercio exterior de mercanc\u00edas en zonas francas, seg\u00fan bolsas del arancel de aduanas.<\/p><p>Para marzo del presente a\u00f1o,\u00a0la entidad registr\u00f3 que las exportaciones e importaciones disminuyeron m\u00e1s de 27% frente al mismo periodo de 2023, con bajas de 28,4% y 27,1%, respectivamente.<\/p><h5>Las exportaciones<\/h5><p>De acuerdo con el Dane,\u00a0las exportaciones desde las <a href=\"https:\/\/darkgoldenrod-ibex-179495.hostingersite.com\/sabia-usted-que-la-tarifa-del-impuesto-sobre-la-renta\/\" target=\"_blank\" rel=\"noopener\">zonas francas<\/a> cayeron 28,4% con una cifra en ventas de US$236,4 millones FOB, mientras que en 2023 la cifra super\u00f3 los US$329,9 millones.<\/p><p>La entidad explic\u00f3 que este comportamiento se dio a causa de las salidas al resto del mundo de bienes procesados o transformados por un usuario industrial de zona franca, las cuales aportaron 29,5 puntos porcentuales negativos a la variaci\u00f3n total del registro.<\/p><p>Por otro lado, estas cifras negativas tambi\u00e9n se reflejaron en las Zonas Francas Permanentes Especiales, Zfpe,\u00a0ya que presentaron una disminuci\u00f3n de 43,4%.<\/p><p>Las exportaciones desde las Zonas Francas Permanentes, ZFP,\u00a0registraron una ca\u00edda de 9%, mientras que las ZFP de Rionegro y Barranquilla, en conjunto, contribuyeron negativamente con 7,2 puntos en los resultados finales.<\/p><p>Sin embargo, la ZFP de la Cayena y la Internacional del Atl\u00e1ntico aportaron, en conjunto,\u00a02,2 puntos porcentuales positivos a la variaci\u00f3n total de las exportaciones en marzo.<\/p><div class=\"news economiaSect\"><div class=\"html-content\"><p>El aumento de las ventas hacia Estados Unidos aport\u00f3 negativamente 21,4 puntos porcentuales a la variaci\u00f3n de las exportaciones.\u00a0La comercializaci\u00f3n hacia Puerto Rico y Egipto contribuyeron con 7,4 puntos porcentuales negativos a la variaci\u00f3n total. Pero, las operaciones hacia Per\u00fa y Pa\u00edses Bajos aportaron cinco puntos porcentuales positivos a la variaci\u00f3n de las ventas totales a marzo.<\/p><h5><strong>Las importaciones<\/strong><\/h5><p>El Departamento Administrativo Nacional de Estad\u00edstica inform\u00f3 que las importaciones, al igual que las exportaciones desde las zonas francas, tuvieron un comportamiento negativo,\u00a0debido a que estas reflejaron una disminuci\u00f3n de 27,1%, al pasar de US$178,5 millones CIF en marzo del a\u00f1o pasado a US$130,2 millones CIF en el mismo periodo de 2024.<\/p><p>La organizaci\u00f3n explic\u00f3 que este comportamiento se ocasion\u00f3 porque las Zfpe (-44%), contribuyeron con 25,1 puntos porcentuales negativos y las ZFP (-4,5%),\u00a0aportaron 1,9 puntos porcentuales negativos a la variaci\u00f3n total de las importaciones, -27,1%.<\/p><p>Las ZFP Quind\u00edo Zona Franca S.A y ZFP Barranquilla aportaron 6,4 puntos porcentuales a la baja. Por otro lado,\u00a0las ZFP de Tocancip\u00e1 y ZFP Internacional de Pereira representaron un aporte de 6,4 puntos porcentuales positivos a la variaci\u00f3n de las importaciones.<\/p><p>El Dane inform\u00f3 que la ca\u00edda de las importaciones se dio a causa, principalmente, del lento ingreso de materias primas, insumos, bienes intermedios, partes y piezas para ser transformadas,\u00a0que aport\u00f3 23,9 puntos porcentuales negativos a la variaci\u00f3n.<\/p><p>Debido al retroceso en las compras externas a Trinidad y Tobago, estas reflejaron 18,7 puntos porcentuales negativos a la variaci\u00f3n total de las importaciones. Adem\u00e1s,\u00a0las mercanc\u00edas originarias de Alemania y Brasil contribuyeron 6,1 puntos porcentuales negativos a la variaci\u00f3n total.<\/p><p>Las importaciones de origen tailand\u00e9s y de Suecia aportaron 2,4 puntos porcentuales positivos a la variaci\u00f3n de las ventas internas totales.<\/p><h5><strong>La balanza comercial<\/strong><\/h5><p>En el acumulado de 2024,\u00a0las balanzas comerciales de las zonas francas presentaron, en el caso de las Zfpe, un super\u00e1vit de US$200,9 millones FOB y las ZFP de US$139,0 millones FOB.<\/p><p>Los mayores super\u00e1vits se registraron en la ZFP Palmaseca, con US$37,7 millones, seguida de la ZFP Rionegro con US$35,1 millones,\u00a0mientras que los d\u00e9ficits se dieron en la Internacional de Pereira y Tocancip\u00e1.<\/p><h5><strong>Los ingresos totales de mercanc\u00edas a las zonas francas colombianas<\/strong><\/h5><p>Seg\u00fan el Dane, los ingresos totales de mercanc\u00edas a las zonas francas colombianas disminuyeron 6,6%, al pasar de US$2.644 millones CIF, en marzo de 2023, a US$2.469,5 millones CIF en el mismo periodo de este a\u00f1o.\u00a0Adem\u00e1s, los ingresos desde el resto del mundo diminuyeron 22,1% y los del territorio aduanero nacional contribuyeron con 7,1 puntos porcentuales positivos. Cuando se miran las salidas de las mercanc\u00edas, estas aumentaron 0,4%, al pasar de US$2.797,1 millones en 2023 a US$2.807 millones este a\u00f1o.<\/p><\/div><\/div><div class=\"mt-5\"><strong>Fuente: <a href=\"https:\/\/www.larepublica.co\/\" target=\"_blank\" rel=\"noopener\">La Republica<\/a><\/strong><\/div>\t\t\t\t\t\t\t\t<\/div>\n\t\t\t\t\t<\/div>\n\t\t\t\t<\/div>\n\t\t\t\t<\/div>","protected":false},"excerpt":{"rendered":"<p>Seg\u00fan el Dane, las cifras bajaron en comparaci\u00f3n con 2023, debido a la salida de bienes procesados y el ingreso de materias primas Desde 2021 el Dane incluye en el bolet\u00edn t\u00e9cnico la desagregaci\u00f3n de los flujos comerciales de comercio exterior de mercanc\u00edas en zonas francas, seg\u00fan bolsas del arancel de aduanas. Para marzo del [&hellip;]<\/p>","protected":false},"author":4,"featured_media":32368,"comment_status":"open","ping_status":"open","sticky":false,"template":"","format":"standard","meta":{"_joinchat":[],"footnotes":""},"categories":[27,36,35,29],"tags":[],"class_list":["post-32367","post","type-post","status-publish","format-standard","has-post-thumbnail","hentry","category-noticias-acl","category-contabilidad","category-economia-finanzas","category-tributario"],"_links":{"self":[{"href":"https:\/\/aclco.co\/en\/wp-json\/wp\/v2\/posts\/32367","targetHints":{"allow":["GET"]}}],"collection":[{"href":"https:\/\/aclco.co\/en\/wp-json\/wp\/v2\/posts"}],"about":[{"href":"https:\/\/aclco.co\/en\/wp-json\/wp\/v2\/types\/post"}],"author":[{"embeddable":true,"href":"https:\/\/aclco.co\/en\/wp-json\/wp\/v2\/users\/4"}],"replies":[{"embeddable":true,"href":"https:\/\/aclco.co\/en\/wp-json\/wp\/v2\/comments?post=32367"}],"version-history":[{"count":10,"href":"https:\/\/aclco.co\/en\/wp-json\/wp\/v2\/posts\/32367\/revisions"}],"predecessor-version":[{"id":32378,"href":"https:\/\/aclco.co\/en\/wp-json\/wp\/v2\/posts\/32367\/revisions\/32378"}],"wp:featuredmedia":[{"embeddable":true,"href":"https:\/\/aclco.co\/en\/wp-json\/wp\/v2\/media\/32368"}],"wp:attachment":[{"href":"https:\/\/aclco.co\/en\/wp-json\/wp\/v2\/media?parent=32367"}],"wp:term":[{"taxonomy":"category","embeddable":true,"href":"https:\/\/aclco.co\/en\/wp-json\/wp\/v2\/categories?post=32367"},{"taxonomy":"post_tag","embeddable":true,"href":"https:\/\/aclco.co\/en\/wp-json\/wp\/v2\/tags?post=32367"}],"curies":[{"name":"wp","href":"https:\/\/api.w.org\/{rel}","templated":true}]}}