{"id":32432,"date":"2024-05-31T14:20:12","date_gmt":"2024-05-31T19:20:12","guid":{"rendered":"https:\/\/darkgoldenrod-ibex-179495.hostingersite.com\/?p=32432"},"modified":"2024-05-31T14:33:27","modified_gmt":"2024-05-31T19:33:27","slug":"recaudo-tributario-de-abril-quedo-215-billones-por-debajo","status":"publish","type":"post","link":"https:\/\/aclco.co\/en\/recaudo-tributario-de-abril-quedo-215-billones-por-debajo\/","title":{"rendered":"Recaudo tributario de abril qued\u00f3 $21,5 billones por debajo del c\u00e1lculo del Gobierno"},"content":{"rendered":"<div data-elementor-type=\"wp-post\" data-elementor-id=\"32432\" class=\"elementor elementor-32432\" data-elementor-post-type=\"post\">\n\t\t\t\t<div class=\"elementor-element elementor-element-4fb1ef3 e-flex e-con-boxed e-con e-parent\" data-id=\"4fb1ef3\" data-element_type=\"container\" data-e-type=\"container\">\n\t\t\t\t\t<div class=\"e-con-inner\">\n\t\t\t\t<div class=\"elementor-element elementor-element-e2d721e elementor-widget elementor-widget-text-editor\" data-id=\"e2d721e\" data-element_type=\"widget\" data-e-type=\"widget\" data-widget_type=\"text-editor.default\">\n\t\t\t\t\t\t\t\t\t<h5 id=\"p605761-m1800-1-1801\" class=\"epigraph regular_lead1\"><strong>El dato de la Dian dice que se han recogido $85 billones hasta el momento; 10,2% menos que en 2023.<\/strong><\/h5><p>Como un suceso que se ven\u00eda advirtiendo desde hace meses y que se espera que se complique en los pr\u00f3ximos d\u00edas, el recaudo tributario en Colombia lo est\u00e1 pasando muy mal y con corte al mes de abril report\u00f3 una fuerte ca\u00edda respecto al 2023.\u00a0Esto en gran medida, como consecuencia de la desaceleraci\u00f3n econ\u00f3mica que se viene sintiendo desde mediados del a\u00f1o pasado.<\/p><p>Seg\u00fan las cuentas oficiales de la <a href=\"https:\/\/darkgoldenrod-ibex-179495.hostingersite.com\/la-dian-suspendio-casi-cuatro-millones-de-rut-por-esta\/\" target=\"_blank\" rel=\"noopener\">Direcci\u00f3n de Impuestos y Aduanas Nacionales (Dian)<\/a> en el per\u00edodo enero &#8211; abril del 2024, la recolecci\u00f3n de impuestos sum\u00f3 $85,8 billones, cifra que se traduce en un retroceso\u00a0de $9,8 billones frente al mismo per\u00edodo del 2023, cuando hab\u00eda quedado en $95,7 billones.<\/p><p>En c\u00e1lculos porcentuales esto es un retroceso del 10,2%; s\u00f3lo en lo concerniente al comparativo de cifras a\u00f1o a a\u00f1o. No obstante, si se contrasta el acumulado de este a\u00f1o con lo que esperaba el Gobierno en sus cuentas fiscales, se aprecia que el hueco es m\u00e1s grande, ya que las proyecciones hasta la fecha apuntaban a $107,3 billones y al final qued\u00f3 $21,5 billones por debajo, es decir, un 20%, lo cual podr\u00eda apretar la caja oficial.<\/p><p>Por otra parte, para Camilo Herrera, fundador de la firma Raddar,\u00a0otra visi\u00f3n de este balance es el comparativo s\u00f3lo de abril, agregando que en este mes se recibieron $18,6 billones, dato que se traduce en una ca\u00edda del -49,0% respecto al mismo per\u00edodo del 2024, cuando se recaudaron $31,5 billones.<\/p><p>\u201cLa ca\u00edda anual del recaudo de -40,9% es la m\u00e1s grande desde 2001.Lo del menor recaudo tributario es complejo, m\u00e1s no es sorpresa: es parte de un ajuste que se ve\u00eda venir. Al verlo en 12 meses, es claro que estamos ante un ajuste por el gran recaudo en 2021-2023 y nos va a salir muy costoso\u201d, explic\u00f3.<\/p><p>Para este analista es importante dejar en claro que esto no es culpa de la Dian, sino una consecuencia de la din\u00e1mica del mercado. \u201cSeguramente, el aumento de impuestos en la \u00faltima reforma, fren\u00f3 la inversi\u00f3n y\u00a0eso golpe\u00f3 el crecimiento y el empleo, m\u00e1s la incertidumbre que genera el Gobierno Nacional\u201d.<\/p><div id=\"p605761-m1944-13-1945\" class=\"highlighted\"><h5 id=\"m1949-1948-1950\" class=\"tiemposBold3\"><strong>Golpe de la desaceleraci\u00f3n<\/strong><\/h5><\/div><p id=\"p605761-m1956-14-1957\" class=\"parrafo\">Al revisar el discriminado de recaudo, seg\u00fan los impuestos m\u00e1s importantes (internos y externos) se aprecia que la ca\u00edda m\u00e1s grande fue en renta (-$10,4 billones), seguido por el IVA externo (-$2,9 billones); estos dos comprenden cada uno m\u00e1s del 50% de lo desplomes en sus categor\u00edas, situaci\u00f3n que demuestra el efecto de la desaceleraci\u00f3n.<\/p><p>Jorge Restrepo, profesor de la Universidad Javeriana, indic\u00f3 que\u00a0esta ca\u00edda se explica por el impuesto sobre la renta, sobre las utilidades, casi en su totalidad, aunque destaca que es compensado por aumentos modestos en otros tributos, como el IVA interno, que van al ritmo de la inflaci\u00f3n de precios al consumidor.<\/p><p>\u201cEn mayo venc\u00edan las declaraciones de renta, muchas empresas las presentan y pagan anticipadamente, en abril. Tal vez las condiciones de liquidez llevaron a muchas empresas a no pagar con la declaraci\u00f3n a diferencia del a\u00f1o pasado, pero a\u00fan as\u00ed la ca\u00edda es tan grande, de m\u00e1s de diez billones de pesos\u201d, sostuvo.<\/p><p>Respecto a lo que podr\u00eda estar pasando, para Restrepo hay que decir que \u201cla \u00fanica raz\u00f3n es un muy menor nivel de actividad econ\u00f3mica, que reduce el recaudo por retenci\u00f3n en la fuente. Es probable que esta ca\u00edda est\u00e9 reflejando una muy fuerte reducci\u00f3n\u00a0de la actividad econ\u00f3mica\u201d y destaca que \u201cla ca\u00edda de las importaciones\u00a0tambi\u00e9n est\u00e1 afectando el recaudo de impuestos aduaneros\u201d.<\/p><p>En resumidas cuentas, el balance de la Dian dej\u00f3 claro que el IVA viene mejorando, mientras que lo concerniente a aranceles y renta de las empresas no est\u00e1 pasando por un buen momento. Teniendo esto presente, la expectativa ahora se centra en la din\u00e1mica de la declaraci\u00f3n y pago del impuesto de renta de personas naturales, durante el segundo semestre de este a\u00f1o.<\/p><div id=\"p605761-m2036-24-2037\" class=\"highlighted\"><div id=\"m2041-2040-2042\" class=\"tiemposBold3\"><strong>Cuidar las cuentas fiscales<\/strong><\/div><\/div><p id=\"p605761-m2048-25-2049\" class=\"parrafo\">M\u00e1s all\u00e1 de la ca\u00edda en el recaudo tributario que en este momento\u00a0se genera por cuenta de las desaceleraci\u00f3n econ\u00f3mica, el balance de abril prende alertas sobre el estado de caja del Gobierno y la necesidad de ajustar el gasto, ya que est\u00e1 ingresando menos dinero de lo esperado, ya sea por impuestos o por conceptos que se pusieron en el Plan Financiero y al final no se cumplieron.<\/p><p>Munir Jalil, economista jefe para pa\u00edses andinos en BTG Pactual, dijo que el comportamiento del recaudo tributario en lo que va del a\u00f1o se ha convertido en la \u201cpiedra en el zapato\u201d para el Gobierno Nacional.<br \/>\u201cEn particular, el bajo recaudo del impuesto de renta, atado en buena medida al d\u00e9bil crecimiento econ\u00f3mico, es algo que no se ten\u00eda incorporado en los supuestos con los cuales se construy\u00f3 el presupuesto general de la naci\u00f3n para este a\u00f1o\u201d.<\/p><p>Jalil agreg\u00f3 que \u201cas\u00ed las cosas, el ajuste que el gobierno tendr\u00e1 que anunciar antes del 15 de junio, cuando por ley tiene que enviar el Marco Fiscal de Mediano Plazo al Congreso, deber\u00e1 ser en una magnitud\u00a0significativa no solamente en ingresos, sino mucho m\u00e1s importante en gastos\u201d.<\/p><p id=\"p605761-m2124-31-2125\" class=\"parrafo\">Por \u00faltimo, Gregorio Gandini, analista de mercados, dijo en este sentido que el dato a tener en cuenta como referente es la meta de 5,35% del PIB en d\u00e9ficit fiscal, ya que las cuentas se est\u00e1n apretando y hay que usar la plata de manera inteligente.<\/p><p id=\"p605761-m2130-32-2131\" class=\"parrafo\">\u00abEl punto es que se requerir\u00e1 mayor endeudamiento, lo que implica\u00a0mayor presi\u00f3n para cumplir con las metas de gasto del presente gobierno, que adem\u00e1s est\u00e1 aumentando su gasto con un nuevo ministerios y consulados y embajadas entre otros cargos\u201d, indic\u00f3.<\/p><p>Para estos analistas, ahora la atenci\u00f3n deber\u00e1 centrarse en las gestiones que realice el nuevo director de la Dian, Jairo Villabona, quien llegar\u00e1 a reemplazar a Luis Carlos Reyes que se va para el Ministerio del Comercio. En este sentido, la prioridad es apretarse el cintur\u00f3n y no esperar que llegue m\u00e1s plata.<\/p><p><strong>Fuente: <a href=\"https:\/\/www.portafolio.co\/\" target=\"_blank\" rel=\"noopener\">Portafolio<\/a><\/strong><\/p>\t\t\t\t\t\t\t\t<\/div>\n\t\t\t\t\t<\/div>\n\t\t\t\t<\/div>\n\t\t\t\t<\/div>","protected":false},"excerpt":{"rendered":"<p>El dato de la Dian dice que se han recogido $85 billones hasta el momento; 10,2% menos que en 2023. Como un suceso que se ven\u00eda advirtiendo desde hace meses y que se espera que se complique en los pr\u00f3ximos d\u00edas, el recaudo tributario en Colombia lo est\u00e1 pasando muy mal y con corte al [&hellip;]<\/p>","protected":false},"author":4,"featured_media":32433,"comment_status":"open","ping_status":"open","sticky":false,"template":"","format":"standard","meta":{"_joinchat":[],"footnotes":""},"categories":[27,36,29],"tags":[],"class_list":["post-32432","post","type-post","status-publish","format-standard","has-post-thumbnail","hentry","category-noticias-acl","category-contabilidad","category-tributario"],"_links":{"self":[{"href":"https:\/\/aclco.co\/en\/wp-json\/wp\/v2\/posts\/32432","targetHints":{"allow":["GET"]}}],"collection":[{"href":"https:\/\/aclco.co\/en\/wp-json\/wp\/v2\/posts"}],"about":[{"href":"https:\/\/aclco.co\/en\/wp-json\/wp\/v2\/types\/post"}],"author":[{"embeddable":true,"href":"https:\/\/aclco.co\/en\/wp-json\/wp\/v2\/users\/4"}],"replies":[{"embeddable":true,"href":"https:\/\/aclco.co\/en\/wp-json\/wp\/v2\/comments?post=32432"}],"version-history":[{"count":7,"href":"https:\/\/aclco.co\/en\/wp-json\/wp\/v2\/posts\/32432\/revisions"}],"predecessor-version":[{"id":32441,"href":"https:\/\/aclco.co\/en\/wp-json\/wp\/v2\/posts\/32432\/revisions\/32441"}],"wp:featuredmedia":[{"embeddable":true,"href":"https:\/\/aclco.co\/en\/wp-json\/wp\/v2\/media\/32433"}],"wp:attachment":[{"href":"https:\/\/aclco.co\/en\/wp-json\/wp\/v2\/media?parent=32432"}],"wp:term":[{"taxonomy":"category","embeddable":true,"href":"https:\/\/aclco.co\/en\/wp-json\/wp\/v2\/categories?post=32432"},{"taxonomy":"post_tag","embeddable":true,"href":"https:\/\/aclco.co\/en\/wp-json\/wp\/v2\/tags?post=32432"}],"curies":[{"name":"wp","href":"https:\/\/api.w.org\/{rel}","templated":true}]}}