{"id":32442,"date":"2024-06-03T15:30:53","date_gmt":"2024-06-03T20:30:53","guid":{"rendered":"https:\/\/darkgoldenrod-ibex-179495.hostingersite.com\/?p=32442"},"modified":"2024-06-03T15:39:56","modified_gmt":"2024-06-03T20:39:56","slug":"los-tres-cambios-que-se-implementaran-en-el-formulario-de","status":"publish","type":"post","link":"https:\/\/aclco.co\/en\/los-tres-cambios-que-se-implementaran-en-el-formulario-de\/","title":{"rendered":"Los tres cambios que se implementar\u00e1n en el formulario de la declaraci\u00f3n de renta"},"content":{"rendered":"<div data-elementor-type=\"wp-post\" data-elementor-id=\"32442\" class=\"elementor elementor-32442\" data-elementor-post-type=\"post\">\n\t\t\t\t<div class=\"elementor-element elementor-element-4fb1ef3 e-flex e-con-boxed e-con e-parent\" data-id=\"4fb1ef3\" data-element_type=\"container\" data-e-type=\"container\">\n\t\t\t\t\t<div class=\"e-con-inner\">\n\t\t\t\t<div class=\"elementor-element elementor-element-e2d721e elementor-widget elementor-widget-text-editor\" data-id=\"e2d721e\" data-element_type=\"widget\" data-e-type=\"widget\" data-widget_type=\"text-editor.default\">\n\t\t\t\t\t\t\t\t\t<h5 id=\"p605737-m541-1-542\" class=\"epigraph regular_lead1\"><strong>La Dian revel\u00f3 cu\u00e1les ser\u00e1n las modificaciones que tendr\u00e1 este documento de tr\u00e1mite tributario.<\/strong><\/h5><p>La\u00a0<a href=\"https:\/\/darkgoldenrod-ibex-179495.hostingersite.com\/dian-anuncia-cambios-en-el-calendario-para-un-tramite\/\" target=\"_blank\" rel=\"noopener\">Direcci\u00f3n de Impuestos y Aduanas Nacional (Dian)<\/a>\u00a0anunci\u00f3 que a partir del jueves 1 de agosto del 2024 se implementar\u00e1n tres cambios en el\u00a0formulario 350\u00a0para las declaraciones de renta.<\/p><p>La entidad aclar\u00f3 que ese cambio acoger\u00e1 a\u00a0m\u00e1s de 1,8 millones de contribuyentes, quienes son agentes de retenci\u00f3n por el impuesto sobre la renta y complementarios, sobre las ventas, timbre nacional y los autorretenedores a t\u00edtulo de este gravamen.<\/p><p>Los contribuyentes podr\u00e1n acceder a este nuevo formulario mediante el sitio transaccional de la Dian, con el servicio de firma electr\u00f3nica. Entre los cambios que se hicieron a este formato, est\u00e1n:<\/p><ul><li><b>Retenci\u00f3n a persona jur\u00eddica o natural:<\/b>\u00a0ahora se deber\u00e1 separar o discriminar las retenciones que se le efect\u00faa a la persona jur\u00eddica o natural.<\/li><li><b>Compras y ventas:\u00a0<\/b>para las retenciones por compras de hidrocarburos, carb\u00f3n y dem\u00e1s productos mineros se desagregaron en unas casillas especiales, as\u00ed como para las autorretenciones por iguales conceptos.<\/li><li><b>Presencia Econ\u00f3mica Significativa (PES) &#8211; Pagos al exterior:\u00a0<\/b>se actualizaron los conceptos bajo la luz de los convenios para evitar la doble imposici\u00f3n ratificados por Colombia. Igualmente, se adiciona la figura de retenci\u00f3n por pago al exterior a contribuyentes del impuesto sobre la renta con presencia econ\u00f3mica significativa en Colombia.<\/li><\/ul><p><strong>Fuente: <a href=\"https:\/\/www.portafolio.co\/\" target=\"_blank\" rel=\"noopener\">Portafolio<\/a><\/strong><\/p>\t\t\t\t\t\t\t\t<\/div>\n\t\t\t\t\t<\/div>\n\t\t\t\t<\/div>\n\t\t\t\t<\/div>","protected":false},"excerpt":{"rendered":"<p>La Dian revel\u00f3 cu\u00e1les ser\u00e1n las modificaciones que tendr\u00e1 este documento de tr\u00e1mite tributario. La\u00a0Direcci\u00f3n de Impuestos y Aduanas Nacional (Dian)\u00a0anunci\u00f3 que a partir del jueves 1 de agosto del 2024 se implementar\u00e1n tres cambios en el\u00a0formulario 350\u00a0para las declaraciones de renta. La entidad aclar\u00f3 que ese cambio acoger\u00e1 a\u00a0m\u00e1s de 1,8 millones de contribuyentes, [&hellip;]<\/p>","protected":false},"author":4,"featured_media":32443,"comment_status":"open","ping_status":"open","sticky":false,"template":"","format":"standard","meta":{"_joinchat":[],"footnotes":""},"categories":[27,36,29],"tags":[],"class_list":["post-32442","post","type-post","status-publish","format-standard","has-post-thumbnail","hentry","category-noticias-acl","category-contabilidad","category-tributario"],"_links":{"self":[{"href":"https:\/\/aclco.co\/en\/wp-json\/wp\/v2\/posts\/32442","targetHints":{"allow":["GET"]}}],"collection":[{"href":"https:\/\/aclco.co\/en\/wp-json\/wp\/v2\/posts"}],"about":[{"href":"https:\/\/aclco.co\/en\/wp-json\/wp\/v2\/types\/post"}],"author":[{"embeddable":true,"href":"https:\/\/aclco.co\/en\/wp-json\/wp\/v2\/users\/4"}],"replies":[{"embeddable":true,"href":"https:\/\/aclco.co\/en\/wp-json\/wp\/v2\/comments?post=32442"}],"version-history":[{"count":4,"href":"https:\/\/aclco.co\/en\/wp-json\/wp\/v2\/posts\/32442\/revisions"}],"predecessor-version":[{"id":32447,"href":"https:\/\/aclco.co\/en\/wp-json\/wp\/v2\/posts\/32442\/revisions\/32447"}],"wp:featuredmedia":[{"embeddable":true,"href":"https:\/\/aclco.co\/en\/wp-json\/wp\/v2\/media\/32443"}],"wp:attachment":[{"href":"https:\/\/aclco.co\/en\/wp-json\/wp\/v2\/media?parent=32442"}],"wp:term":[{"taxonomy":"category","embeddable":true,"href":"https:\/\/aclco.co\/en\/wp-json\/wp\/v2\/categories?post=32442"},{"taxonomy":"post_tag","embeddable":true,"href":"https:\/\/aclco.co\/en\/wp-json\/wp\/v2\/tags?post=32442"}],"curies":[{"name":"wp","href":"https:\/\/api.w.org\/{rel}","templated":true}]}}