{"id":32448,"date":"2024-06-04T11:59:29","date_gmt":"2024-06-04T16:59:29","guid":{"rendered":"https:\/\/darkgoldenrod-ibex-179495.hostingersite.com\/?p=32448"},"modified":"2024-06-04T12:11:25","modified_gmt":"2024-06-04T17:11:25","slug":"se-acaba-el-tiempo-para-que-empresas-servicios-publicos","status":"publish","type":"post","link":"https:\/\/aclco.co\/en\/se-acaba-el-tiempo-para-que-empresas-servicios-publicos\/","title":{"rendered":"Se acaba el tiempo para que empresas de servicios p\u00fablicos emitan factura electr\u00f3nica"},"content":{"rendered":"<div data-elementor-type=\"wp-post\" data-elementor-id=\"32448\" class=\"elementor elementor-32448\" data-elementor-post-type=\"post\">\n\t\t\t\t<div class=\"elementor-element elementor-element-4fb1ef3 e-flex e-con-boxed e-con e-parent\" data-id=\"4fb1ef3\" data-element_type=\"container\" data-e-type=\"container\">\n\t\t\t\t\t<div class=\"e-con-inner\">\n\t\t\t\t<div class=\"elementor-element elementor-element-e2d721e elementor-widget elementor-widget-text-editor\" data-id=\"e2d721e\" data-element_type=\"widget\" data-e-type=\"widget\" data-widget_type=\"text-editor.default\">\n\t\t\t\t\t\t\t\t\t<h5 id=\"p605696-m799-1-800\" class=\"epigraph regular_lead1\"><strong>Diversos desaf\u00edos en esta materia siguen generando alerta frente a su implementaci\u00f3n.<\/strong><\/h5><p>Desde el a\u00f1o 2016, el Gobierno Nacional, por medio de la <a href=\"https:\/\/darkgoldenrod-ibex-179495.hostingersite.com\/es-necesario-actualizar-el-rut-cada-ano-esto-dice-la-dian\/\" target=\"_blank\" rel=\"noopener\">Direcci\u00f3n de Impuestos y Aduanas Nacionales (Dian)<\/a> viene adelantando una de sus cruzadas m\u00e1s importantes para tecnificar los mecanismos con los que cuenta a la hora de hacer seguimiento al consumo y bienes de los colombianos, con el fin de que paguen los impuestos\u00a0que obliga la ley para cada caso y de esta forma ganarle la batalla a la evasi\u00f3n.<\/p><p>En este proceso, uno de sus estandartes ha sido la emisi\u00f3n\u00a0de la factura electr\u00f3nica de ventas o documentos equivalentes, que le permite a las compa\u00f1\u00edas registrar de manera detallada las operaciones comerciales realizadas, incluyendo los bienes o servicios prestados, los montos facturados, los impuestos aplicables y dem\u00e1s informaci\u00f3n relevante para el cumplimiento tributario y contable.<\/p><p>Todo esto tambi\u00e9n con el fin de generar beneficios como la deducci\u00f3n de impuestos, tener informaci\u00f3n el l\u00ednea para la toma de decisiones, procesos limpios de tesorer\u00eda y control financiero de sus actividades y por esta v\u00eda apoyar la formalizaci\u00f3n de la econom\u00eda, promoviendo pr\u00e1cticas comerciales transparentes y \u00e9ticas.<\/p><div id=\"p605696-m867-7-868\" class=\"highlighted\"><h5 id=\"m872-871-873\" class=\"tiemposBold3\"><strong>Retos en el camino<\/strong><\/h5><\/div><p id=\"p605696-m879-8-880\" class=\"parrafo\">Si bien las cosas avanzan de la mejor manera y ya se tiene un calendario establecido, con fechas claras para cada sector de la econom\u00eda, comenzando por los grandes contribuyentes y los declarantes de renta que no tengan las mismas caracter\u00edsticas de los primeros, mientras se alistan los pilotos para los dem\u00e1s, un reciente informe advierte\u00a0que hay uno donde no se ven grandes avances: las empresas de servicios p\u00fablicos.<\/p><p>En di\u00e1logo con Portafolio, \u00d3scar Mauricio Moreno, cofundador de F&amp;M Technology \u2013 E-BillE, record\u00f3 que durante este mes que ya casi acaba, al menos debieron haber empezado los pilotos o planes de prueba por parte de estas compa\u00f1\u00edas, de cara a la emisi\u00f3n de la factura electr\u00f3nica.<\/p><p>\u201cEn mayo se ha cumplido un hito importante por parte de la Dian\u00a0con la publicaci\u00f3n de la Resoluci\u00f3n 008 de 2024 que estipula, al sector de Servicios P\u00fablicos en Colombia, la obligatoriedad para la generaci\u00f3n y transmisi\u00f3n electr\u00f3nica del documento equivalente, con fecha m\u00e1xima del primero de agosto para su implementaci\u00f3n\u201d, dijo este experto.<\/p><p>Frente a los cambios que acarrear\u00e1 esta norma, Moreno indic\u00f3 que un an\u00e1lisis simple es que \u201clas compa\u00f1\u00edas que prestan los servicios de acueducto, energ\u00eda el\u00e9ctrica, gas domiciliarios y operadores de servicios de celular, deber\u00e1n generar los cobros por estos servicios mediante la emisi\u00f3n de la facturas electr\u00f3nica, que a su vez har\u00e1 llegar a sus clientes a trav\u00e9s de medios electr\u00f3nicos\u201d.<\/p><p>En este punto vale la pena recordar que el calendario dice que la entrada en vigencia formal de este cambio tributario es el pr\u00f3ximo 1 de agosto, con lo cual les quedan poco m\u00e1s de dos meses para estar listos. No obstante, desde hace cuatro semanas\u00a0debieron empezar con las pruebas que garanticen el cumplimiento de la fecha estipulada.<\/p><p>\u201cPara dar cumplimiento a este requisito, el sector de servicios p\u00fablicos tiene un tiempo de habilitaci\u00f3n y estabilizaci\u00f3n de sus sistemas, en el que puede realizar pruebas piloto, desarrollos propios, o contrataci\u00f3n de servicios con el fin de asegurar el correcto funcionamiento de sus sistemas y garantizar la transmisi\u00f3n de dichos documentos de acuerdo con los lineamientos establecidos por la Dian\u201d, indic\u00f3.<\/p><div id=\"p605696-m1011-20-1012\" class=\"highlighted\"><h5 id=\"m1016-1015-1017\" class=\"tiemposBold3\"><strong>Acceso a la informaci\u00f3n<\/strong><\/h5><\/div><p id=\"p605696-m1023-21-1024\" class=\"parrafo\">Uno de los primeros puntos a tener en cuenta en esta conversaci\u00f3n y que para Mauricio Moreno requiere incluso un acompa\u00f1amiento de entidades diferentes de la Dian, como la Superservicios, para garantizar que las cosas salgan bien; es las caracter\u00edsticas de la poblaci\u00f3n colombiana y su acceso a la informaci\u00f3n.<\/p><p>\u201cPor tratarse de servicios de consumo masivo,\u00a0para las empresas del sector obligadas a emitir estos documentos, ser\u00e1 un desaf\u00edo considerar que no toda la poblaci\u00f3n tiene acceso a medios electr\u00f3nicos, lo que les implica desarrollar opciones que faciliten el acceso al 100% de los usuarios de esta nueva forma de recibir los documentos de cobro, contribuyendo, a su vez, con la transformaci\u00f3n digital y formalizaci\u00f3n de la econom\u00eda\u201d, resalt\u00f3.<\/p><p>Si bien hasta hace unos a\u00f1os, las empresas de servicios p\u00fablicos ya pod\u00edan generar la factura electr\u00f3nica de forma voluntaria, cumpliendo los requisitos que establece la ley, desde el pr\u00f3ximo 1 de agosto ser\u00e1 una obligaci\u00f3n que tambi\u00e9n generar\u00e1 seguimiento fiscal sobre los ciudadanos.<\/p><p>Esta obligaci\u00f3n de expedir facturas de venta o documentos equivalentes en el contexto de la normativa ya mencionada, establece que se deben incluir datos como la descripci\u00f3n espec\u00edfica o gen\u00e9rica de bienes y servicios, los descuentos aplicados,\u00a0financiaci\u00f3n, subsidios y otros cargos e ingresos asociados.<\/p><div id=\"p605696-m1111-29-1112\" class=\"highlighted\"><h5 id=\"m1116-1115-1117\" class=\"tiemposBold3\"><strong>Beneficios que cuidar<\/strong><\/h5><\/div><p id=\"p605696-m1123-30-1124\" class=\"parrafo\">Adem\u00e1s de cumplir con las obligaciones legales, Mauricio Moreno record\u00f3 que las empresas de servicios p\u00fablicos que emitan facturas de venta pueden beneficiarse de ventajas como la deducci\u00f3n de impuestos, la generaci\u00f3n de historial crediticio favorable, entre otros aspectos.<\/p><p>\u00abQue cumplan tambi\u00e9n es una obligaci\u00f3n en el entendido de que con esto, quienes lo hagan, fortalecen su posici\u00f3n en el mercado y tambi\u00e9n son una herramienta indispensable para la transparencia y el control financiero al interior de sus empresas\u201d, indic\u00f3.<\/p><p>Para este experto, considerando la importancia de los servicios p\u00fablicos domiciliarios, el reto a nivel nacional para estas empresas debe enfocarse en prever y contemplar en sus cronogramas de trabajo, los desaf\u00edos mencionados anteriormente y contar con la tecnolog\u00eda robusta que permita la generaci\u00f3n oportuna a sus clientes de estos documentos.<\/p><p id=\"p605696-m1199-36-1200\" class=\"parrafo\">Con la publicaci\u00f3n de la Resoluci\u00f3n 008 emitida en 31 de enero de 2024 mediante la cual se modifica el \u201cArt\u00edculo 23. Calendario de implementaci\u00f3n para la generaci\u00f3n y transmisi\u00f3n de forma electr\u00f3nica del documento equivalente electr\u00f3nico y de las notas de ajuste y se establece como fecha m\u00e1xima el primero (1) de\u00a0mayo de 2024 para adoptar la versi\u00f3n 1.9 del anexo t\u00e9cnico de factura electr\u00f3nica.<\/p><p>Seg\u00fan la normativa vigente, la obligaci\u00f3n de facturar electr\u00f3nicamente incluye a personas jur\u00eddicas, responsables del IVA y del Impuesto Nacional al Consumo, y personas naturales con ingresos brutos superiores a 3,500 UVT o que cumplan con los requisitos del art\u00edculo 437 del Estatuto Tributario. Tambi\u00e9n se aplica a contribuyentes del R\u00e9gimen simple, comerciantes, importadores, tip\u00f3grafos y lit\u00f3grafos.<\/p><p>Adicionalmente, la normativa obliga a emitir\u00a0factura de venta o documento equivalente por cada operaci\u00f3n a personas o entidades que sean comerciantes, ejerzan profesiones liberales, presten servicios relacionados o vendan bienes agr\u00edcolas o ganaderos. Esta obligaci\u00f3n es independiente de su condici\u00f3n como contribuyentes de los impuestos administrados por la Dian.<\/p><p><strong>Fuente: <a href=\"https:\/\/www.portafolio.co\/\" target=\"_blank\" rel=\"noopener\">Portafolio<\/a><\/strong><\/p>\t\t\t\t\t\t\t\t<\/div>\n\t\t\t\t\t<\/div>\n\t\t\t\t<\/div>\n\t\t\t\t<\/div>","protected":false},"excerpt":{"rendered":"<p>Diversos desaf\u00edos en esta materia siguen generando alerta frente a su implementaci\u00f3n. Desde el a\u00f1o 2016, el Gobierno Nacional, por medio de la Direcci\u00f3n de Impuestos y Aduanas Nacionales (Dian) viene adelantando una de sus cruzadas m\u00e1s importantes para tecnificar los mecanismos con los que cuenta a la hora de hacer seguimiento al consumo y [&hellip;]<\/p>","protected":false},"author":4,"featured_media":32449,"comment_status":"open","ping_status":"open","sticky":false,"template":"","format":"standard","meta":{"_joinchat":[],"footnotes":""},"categories":[27,36,29],"tags":[],"class_list":["post-32448","post","type-post","status-publish","format-standard","has-post-thumbnail","hentry","category-noticias-acl","category-contabilidad","category-tributario"],"_links":{"self":[{"href":"https:\/\/aclco.co\/en\/wp-json\/wp\/v2\/posts\/32448","targetHints":{"allow":["GET"]}}],"collection":[{"href":"https:\/\/aclco.co\/en\/wp-json\/wp\/v2\/posts"}],"about":[{"href":"https:\/\/aclco.co\/en\/wp-json\/wp\/v2\/types\/post"}],"author":[{"embeddable":true,"href":"https:\/\/aclco.co\/en\/wp-json\/wp\/v2\/users\/4"}],"replies":[{"embeddable":true,"href":"https:\/\/aclco.co\/en\/wp-json\/wp\/v2\/comments?post=32448"}],"version-history":[{"count":4,"href":"https:\/\/aclco.co\/en\/wp-json\/wp\/v2\/posts\/32448\/revisions"}],"predecessor-version":[{"id":32453,"href":"https:\/\/aclco.co\/en\/wp-json\/wp\/v2\/posts\/32448\/revisions\/32453"}],"wp:featuredmedia":[{"embeddable":true,"href":"https:\/\/aclco.co\/en\/wp-json\/wp\/v2\/media\/32449"}],"wp:attachment":[{"href":"https:\/\/aclco.co\/en\/wp-json\/wp\/v2\/media?parent=32448"}],"wp:term":[{"taxonomy":"category","embeddable":true,"href":"https:\/\/aclco.co\/en\/wp-json\/wp\/v2\/categories?post=32448"},{"taxonomy":"post_tag","embeddable":true,"href":"https:\/\/aclco.co\/en\/wp-json\/wp\/v2\/tags?post=32448"}],"curies":[{"name":"wp","href":"https:\/\/api.w.org\/{rel}","templated":true}]}}