{"id":32463,"date":"2024-06-06T15:55:16","date_gmt":"2024-06-06T20:55:16","guid":{"rendered":"https:\/\/darkgoldenrod-ibex-179495.hostingersite.com\/?p=32463"},"modified":"2024-06-06T16:03:26","modified_gmt":"2024-06-06T21:03:26","slug":"comerciantes-de-bogota-celebran-el-retiro-del-proyecto","status":"publish","type":"post","link":"https:\/\/aclco.co\/en\/comerciantes-de-bogota-celebran-el-retiro-del-proyecto\/","title":{"rendered":"Comerciantes de Bogot\u00e1 celebran el retiro del proyecto de un nuevo impuesto"},"content":{"rendered":"<div data-elementor-type=\"wp-post\" data-elementor-id=\"32463\" class=\"elementor elementor-32463\" data-elementor-post-type=\"post\">\n\t\t\t\t<div class=\"elementor-element elementor-element-4fb1ef3 e-flex e-con-boxed e-con e-parent\" data-id=\"4fb1ef3\" data-element_type=\"container\" data-e-type=\"container\">\n\t\t\t\t\t<div class=\"e-con-inner\">\n\t\t\t\t<div class=\"elementor-element elementor-element-e2d721e elementor-widget elementor-widget-text-editor\" data-id=\"e2d721e\" data-element_type=\"widget\" data-e-type=\"widget\" data-widget_type=\"text-editor.default\">\n\t\t\t\t\t\t\t\t\t<h5 id=\"p605789-m2040-1-2041\" class=\"epigraph regular_lead1\">El sector productivo de la ciudad destac\u00f3 la postura del alcalde Gal\u00e1n como \u00abun gran ejemplo de concertaci\u00f3n\u00bb.<\/h5><p>El alcalde de Bogot\u00e1, Carlos Fernando Gal\u00e1n, decidi\u00f3 retirar del proyecto del Plan de Desarrollo el art\u00edculo que propon\u00eda un <a href=\"https:\/\/darkgoldenrod-ibex-179495.hostingersite.com\/airbnb-ha-pagado-mas-de-21-millones-de-dolares-en\/\" target=\"_blank\" rel=\"noopener\">impuesto<\/a> de 8 % al comercio, destinado al alumbrado p\u00fablico,\u00a0uno de los puntos m\u00e1s pol\u00e9micos y \u00e1lgidos durante los debate de la iniciativa en el Concejo de la capital.\u00a0<\/p><p id=\"p605789-m2064-3-2065\" class=\"parrafo\">Ante esta decisi\u00f3n,\u00a0la Asociaci\u00f3n Nacional de Empresarios de Colombia (Andi) destac\u00f3 la importancia para el sector comercial de retirar esta propuesta.<\/p><p id=\"p605789-m2070-4-2071\" class=\"parrafo\">\u201cEstamos convencidos que trabajando, entre todos, podemos apoyar las buenas decisiones en beneficio general. Una muy buena parte del comercio y de la peque\u00f1a empresa est\u00e1 en medio de una situaci\u00f3n de estancamiento y reducci\u00f3n de la ca\u00edda de la demanda. Es muy importante generales condiciones que le permitan recuperarse. Con m\u00e1s raz\u00f3n, por la cual el impuesto hubiera sido una carga dif\u00edcil de poder soportar. Seguiremos trabajando para buscar formas de impulsar acciones para la competitividad de la ciudad, con el \u00e1nimo de qu\u00e9 toda la comunidad se beneficie en t\u00e9rminos de actividad econ\u00f3mica, pero tambi\u00e9n en t\u00e9rminos de seguridad e infraestructura\u201d, coment\u00f3 Bruce Mac Master, presidente de la Andi.<\/p><p>Desde la radicaci\u00f3n del proyecto, el gremio de empresarios mantuvo interlocuci\u00f3n activa y propositiva con las autoridades distritales y puso de presente los efectos que tendr\u00eda esta propuesta sobre la industria, el comercio y, particularmente, sobre el sector gastron\u00f3mico.<\/p><p>Fenalco, gremio que re\u00fane a los comerciantes, tambi\u00e9n celebr\u00f3 la decisi\u00f3n y felicit\u00f3 al alcalde Gal\u00e1n por haber escuchado las sugerencias que se hicieron desde el sector productivo.\u00a0<\/p><p><strong>Fuente: <a href=\"https:\/\/www.portafolio.co\/\" target=\"_blank\" rel=\"noopener\">Portafolio<\/a><\/strong><\/p>\t\t\t\t\t\t\t\t<\/div>\n\t\t\t\t\t<\/div>\n\t\t\t\t<\/div>\n\t\t\t\t<\/div>","protected":false},"excerpt":{"rendered":"<p>El sector productivo de la ciudad destac\u00f3 la postura del alcalde Gal\u00e1n como \u00abun gran ejemplo de concertaci\u00f3n\u00bb. El alcalde de Bogot\u00e1, Carlos Fernando Gal\u00e1n, decidi\u00f3 retirar del proyecto del Plan de Desarrollo el art\u00edculo que propon\u00eda un impuesto de 8 % al comercio, destinado al alumbrado p\u00fablico,\u00a0uno de los puntos m\u00e1s pol\u00e9micos y \u00e1lgidos [&hellip;]<\/p>","protected":false},"author":4,"featured_media":32464,"comment_status":"open","ping_status":"open","sticky":false,"template":"","format":"standard","meta":{"_joinchat":[],"footnotes":""},"categories":[27,36,29],"tags":[],"class_list":["post-32463","post","type-post","status-publish","format-standard","has-post-thumbnail","hentry","category-noticias-acl","category-contabilidad","category-tributario"],"_links":{"self":[{"href":"https:\/\/aclco.co\/en\/wp-json\/wp\/v2\/posts\/32463","targetHints":{"allow":["GET"]}}],"collection":[{"href":"https:\/\/aclco.co\/en\/wp-json\/wp\/v2\/posts"}],"about":[{"href":"https:\/\/aclco.co\/en\/wp-json\/wp\/v2\/types\/post"}],"author":[{"embeddable":true,"href":"https:\/\/aclco.co\/en\/wp-json\/wp\/v2\/users\/4"}],"replies":[{"embeddable":true,"href":"https:\/\/aclco.co\/en\/wp-json\/wp\/v2\/comments?post=32463"}],"version-history":[{"count":4,"href":"https:\/\/aclco.co\/en\/wp-json\/wp\/v2\/posts\/32463\/revisions"}],"predecessor-version":[{"id":32468,"href":"https:\/\/aclco.co\/en\/wp-json\/wp\/v2\/posts\/32463\/revisions\/32468"}],"wp:featuredmedia":[{"embeddable":true,"href":"https:\/\/aclco.co\/en\/wp-json\/wp\/v2\/media\/32464"}],"wp:attachment":[{"href":"https:\/\/aclco.co\/en\/wp-json\/wp\/v2\/media?parent=32463"}],"wp:term":[{"taxonomy":"category","embeddable":true,"href":"https:\/\/aclco.co\/en\/wp-json\/wp\/v2\/categories?post=32463"},{"taxonomy":"post_tag","embeddable":true,"href":"https:\/\/aclco.co\/en\/wp-json\/wp\/v2\/tags?post=32463"}],"curies":[{"name":"wp","href":"https:\/\/api.w.org\/{rel}","templated":true}]}}