{"id":32470,"date":"2024-06-07T10:39:57","date_gmt":"2024-06-07T15:39:57","guid":{"rendered":"https:\/\/darkgoldenrod-ibex-179495.hostingersite.com\/?p=32470"},"modified":"2024-06-07T11:59:17","modified_gmt":"2024-06-07T16:59:17","slug":"minhacienda-anuncia-recorte-de-20-billones-del","status":"publish","type":"post","link":"https:\/\/aclco.co\/en\/minhacienda-anuncia-recorte-de-20-billones-del\/","title":{"rendered":"Minhacienda anuncia recorte de $20 billones del Presupuesto General"},"content":{"rendered":"<div data-elementor-type=\"wp-post\" data-elementor-id=\"32470\" class=\"elementor elementor-32470\" data-elementor-post-type=\"post\">\n\t\t\t\t<div class=\"elementor-element elementor-element-4fb1ef3 e-flex e-con-boxed e-con e-parent\" data-id=\"4fb1ef3\" data-element_type=\"container\" data-e-type=\"container\">\n\t\t\t\t\t<div class=\"e-con-inner\">\n\t\t\t\t<div class=\"elementor-element elementor-element-e2d721e elementor-widget elementor-widget-text-editor\" data-id=\"e2d721e\" data-element_type=\"widget\" data-e-type=\"widget\" data-widget_type=\"text-editor.default\">\n\t\t\t\t\t\t\t\t\t<h5 id=\"p606280-m918-1-919\" class=\"epigraph regular_lead1\">El ministro Ricardo Bonilla explic\u00f3 c\u00f3mo se implementar\u00e1 esta medida y las razones que tiene el Gobierno para tomarla.<\/h5><p>Un d\u00eda despu\u00e9s de que el <a href=\"https:\/\/darkgoldenrod-ibex-179495.hostingersite.com\/minhacienda-plantea-techo-de-200-en-reajustes-del\/\" target=\"_blank\" rel=\"noopener\">Ministerio de Hacienda<\/a> anunciara que bloquear\u00e1 parcialmente algunas apropiaciones de gasto asignado a todas las entidades p\u00fablicas que se financian con dinero del Presupuesto General de la Naci\u00f3n,\u00a0<b>el ministro Ricardo Bonilla explic\u00f3 de cu\u00e1nto ser\u00e1 el recorte y anunci\u00f3 otras medidas adicionales para enfrentar el desplome del recaudo de impuestos en el pa\u00eds<\/b>.<\/p><p>En una entrevista con<i>\u00a0Blu Radio,<\/i>\u00a0el jefe de la cartera de Hacienda revel\u00f3 que el recorte ser\u00e1 de 20 billones de pesos, medida que se adoptar\u00e1 en espera de que las condiciones del recaudo mejoren para el segundo semestre de 2024.<\/p><div id=\"p606280-m980-6-981\" class=\"highlighted\"><div id=\"m985-984-986\" class=\"tiemposBold3\">Alza del di\u00e9sel<\/div><\/div><p id=\"p606280-m992-7-993\" class=\"parrafo\">Por su parte entre otras acciones adicionales adoptadas para hacerle frente a la contingencia financiera, adem\u00e1s del bloqueo del gasto, el ministro Bonilla tambi\u00e9n inform\u00f3 sobre el aumento en el precio del di\u00e9sel para grandes consumidores.<\/p><p id=\"p606280-m998-8-999\" class=\"parrafo\">En la entrevista con el medio radial, explic\u00f3 que el\u00a0<b>d\u00e9ficit en el Fondo de Estabilizaci\u00f3n de Precios de los Combustibles<\/b>\u00a0ha sido causante de una carga que afecta gravemente las finanzas del Estado.<\/p><p id=\"p606280-m1004-9-1005\" class=\"parrafo\">Seg\u00fan las cuentas del Minhacienda,\u00a0<b>en el 2022 se pagaron 26 billones de pesos a Ecopetrol por este concepto.<\/b><\/p><p id=\"p606280-m1016-11-1017\" class=\"parrafo\">Bonilla inform\u00f3 que este ajuste se realizar\u00e1 mediante un decreto que actualizar\u00e1 los precios en l\u00ednea con las tarifas internacionales y que no afectar\u00e1 a los transportes masivos, ni a las regiones no interconectadas que dependen en gran medida del di\u00e9sel.<\/p><p id=\"p606280-m1022-12-1023\" class=\"parrafo\"><i>\u201cTodos los que consumen en Colombia m\u00e1s de 20.000 galones de di\u00e9sel van a entrar a tener precio actualizado\u201d<\/i>, explic\u00f3 Bonilla a Blu Radio.<\/p><div id=\"p606280-m1028-13-1029\" class=\"highlighted\"><div id=\"m1033-1032-1034\" class=\"tiemposBold3\">Medida preventiva<\/div><\/div><p id=\"p606280-m1040-14-1041\" class=\"parrafo\">De acuerdo con el Ministro de Hacienda, la decisi\u00f3n de bloquear las apropiaciones sin certificados de disponibilidad presupuestal (CDP) es una medida preventiva para evitar que se realicen gastos innecesarios en un momento en que las finanzas p\u00fablicas se encuentran bajo presi\u00f3n.<\/p><p>Los bloqueos parciales y temporales tambi\u00e9n se realizan sobre aquellas partidas de apropiaciones que a la fecha no tienen certificados de disponibilidad presupuestal expedidos.<\/p><p>Seg\u00fan Bonilla, la decisi\u00f3n del Ministerio de Hacienda y Cr\u00e9dito P\u00fablico no afecta el normal funcionamiento del Estado ni compromete el cumplimiento de sus obligaciones presupuestales ni contractuales.<\/p><p><strong>Fuente: <a href=\"https:\/\/www.portafolio.co\/\" target=\"_blank\" rel=\"noopener\">Portafolio<\/a><\/strong><\/p>\t\t\t\t\t\t\t\t<\/div>\n\t\t\t\t\t<\/div>\n\t\t\t\t<\/div>\n\t\t\t\t<\/div>","protected":false},"excerpt":{"rendered":"<p>El ministro Ricardo Bonilla explic\u00f3 c\u00f3mo se implementar\u00e1 esta medida y las razones que tiene el Gobierno para tomarla. Un d\u00eda despu\u00e9s de que el Ministerio de Hacienda anunciara que bloquear\u00e1 parcialmente algunas apropiaciones de gasto asignado a todas las entidades p\u00fablicas que se financian con dinero del Presupuesto General de la Naci\u00f3n,\u00a0el ministro Ricardo [&hellip;]<\/p>","protected":false},"author":4,"featured_media":32471,"comment_status":"open","ping_status":"open","sticky":false,"template":"","format":"standard","meta":{"_joinchat":[],"footnotes":""},"categories":[27,36,35],"tags":[],"class_list":["post-32470","post","type-post","status-publish","format-standard","has-post-thumbnail","hentry","category-noticias-acl","category-contabilidad","category-economia-finanzas"],"_links":{"self":[{"href":"https:\/\/aclco.co\/en\/wp-json\/wp\/v2\/posts\/32470","targetHints":{"allow":["GET"]}}],"collection":[{"href":"https:\/\/aclco.co\/en\/wp-json\/wp\/v2\/posts"}],"about":[{"href":"https:\/\/aclco.co\/en\/wp-json\/wp\/v2\/types\/post"}],"author":[{"embeddable":true,"href":"https:\/\/aclco.co\/en\/wp-json\/wp\/v2\/users\/4"}],"replies":[{"embeddable":true,"href":"https:\/\/aclco.co\/en\/wp-json\/wp\/v2\/comments?post=32470"}],"version-history":[{"count":4,"href":"https:\/\/aclco.co\/en\/wp-json\/wp\/v2\/posts\/32470\/revisions"}],"predecessor-version":[{"id":32476,"href":"https:\/\/aclco.co\/en\/wp-json\/wp\/v2\/posts\/32470\/revisions\/32476"}],"wp:featuredmedia":[{"embeddable":true,"href":"https:\/\/aclco.co\/en\/wp-json\/wp\/v2\/media\/32471"}],"wp:attachment":[{"href":"https:\/\/aclco.co\/en\/wp-json\/wp\/v2\/media?parent=32470"}],"wp:term":[{"taxonomy":"category","embeddable":true,"href":"https:\/\/aclco.co\/en\/wp-json\/wp\/v2\/categories?post=32470"},{"taxonomy":"post_tag","embeddable":true,"href":"https:\/\/aclco.co\/en\/wp-json\/wp\/v2\/tags?post=32470"}],"curies":[{"name":"wp","href":"https:\/\/api.w.org\/{rel}","templated":true}]}}