{"id":32659,"date":"2024-07-18T12:22:27","date_gmt":"2024-07-18T17:22:27","guid":{"rendered":"https:\/\/darkgoldenrod-ibex-179495.hostingersite.com\/?p=32659"},"modified":"2024-07-18T12:45:58","modified_gmt":"2024-07-18T17:45:58","slug":"sanciones-por-no-reducir-la-jornada-laboral","status":"publish","type":"post","link":"https:\/\/aclco.co\/en\/sanciones-por-no-reducir-la-jornada-laboral\/","title":{"rendered":"Ministerio del Trabajo: Sanciones por no reducir la jornada laboral"},"content":{"rendered":"<div data-elementor-type=\"wp-post\" data-elementor-id=\"32659\" class=\"elementor elementor-32659\" data-elementor-post-type=\"post\">\n\t\t\t\t<div class=\"elementor-element elementor-element-4fb1ef3 e-flex e-con-boxed e-con e-parent\" data-id=\"4fb1ef3\" data-element_type=\"container\" data-e-type=\"container\">\n\t\t\t\t\t<div class=\"e-con-inner\">\n\t\t\t\t<div class=\"elementor-element elementor-element-e2d721e elementor-widget elementor-widget-text-editor\" data-id=\"e2d721e\" data-element_type=\"widget\" data-e-type=\"widget\" data-widget_type=\"text-editor.default\">\n\t\t\t\t\t\t\t\t\t<h5><strong>Esta es la cantidad de dinero que una empresa tendr\u00eda que pagar por la no implementaci\u00f3n de la reducci\u00f3n de la jornada laboral. El viceministro Edwin Palma hizo un llamado a la negociaci\u00f3n colectiva.<\/strong><\/h5><p>Este 16 de julio comenz\u00f3 a regir en Colombia la segunda fase de la\u00a0reducci\u00f3n de la <a href=\"https:\/\/darkgoldenrod-ibex-179495.hostingersite.com\/la-reduccion-en-la-jornada-laboral-subira-un-417\/\" target=\"_blank\" rel=\"noopener\">jornada laboral<\/a>\u00a0estableciendo un l\u00edmite de 46 horas semanales. Edwin Palma, viceministro de Relaciones Laborales, envi\u00f3 una fuerte advertencia a las empresas que se reh\u00fasan a implementar esta nueva medida.<\/p><p>El viceministro destac\u00f3 que, en general, las empresas han cumplido con la nueva normativa aunque algunas se resisten o intentan eludirla, ante ello reiter\u00f3 que estas entidades ser\u00e1n sometidas a investigaciones y sanciones severas.\u00a0<\/p><p>Palma, a trav\u00e9s de sus redes sociales, explic\u00f3 que Colombia sigue siendo uno de los pa\u00edses con mayor carga laboral y, al mismo tiempo, uno de los m\u00e1s improductivos, por lo cual hizo un llamado a crear un di\u00e1logo social buscando mejorar las condiciones laborales.<\/p><p>\u00abHay empresas que han decidido reducir la jornada de trabajo inmediatamente a 42 horas, sin hacerlo de forma gradual y, esto ha tenido impactos positivos en la productividad de las empresas. Queremos invitar a los trabajadores y a las empresas a que sigan conversando\u00bb, se\u00f1al\u00f3.<\/p><p>Tambi\u00e9n hizo un llamado a que las empresas y sindicatos aborden este tema mediante\u00a0 la negociaci\u00f3n colectiva.<\/p><p>\u00abLas organizaciones sindicales son fundamentales para vigilar el cumplimiento de normas laborales. Que esta sea la oportunidad para recordar que Colombia sigue atr\u00e1s en materia de reducci\u00f3n de la jornada laboral\u00bb, asever\u00f3.<\/p><h5><strong>\u00bfCu\u00e1nto podr\u00eda costarle a una empresa no acatar esta norma?<\/strong><\/h5><p>El viceministro fue enf\u00e1tico en explicar que las empresas que siguen sin cumplir las disminuciones graduales de la jornada laboral pueden acarrear problemas mayores como lo son investigaciones y sanciones monetarias.<\/p><p>\u00abSi las empresas se niegan a aplicar esta norma que es de obligatorio cumplimiento y de orden p\u00fablico se ver\u00e1n sometidas a investigaciones y sanciones de hasta 5.000 salarios m\u00ednimos legales vigentes\u00bb.<\/p><p>Seg\u00fan Palma, deber\u00eda contemplarse la opci\u00f3n de reducir la jornada laboral a menos de 42 horas, teniendo en cuenta que otros pa\u00edses como Espa\u00f1a est\u00e1n dialogando la posibilidad de trabajar 38 horas semanales.<\/p><p>\u00abLa reducci\u00f3n de la jornada de trabajo es un tema en materia de negociaci\u00f3n colectiva, no solamente poderla anticipar o poderla llevar a menos de 42 horas, sino en la forma en c\u00f3mo se implementa esta ley, eso tambi\u00e9n puede ser objeto de negociaci\u00f3n colectiva\u00bb, concluy\u00f3.<\/p><p>Recuerde que, seg\u00fan establece la Ley 2101 de Julio de 2021, la disminuci\u00f3n de la jornada laboral ordinaria podr\u00e1 ser implementada de una manera gradual por el empleador, de la siguiente manera:<\/p><p>Transcurridos dos a\u00f1os a partir de la entrada en vigencia de la ley se reducir\u00e1 una hora de la jornada laboral semanal, quedando en 47 horas semanales.<\/p><p>Pasados tres a\u00f1os de la entrada en vigencia de la ley, se reducir\u00e1 otra hora de la jornada laboral semanal, quedando en 46 horas semanales.<\/p><p>A partir del cuarto a\u00f1o de la entrada en vigencia de la ley se reducir\u00e1n dos horas cada a\u00f1o hasta llegar a las 42 horas semanales, conforme a lo establecido en el art\u00edculo 2 de la presente ley.<\/p><p><strong>Fuente: <a href=\"https:\/\/www.eltiempo.com\/\" target=\"_blank\" rel=\"noopener\">El Tiempo<\/a><\/strong><\/p><p>\u00a0<\/p>\t\t\t\t\t\t\t\t<\/div>\n\t\t\t\t\t<\/div>\n\t\t\t\t<\/div>\n\t\t\t\t<\/div>","protected":false},"excerpt":{"rendered":"<p>Esta es la cantidad de dinero que una empresa tendr\u00eda que pagar por la no implementaci\u00f3n de la reducci\u00f3n de la jornada laboral. El viceministro Edwin Palma hizo un llamado a la negociaci\u00f3n colectiva. Este 16 de julio comenz\u00f3 a regir en Colombia la segunda fase de la\u00a0reducci\u00f3n de la jornada laboral\u00a0estableciendo un l\u00edmite de [&hellip;]<\/p>","protected":false},"author":4,"featured_media":32660,"comment_status":"open","ping_status":"open","sticky":false,"template":"","format":"standard","meta":{"_joinchat":[],"footnotes":""},"categories":[27,36,34],"tags":[],"class_list":["post-32659","post","type-post","status-publish","format-standard","has-post-thumbnail","hentry","category-noticias-acl","category-contabilidad","category-laboral"],"_links":{"self":[{"href":"https:\/\/aclco.co\/en\/wp-json\/wp\/v2\/posts\/32659","targetHints":{"allow":["GET"]}}],"collection":[{"href":"https:\/\/aclco.co\/en\/wp-json\/wp\/v2\/posts"}],"about":[{"href":"https:\/\/aclco.co\/en\/wp-json\/wp\/v2\/types\/post"}],"author":[{"embeddable":true,"href":"https:\/\/aclco.co\/en\/wp-json\/wp\/v2\/users\/4"}],"replies":[{"embeddable":true,"href":"https:\/\/aclco.co\/en\/wp-json\/wp\/v2\/comments?post=32659"}],"version-history":[{"count":4,"href":"https:\/\/aclco.co\/en\/wp-json\/wp\/v2\/posts\/32659\/revisions"}],"predecessor-version":[{"id":32665,"href":"https:\/\/aclco.co\/en\/wp-json\/wp\/v2\/posts\/32659\/revisions\/32665"}],"wp:featuredmedia":[{"embeddable":true,"href":"https:\/\/aclco.co\/en\/wp-json\/wp\/v2\/media\/32660"}],"wp:attachment":[{"href":"https:\/\/aclco.co\/en\/wp-json\/wp\/v2\/media?parent=32659"}],"wp:term":[{"taxonomy":"category","embeddable":true,"href":"https:\/\/aclco.co\/en\/wp-json\/wp\/v2\/categories?post=32659"},{"taxonomy":"post_tag","embeddable":true,"href":"https:\/\/aclco.co\/en\/wp-json\/wp\/v2\/tags?post=32659"}],"curies":[{"name":"wp","href":"https:\/\/api.w.org\/{rel}","templated":true}]}}