{"id":32687,"date":"2024-07-24T12:12:09","date_gmt":"2024-07-24T17:12:09","guid":{"rendered":"https:\/\/darkgoldenrod-ibex-179495.hostingersite.com\/?p=32687"},"modified":"2024-07-24T12:49:12","modified_gmt":"2024-07-24T17:49:12","slug":"objecion-al-regreso-de-los-dias-sin-iva-desato-opiniones","status":"publish","type":"post","link":"https:\/\/aclco.co\/en\/objecion-al-regreso-de-los-dias-sin-iva-desato-opiniones\/","title":{"rendered":"Objeci\u00f3n al regreso de los \u2018D\u00edas sin IVA\u2019 desat\u00f3 opiniones encontradas"},"content":{"rendered":"<div data-elementor-type=\"wp-post\" data-elementor-id=\"32687\" class=\"elementor elementor-32687\" data-elementor-post-type=\"post\">\n\t\t\t\t<div class=\"elementor-element elementor-element-4fb1ef3 e-flex e-con-boxed e-con e-parent\" data-id=\"4fb1ef3\" data-element_type=\"container\" data-e-type=\"container\">\n\t\t\t\t\t<div class=\"e-con-inner\">\n\t\t\t\t<div class=\"elementor-element elementor-element-e2d721e elementor-widget elementor-widget-text-editor\" data-id=\"e2d721e\" data-element_type=\"widget\" data-e-type=\"widget\" data-widget_type=\"text-editor.default\">\n\t\t\t\t\t\t\t\t\t<h5>El Gobierno se rehus\u00f3 a sancionar esta ley, entre otras cosas, por no tener aval fiscal.<\/h5><p>Una de las jornadas que muchos colombianos extra\u00f1an, sin duda alguna, es la de los <a href=\"https:\/\/darkgoldenrod-ibex-179495.hostingersite.com\/dia-sin-iva-asi-funcionara-tras-su-aprobacion\/\" target=\"_blank\" rel=\"noopener\">\u2018D\u00edas sin IVA\u2019<\/a> que nacieron como una respuesta para hacer frente a la ca\u00edda en el consumo que se dio durante la pandemia y que fueron retirados en este Gobierno bajo el argumento de que no generar mayor aporte al crecimiento econ\u00f3mico,\u00a0pero s\u00ed una fuerte carga fiscal a las cuentas de la Naci\u00f3n que no pasan por un buen momento.<\/p><p>Desde el Congreso de la Rep\u00fablica se gener\u00f3 un proyecto de ley para que estos d\u00edas regresen y tras surtir todo el tr\u00e1mite que obligan las normas, se aprob\u00f3 y fue presentado al presidente Gustavo petro para su sanci\u00f3n, quien esta semana\u00a0anunci\u00f3 que no dar\u00e1 su aval para que se convierta en ley y present\u00f3 sus objeciones al poder legislativo.<\/p><p>En un documento elaborado por el Ministerio de Hacienda y firmado por el presidente Gustavo Petro se advierte que durante el paso de este proyecto por el Congreso, no se tomaron en cuenta los comentarios del Gobierno sobre los impactos fiscales que conllevar\u00e1 adoptar esta medida, adem\u00e1s de que no cuenta con un plan para cubrir las p\u00e9rdidas que generar\u00e1 la exoneraci\u00f3n a las cuentas nacionales.<\/p><div id=\"p609473-m2229-6-2230\" class=\"highlighted\"><h5 id=\"m2234-2233-2235\" class=\"tiemposBold3\"><strong>Opiniones encontradas<\/strong><\/h5><\/div><p id=\"p609473-m2241-7-2242\" class=\"parrafo\">Tan pronto como se conoci\u00f3 esta noticia, un fuerte debate\u00a0se gener\u00f3 en el pa\u00eds protagonizado por quienes sostienen que los \u2018D\u00edas sin IVA\u2019 no pod\u00edan regresar y los que aseguran que la objeci\u00f3n de la sanci\u00f3n de la ley terminar\u00e1 en una p\u00e9rdida de productividad para la industria y el comercio, que en este momento no la pasan bien y requer\u00edan de esta ayuda para recomponer el camino.<\/p><p id=\"p609473-m2253-9-2254\" class=\"parrafo\">En primer lugar, el profesor de la Universidad Javeriana, Jorge Restrepo, sostuvo que lo hecho por el Gobierno es una buena decisi\u00f3n, ya que \u201chay que reducir todo gasto tributario, evitar nuevos como este del \u00abD\u00eda sin IVA\u00bb y m\u00e1s a\u00fan en este momento de d\u00e9bil actividad econ\u00f3mica\u201d.<\/p><p id=\"p609473-m2259-10-2260\" class=\"parrafo\">Muy similar opina el exministro de Hacienda, Juan Camilo Restrepo, quien se\u00f1ala que estas jornadas tienen un alto costo fiscal para el pa\u00eds y a la larga terminan beneficiando principalmente a productos importados,\u00a0haciendo a un lado a la industria local, que en este momento es la que requiere especial atenci\u00f3n.<\/p><p id=\"p609473-m2291-12-2292\" class=\"parrafo\">\u201cEl anuncio del presidente Petro de que objetar\u00e1 la ley que reviv\u00eda los \u2018D\u00edas sin IVA\u2019 es de las pocas decisiones sensatas que se le han visto a este Gobierno. Revivirlos, en un momento en el que, seg\u00fan informe de la Contralor\u00eda, los recaudos fiscales est\u00e1n desplomados y en un nivel inferior al de antes de la pandemia no pasa de ser un sin sentido\u201d.<\/p><p id=\"p609473-m2297-13-2298\" class=\"parrafo\">Esta celebraci\u00f3n tambi\u00e9n se dio en el Congreso, donde sectores cercanos\u00a0al Gobierno, manifestaron que haber dado aval a esta norma, adem\u00e1s de ser una idea \u201cpopulista\u201d, le iba a terminar generando una severa afectaci\u00f3n a la econom\u00eda del pa\u00eds, especialmente desde sectores como el recaudo tributario.<\/p><p id=\"p609473-m2303-14-2304\" class=\"parrafo\">Mar\u00eda del Mar Pizarro, representante a la C\u00e1mara, record\u00f3 que \u201cen 2023 el impacto fue de al menos $631.000 millones, seg\u00fan el Ministerio de Hacienda. Un poco m\u00e1s de lo que nos cuestan los 150 Puntos de Abastecimiento Solidario del Programa Hambre Cero. Adem\u00e1s no aumenta el consumo, s\u00f3lo cambia su temporalidad, pues ese d\u00eda compramos lo que comprar\u00edamos en otras fechas, como Navidad\u201d.<\/p><div id=\"p609473-m2315-16-2316\" class=\"highlighted\"><h5 id=\"m2320-2319-2321\" class=\"tiemposBold3\"><strong>Doble moral<\/strong><\/h5><\/div><p id=\"p609473-m2327-17-2328\" class=\"parrafo\">Si bien hubo quienes celebraron que se objetara el regreso de los \u2018D\u00edas sin IVA\u2019, desde otros sectores se lanzaron serias cr\u00edticas al presidente Gustavo Petro y al Ministerio de Hacienda, a quienes culparon de que con esto no se de el impulso que la econom\u00eda\u00a0tanto necesita en medio de la desaceleraci\u00f3n que enfrenta.<\/p><p id=\"p609473-m2359-19-2360\" class=\"parrafo\">Lisandro Junco, exdirector de la Dian, sostuvo que los d\u00edas sin IVA fueron una idea estrat\u00e9gica para la reactivaci\u00f3n de la econom\u00eda colombiana, generando bienestar para quienes pudieran acceder a ciertos productos como electrodom\u00e9sticos o enseres necesarios, que normalmente no hubiesen podido comprar.<\/p><p id=\"p609473-m2365-20-2366\" class=\"parrafo\">\u201cTuvieron un impacto fiscal, por cada d\u00eda, de $150.000 millones, es decir,\u00a0en tres d\u00edas $450.000 millones y en los tres a\u00f1os cerca de $1,5 billones. Sin embargo, eso se neutraliz\u00f3 con el recaudo de otros \u00f3rganos impuestos, como la retenci\u00f3n en la fuente por los nuevos ingresos que tenemos los comerciantes, los industriales y los importadores\u201d, explic\u00f3.<\/p><p>Este experto record\u00f3 que \u201cel crecimiento en el impuesto de renta, sumado a las compras que se hac\u00edan con tarjeta de d\u00e9bito y tarjeta cr\u00e9dito, que generaban un mayor 4 por 1.000 y ni qu\u00e9 hablar de los impuestos municipales como el impuesto de industria y comercio, que gener\u00f3 un crecimiento importante en estas jornadas\u201d, tambi\u00e9n compensaban, con lo cual era m\u00e1s grande el beneficio que las p\u00e9rdidas.\u00a0<\/p><p id=\"p609473-m2389-24-2390\" class=\"parrafo\">As\u00ed mismo, para Miguel Uribe, congresista que apoy\u00f3 la iniciativa, la objeci\u00f3n del Gobierno deja claro la \u201cdoble moral\u201d con la que llevan las riendas del pa\u00eds, ya que mientras promovi\u00f3 proyectos sin aval o conceptos fiscales en pasadas legislaturas,\u00a0ahora sostienen que necesitan este requisito para una ley que ya se aprob\u00f3 en el Congreso.<\/p><p id=\"p609473-m2395-25-2396\" class=\"parrafo\">\u201cEste proyecto no requiere aval fiscal porque es una decisi\u00f3n opcional y a discreci\u00f3n del Ejecutivo. Pero no solo eso, en los d\u00edas sin IVA del 2020, 2021 y 2022 qued\u00f3 claro que existi\u00f3 un aumento en el recaudo generado por otros impuestos. Quitarle la posibilidad al comercio de reactivarse, cuando lleva meses en ca\u00edda y a los colombianos la opci\u00f3n de comprar productos que de otra forma no podr\u00edan, es una canallada, por decir lo menos\u201d, concluy\u00f3.<\/p><p id=\"p609473-m2401-26-2402\" class=\"parrafo\">Desde la oposici\u00f3n se advirti\u00f3 que ya hay un camino surtido que har\u00e1n respetar y que sin importar que la Casa de Nari\u00f1o quiera o no, llevar\u00e1n\u00a0este caso a todas las instancias necesarias para garantizar que las cosas se hagan como es debido.<\/p><p><strong>Fuente: <a href=\"https:\/\/www.portafolio.co\/\" target=\"_blank\" rel=\"noopener\">Portafolio<\/a><\/strong><\/p><div id=\"newsContent\"><div id=\"ctl00_PlaceHolderMain_ctl06__ControlWrapper_RichHtmlField\" class=\"ms-rtestate-field\" aria-labelledby=\"ctl00_PlaceHolderMain_ctl06_label\"><p>\u00a0<\/p><\/div><\/div>\t\t\t\t\t\t\t\t<\/div>\n\t\t\t\t\t<\/div>\n\t\t\t\t<\/div>\n\t\t\t\t<\/div>","protected":false},"excerpt":{"rendered":"<p>El Gobierno se rehus\u00f3 a sancionar esta ley, entre otras cosas, por no tener aval fiscal. Una de las jornadas que muchos colombianos extra\u00f1an, sin duda alguna, es la de los \u2018D\u00edas sin IVA\u2019 que nacieron como una respuesta para hacer frente a la ca\u00edda en el consumo que se dio durante la pandemia y [&hellip;]<\/p>","protected":false},"author":4,"featured_media":32688,"comment_status":"open","ping_status":"open","sticky":false,"template":"","format":"standard","meta":{"_joinchat":[],"footnotes":""},"categories":[27,36,29],"tags":[],"class_list":["post-32687","post","type-post","status-publish","format-standard","has-post-thumbnail","hentry","category-noticias-acl","category-contabilidad","category-tributario"],"_links":{"self":[{"href":"https:\/\/aclco.co\/en\/wp-json\/wp\/v2\/posts\/32687","targetHints":{"allow":["GET"]}}],"collection":[{"href":"https:\/\/aclco.co\/en\/wp-json\/wp\/v2\/posts"}],"about":[{"href":"https:\/\/aclco.co\/en\/wp-json\/wp\/v2\/types\/post"}],"author":[{"embeddable":true,"href":"https:\/\/aclco.co\/en\/wp-json\/wp\/v2\/users\/4"}],"replies":[{"embeddable":true,"href":"https:\/\/aclco.co\/en\/wp-json\/wp\/v2\/comments?post=32687"}],"version-history":[{"count":4,"href":"https:\/\/aclco.co\/en\/wp-json\/wp\/v2\/posts\/32687\/revisions"}],"predecessor-version":[{"id":32693,"href":"https:\/\/aclco.co\/en\/wp-json\/wp\/v2\/posts\/32687\/revisions\/32693"}],"wp:featuredmedia":[{"embeddable":true,"href":"https:\/\/aclco.co\/en\/wp-json\/wp\/v2\/media\/32688"}],"wp:attachment":[{"href":"https:\/\/aclco.co\/en\/wp-json\/wp\/v2\/media?parent=32687"}],"wp:term":[{"taxonomy":"category","embeddable":true,"href":"https:\/\/aclco.co\/en\/wp-json\/wp\/v2\/categories?post=32687"},{"taxonomy":"post_tag","embeddable":true,"href":"https:\/\/aclco.co\/en\/wp-json\/wp\/v2\/tags?post=32687"}],"curies":[{"name":"wp","href":"https:\/\/api.w.org\/{rel}","templated":true}]}}