{"id":32701,"date":"2024-07-26T16:06:15","date_gmt":"2024-07-26T21:06:15","guid":{"rendered":"https:\/\/darkgoldenrod-ibex-179495.hostingersite.com\/?p=32701"},"modified":"2024-07-26T16:11:25","modified_gmt":"2024-07-26T21:11:25","slug":"reforma-pensional-generara-una-reduccion-drastica-de-los","status":"publish","type":"post","link":"https:\/\/aclco.co\/en\/reforma-pensional-generara-una-reduccion-drastica-de-los\/","title":{"rendered":"Reforma pensional generar\u00e1 una reducci\u00f3n dr\u00e1stica de los fondos privados, dice Moody\u2019s"},"content":{"rendered":"<div data-elementor-type=\"wp-post\" data-elementor-id=\"32701\" class=\"elementor elementor-32701\" data-elementor-post-type=\"post\">\n\t\t\t\t<div class=\"elementor-element elementor-element-4fb1ef3 e-flex e-con-boxed e-con e-parent\" data-id=\"4fb1ef3\" data-element_type=\"container\" data-e-type=\"container\">\n\t\t\t\t\t<div class=\"e-con-inner\">\n\t\t\t\t<div class=\"elementor-element elementor-element-e2d721e elementor-widget elementor-widget-text-editor\" data-id=\"e2d721e\" data-element_type=\"widget\" data-e-type=\"widget\" data-widget_type=\"text-editor.default\">\n\t\t\t\t\t\t\t\t\t<div class=\"article-top container_col\"><h5 id=\"p609680-m513-1-514\" class=\"epigraph regular_lead1\"><strong>De acuerdo con esta agencia, el cambio que se viene podr\u00eda influir en sus calificaciones de riesgo.<\/strong><\/h5><p>A la espera de que entre en vigencia la <a href=\"https:\/\/darkgoldenrod-ibex-179495.hostingersite.com\/reforma-pensional-gobierno-presentaria-proyecto-para\/\" target=\"_blank\" rel=\"noopener\">reforma pensional<\/a> y se definan el futuro de esta norma en las altas cortes, siguen llegando alertas respecto a los efectos que generar\u00e1 esta ley en el sistema pensional, que dejar\u00e1n como las principales afectadas\u00a0a las Administradoras Privadas de Fondos de Pensiones (AFP), puesto que el nuevo modelo ser\u00e1 mayoritariamente estatal.<\/p><p>As\u00ed se advierte en un reciente informe de la agencia Moody\u2019s, seg\u00fan el cual, estos fondos privados sufrir\u00e1n una dr\u00e1stica reducci\u00f3n el pr\u00f3ximo a\u00f1o, situaci\u00f3n que podr\u00eda afectar tambi\u00e9n sus calificaciones de riesgo en el mercado de inversiones y desde ya pone sobre la mesa la necesidad de que se reinvente.<\/p><p id=\"p609680-m549-5-550\" class=\"parrafo\">En la revisi\u00f3n del estado actual del sistema pensional, el an\u00e1lisis arranca recordando que la nueva ley, que entra en vigor en julio de 2025, requiere que las personas que ganen hasta 2,3 veces el salario m\u00ednimo dirijan\u00a0su contribuci\u00f3n de pensi\u00f3n al gestor de pensiones p\u00fablico administrado por el gobierno, Colpensiones.<\/p><p id=\"p609680-m555-6-556\" class=\"parrafo\">\u201cAquellas personas tendr\u00edan la opci\u00f3n de utilizar un fondo de pensi\u00f3n privado para el monto que exceda el umbral de 2,3 veces. Bajo estos t\u00e9rminos, alrededor del 80% de la poblaci\u00f3n en edad de trabajar de Colombia tendr\u00eda una pensi\u00f3n \u00fanicamente con Colpensiones\u201d, explic\u00f3.<\/p><p id=\"p609680-m561-7-562\" class=\"parrafo\">Teniendo en cuenta esto, resalta que los fondos privados administran\u00a0actualmente cerca de $424 billones en pensiones y prestan sus servicios a cerca del 74% de los pensionados de la Naci\u00f3n, mientras que Colpensiones serv\u00eda al 25% restante. Este esquema, seg\u00fan Moody\u2019s, es el que cambiar\u00e1 principalmente y dejar\u00e1 en un escenario desfavorable a las AFP, que deber\u00e1n reinventarse.<\/p><p id=\"p609680-m567-8-568\" class=\"parrafo\">\u201cAunque el plan puede ser socialmente positivo, la reforma es negativa para la calificaci\u00f3n crediticia de los gestores de pensiones privados, cuyo mercado potencial se reducir\u00e1 dr\u00e1sticamente. Los gestores de pensiones privados, como Sura Asset Management (SUAM, Baa1 negativo), el mayor gestor de activos en Colombia, deber\u00e1n ajustar sus negocios al nuevo alcance reducido del mercado\u00a0de pensiones privadas y aumentar su enfoque en el negocio general de gesti\u00f3n de activos\u201d, dice el reporte.<\/p><p>Para Moody\u2019s, en caso de que estos cambios no se realicen de la mejor manera, el futuro de las AFP se pondr\u00eda en riesgo y en este sentido plantea que hay varios enfoques en los que pueden empezar a trabajar para garantizar su permanencia en el mercado.<\/p><div id=\"p609680-m611-12-612\" class=\"highlighted\"><h2 id=\"m616-615-617\" class=\"tiemposBold3\">Cambios sociales<\/h2><\/div><p id=\"p609680-m623-13-624\" class=\"parrafo\">Este informe tambi\u00e9n dice que en t\u00e9rminos sociales, la nueva norma garantizar\u00e1\u00a0que todas las personas en edad de jubilaci\u00f3n reciban un salario m\u00ednimo de $223.000 por mes, con lo cual esperan que se fortalezca la lucha contra la pobreza, ya que actualmente apenas uno de cada cuatro colombianos logra pensionarse.<\/p><p id=\"p609680-m629-14-630\" class=\"parrafo\">\u201cLa reforma estipula que los hombres que hayan contribuido con 900 semanas (alrededor de 17,3 a\u00f1os) y las mujeres que hayan contribuido con 750 semanas (alrededor de 14,4 a\u00f1os) permanecer\u00e1n en su lugar\u201d, dice el an\u00e1lisis.<\/p><p id=\"p609680-m635-15-636\" class=\"parrafo\">No obstante, recuerda que \u201cno habr\u00e1 transferencia de activos bajo administraci\u00f3n; los fondos actuales de los empleados con ingresos por debajo del umbral de 2,3 veces\u00a0el ingreso m\u00ednimo que est\u00e1n en los gestores de pensiones privados (AFP) no se transferir\u00e1n a Colpensiones\u201d.<\/p><p id=\"p609680-m647-17-648\" class=\"parrafo\">\u201cLas AFP no perder\u00e1n activos bajo administraci\u00f3n y tambi\u00e9n se les permitir\u00e1 cobrar una tarifa de administraci\u00f3n de hasta el 0,7% del dinero a su cargo, protegiendo su rentabilidad a mediano plazo. Para aquellos con salarios por encima del umbral de 2,3 veces, la tarifa m\u00ednima de las AFP para nuevos flujos de contribuci\u00f3n ser\u00e1 del 0,8%, en comparaci\u00f3n con el 3,0% actual\u201d, resalt\u00f3.<\/p><p id=\"p609680-m653-18-654\" class=\"parrafo\">En otros detalles sobre los cambios que vendr\u00e1n con la reforma pensional el otro a\u00f1o,\u00a0Moody\u2019s agrega que se mantiene la contribuci\u00f3n de pensi\u00f3n de un empleado en el 16% de su ingreso mensual, con el empleador contribuyendo el 75% y el empleado contribuyendo el 25% restante del total de la contribuci\u00f3n.<\/p><p id=\"p609680-m685-20-686\" class=\"parrafo\">\u201cLa reforma tambi\u00e9n indica que el Banco de la Rep\u00fablica, el Banco Central de Colombia, ser\u00e1 responsable de la gesti\u00f3n de los nuevos fondos de ahorro p\u00fablicos y definir\u00e1 sus par\u00e1metros de inversi\u00f3n. Dependiendo de c\u00f3mo el Banco de la Rep\u00fablica asigne estos fondos, la asignaci\u00f3n de activos a largo plazo podr\u00eda volverse menos din\u00e1mica\u201d, concluy\u00f3.<\/p><p id=\"p609680-m691-21-692\" class=\"parrafo\">Por \u00faltimo cuenta que de los m\u00e1s de $420 billones administrados por los fondos de pensiones privados actualmente, aproximadamente el 8% se invirti\u00f3 en notas y dep\u00f3sitos bancarios, as\u00ed como en deuda de instituciones financieras,\u00a0lo cual para ellos marca un camino efectivo para avanzar en el nuevo sistema.<\/p><p><strong>Fuente: <a href=\"https:\/\/www.portafolio.co\/\" target=\"_blank\" rel=\"noopener\">Portafolio<\/a><\/strong><\/p><\/div>\t\t\t\t\t\t\t\t<\/div>\n\t\t\t\t\t<\/div>\n\t\t\t\t<\/div>\n\t\t\t\t<\/div>","protected":false},"excerpt":{"rendered":"<p>De acuerdo con esta agencia, el cambio que se viene podr\u00eda influir en sus calificaciones de riesgo. A la espera de que entre en vigencia la reforma pensional y se definan el futuro de esta norma en las altas cortes, siguen llegando alertas respecto a los efectos que generar\u00e1 esta ley en el sistema pensional, [&hellip;]<\/p>","protected":false},"author":4,"featured_media":32702,"comment_status":"open","ping_status":"open","sticky":false,"template":"","format":"standard","meta":{"_joinchat":[],"footnotes":""},"categories":[27,36,34],"tags":[],"class_list":["post-32701","post","type-post","status-publish","format-standard","has-post-thumbnail","hentry","category-noticias-acl","category-contabilidad","category-laboral"],"_links":{"self":[{"href":"https:\/\/aclco.co\/en\/wp-json\/wp\/v2\/posts\/32701","targetHints":{"allow":["GET"]}}],"collection":[{"href":"https:\/\/aclco.co\/en\/wp-json\/wp\/v2\/posts"}],"about":[{"href":"https:\/\/aclco.co\/en\/wp-json\/wp\/v2\/types\/post"}],"author":[{"embeddable":true,"href":"https:\/\/aclco.co\/en\/wp-json\/wp\/v2\/users\/4"}],"replies":[{"embeddable":true,"href":"https:\/\/aclco.co\/en\/wp-json\/wp\/v2\/comments?post=32701"}],"version-history":[{"count":4,"href":"https:\/\/aclco.co\/en\/wp-json\/wp\/v2\/posts\/32701\/revisions"}],"predecessor-version":[{"id":32706,"href":"https:\/\/aclco.co\/en\/wp-json\/wp\/v2\/posts\/32701\/revisions\/32706"}],"wp:featuredmedia":[{"embeddable":true,"href":"https:\/\/aclco.co\/en\/wp-json\/wp\/v2\/media\/32702"}],"wp:attachment":[{"href":"https:\/\/aclco.co\/en\/wp-json\/wp\/v2\/media?parent=32701"}],"wp:term":[{"taxonomy":"category","embeddable":true,"href":"https:\/\/aclco.co\/en\/wp-json\/wp\/v2\/categories?post=32701"},{"taxonomy":"post_tag","embeddable":true,"href":"https:\/\/aclco.co\/en\/wp-json\/wp\/v2\/tags?post=32701"}],"curies":[{"name":"wp","href":"https:\/\/api.w.org\/{rel}","templated":true}]}}